{"id":99211,"date":"2013-10-08T16:05:11","date_gmt":"2013-10-08T16:05:11","guid":{"rendered":"http:\/\/diariodominicano.ddns.net\/?p=99211"},"modified":"2013-10-08T16:05:11","modified_gmt":"2013-10-08T16:05:11","slug":"alcaldes-reclaman-ante-el-cn-se-asigne-una-partida-de-rd1000-mm-para-2014","status":"publish","type":"post","link":"https:\/\/diariodominicano.com\/?p=99211","title":{"rendered":"Alcaldes reclaman ante el CN se asigne una partida de RD$1000 MM para 2014"},"content":{"rendered":"<p><body><\/p>\n<p><img decoding=\"async\" src=\"img3\/alcalde 8.jpg\" \/><br \/><img decoding=\"async\" src=\"img3\/alcalde 8.jpg\" \/>  <\/p>\n<p>Santo Domingo RD 8 octubre.- Un grupo de miembros de la Federaci\u00f3n Dominicana de Distritos Municipales (FEDODIM) reclam\u00f3 este martes frente al Congreso Nacional  que a los Distritos Municipales se les asigne mil millones de pesos  en el presupuesto del a\u00f1o 2014.<\/p>\n<\/p>\n<p>Tambi\u00e9n demandaron que la distribuci\u00f3n de los fondos en los gobiernos locales se haga tomando como base los datos arrojados por el Censo Nacional de Poblaci\u00f3n y Vivienda realizado en el a\u00f1o 2010.<\/p>\n<\/p>\n<p>De igual manera, exigieron la aprobaci\u00f3n de las leyes de Ordenamiento y Desarrollo Territorial y la ley Org\u00e1nica de la Administraci\u00f3n Local, seg\u00fan el mandato constitucional.<\/p>\n<\/p>\n<p>El presidente de FEDODIM Andr\u00e9s Julio Ricardo y el  director ejecutivo, Pedro Richardson, quienes fungieron como voceros de los manifestantes expresaron que en los \u00faltimos seis a\u00f1os esa entidad ha dejado de recibir unos 89 mil millones de pesos por no destinarse el 10 por ciento del Presupuesto General del Estado a los ayuntamientos.<\/p>\n<\/p>\n<p>A\u00f1adieron que los reclusos que demandan pueden tomarse del incremento realizado al fondo de contingencia del Ministerio de Econom\u00eda, Planificaci\u00f3n y Desarrollo (MEPYD) contemplado  en la propuesta de presupuesto enviado al Congreso Nacional.<\/p>\n<\/p>\n<p>La  comisi\u00f3n de alcaldes de Distrito Municipales  fue recibida por el senador, Rafael Calder\u00f3n, quien se comprometi\u00f3 a canalizar dicha de manda ante la comisi\u00f3n bicameral, preside el senador Dionis S\u00e1nchez, y de la cual \u00e9l es miembro.<\/p>\n<\/p>\n<h6> 2013-10-08 16:05:11 <\/h6>\n<p><!--\n<link rel=\"stylesheet\" href=\"css\/bootstrap.min.css\">\n\n\n<ul class=\"pagination\">\n\t    \n\t\n\n<li >\n\t<a href='?page_no=14691'>Previous<\/a>\n\t<\/li>\n\n\n       \n    \n\n<li><a href='?page_no=1'>1<\/a><\/li>\n\n\n\n<li><a href='?page_no=2'>2<\/a><\/li>\n\n\n\n<li><a>...<\/a><\/li>\n\n\n\n<li><a href='?page_no=14690'>14690<\/a><\/li>\n\n\n\n<li><a href='?page_no=14691'>14691<\/a><\/li>\n\n\n\n<li class='active'><a>14692<\/a><\/li>\n\n\n\n<li><a href='?page_no=14693'>14693<\/a><\/li>\n\n\n\n<li><a href='?page_no=14694'>14694<\/a><\/li>\n\n\n\n<li><a>...<\/a><\/li>\n\n\n\n<li><a href='?page_no=30472'>30472<\/a><\/li>\n\n\n\n<li><a href='?page_no=30473'>30473<\/a><\/li>\n\n    \n\t\n\n<li >\n\t<a href='?page_no=14693'>Next<\/a>\n\t<\/li>\n\n\n    \n\n<li><a href='?page_no=30473'>Last &rsaquo;&rsaquo;<\/a><\/li>\n\n<\/ul>\n\n\n--><br \/>\n<\/body><\/p>\n","protected":false},"excerpt":{"rendered":"<p>Santo Domingo RD 8 octubre.- Un grupo de miembros de la Federaci\u00f3n Dominicana de Distritos Municipales (FEDODIM) reclam\u00f3 este martes frente al Congreso Nacional que a los Distritos Municipales se les asigne mil millones de pesos en el presupuesto del a\u00f1o 2014. Tambi\u00e9n demandaron que la distribuci\u00f3n de los fondos en los gobiernos locales se [&hellip;]<\/p>\n","protected":false},"author":3,"featured_media":0,"comment_status":"open","ping_status":"open","sticky":false,"template":"","format":"standard","meta":{"footnotes":""},"categories":[18],"tags":[],"class_list":["post-99211","post","type-post","status-publish","format-standard","hentry","category-economia"],"_links":{"self":[{"href":"https:\/\/diariodominicano.com\/index.php?rest_route=\/wp\/v2\/posts\/99211","targetHints":{"allow":["GET"]}}],"collection":[{"href":"https:\/\/diariodominicano.com\/index.php?rest_route=\/wp\/v2\/posts"}],"about":[{"href":"https:\/\/diariodominicano.com\/index.php?rest_route=\/wp\/v2\/types\/post"}],"author":[{"embeddable":true,"href":"https:\/\/diariodominicano.com\/index.php?rest_route=\/wp\/v2\/users\/3"}],"replies":[{"embeddable":true,"href":"https:\/\/diariodominicano.com\/index.php?rest_route=%2Fwp%2Fv2%2Fcomments&post=99211"}],"version-history":[{"count":0,"href":"https:\/\/diariodominicano.com\/index.php?rest_route=\/wp\/v2\/posts\/99211\/revisions"}],"wp:attachment":[{"href":"https:\/\/diariodominicano.com\/index.php?rest_route=%2Fwp%2Fv2%2Fmedia&parent=99211"}],"wp:term":[{"taxonomy":"category","embeddable":true,"href":"https:\/\/diariodominicano.com\/index.php?rest_route=%2Fwp%2Fv2%2Fcategories&post=99211"},{"taxonomy":"post_tag","embeddable":true,"href":"https:\/\/diariodominicano.com\/index.php?rest_route=%2Fwp%2Fv2%2Ftags&post=99211"}],"curies":[{"name":"wp","href":"https:\/\/api.w.org\/{rel}","templated":true}]}}