{"id":99210,"date":"2013-10-08T17:46:34","date_gmt":"2013-10-08T17:46:34","guid":{"rendered":"http:\/\/diariodominicano.ddns.net\/?p=99210"},"modified":"2013-10-08T17:46:34","modified_gmt":"2013-10-08T17:46:34","slug":"reyes-justifica-proyecto-presupuesto-2014","status":"publish","type":"post","link":"https:\/\/diariodominicano.com\/?p=99210","title":{"rendered":"&#13;&#13;Reyes justifica proyecto Presupuesto 2014 &#13;"},"content":{"rendered":"<p><body><\/p>\n<\/p>\n<p><span class=\"text1noticias\">Santo Domingo, RD, 8 de octubre.- El director general de Presupuesto declar\u00f3 que en el proyecto de presupuesto de 2014 el gobierno est\u00e1 obligado a ser prudente en el gasto y en mantener el equilibrio macroecon\u00f3mico, por lo que ante las \u00abjustas demandas\u00bb de distintos sectores, s\u00f3lo podr\u00e1 continuar los programas sociales que priorizan a la gente.<\/span><\/p>\n<\/p>\n<p><span class=\"text1noticias\">Luis Reyes, vice ministro de Hacienda, explic\u00f3 que para hacer sostenible la deuda se estableci\u00f3 en el proyecto de presupuesto un d\u00e9ficit p\u00fablico de 2.8% como techo para ir eventualmente hacia una mayor reducci\u00f3n.<\/span><\/p>\n<\/p>\n<p><span class=\"text1noticias\">\u00abEse es el desaf\u00edo del gobierno en t\u00e9rminos de gesti\u00f3n de las cuentas fiscales y comparto la preocupaci\u00f3n (de economistas independientes) al ver que para el a\u00f1o que viene el pago de intereses de la deuda ser\u00e1 de RD$71 mil millones, un 500% mayor a los intereses pagados hace diez a\u00f1os\u00bb, contrast\u00f3.<\/span><\/p>\n<\/p>\n<p><span class=\"text1noticias\">Entrevistado por Manuel Jim\u00e9nez y Felipe Ciprian en Propuesta de la Noche por Digital 15, el funcionario aclar\u00f3 que ah\u00ed no est\u00e1 considerado el pago de intereses de la deuda del Banco Central de 0.7% del PIB, en lugar del 1.2%, como dispone la Ley de Recapitalizaci\u00f3n.<\/span><\/p>\n<\/p>\n<p><span class=\"text1noticias\">Reyes dijo que en ese contexto es que en el proyecto de presupuesto se enfatizan los niveles de endeudamiento que obligar\u00e1n al pa\u00eds a acudir el nuevo a\u00f1o a los mercados financieros internacionales.<\/span><\/p>\n<\/p>\n<p><span class=\"text1noticias\">\u00abUn nivel de financiamiento bruto de RD$189 mil millones, poco m\u00e1s de US$4 mil millones, que no son financiables en el mercado interno, como para satisfacer la demanda de recursos que requieren financiaci\u00f3n el nuevo a\u00f1o\u00bb, indic\u00f3.<\/span><\/p>\n<\/p>\n<p><span class=\"text1noticias\">Dijo que para evitar que el pa\u00eds sea penalizado como resultado de un deterioro en sus cuentas fiscales se tom\u00f3 la previsi\u00f3n en el nuevo presupuesto de satisfacer determinados requerimientos de los mercados financieros internacionales, \u00abpor lo que cuidamos cuando establecimos la meta de 2.8% de d\u00e9ficit\u00bb.<\/span><\/p>\n<\/p>\n<p><span class=\"text1noticias\">Agreg\u00f3 que al establecer un techo en el nivel de d\u00e9ficit de no m\u00e1s de 77 mil millones de pesos se van a distribuir 46 mil millones de pesos sobre el nivel del presupuesto original de 2013.<\/span><\/p>\n<\/p>\n<p><span class=\"text1noticias\">Resalt\u00f3 que el 60% de esos 46 mil millones en el proyecto de presupuesto se destina a educaci\u00f3n en RD$9,500; requerimientos adicionales para la CDDE por RD$9,800 y para pago de intereses adicionales de la deuda p\u00fablica RD$7,300.<\/span><\/p>\n<\/p>\n<p><span class=\"text1noticias\">\u00abEn tal contexto, creo que es responsable ser prudente con el techo de gastos establecido en el proyecto de presupuesto, son restricciones severas para poder cumplir las demandas acumuladas hist\u00f3ricamente\u00bb, justific\u00f3.<\/span><\/p>\n<\/p>\n<p><span class=\"text1noticias\">Reyes observ\u00f3 que en esas tres partidas no est\u00e1n incluidas las derivadas de manera vegetativa de las nuevas pensiones civiles y militares (RD$2,300 millones) y tambi\u00e9n este a\u00f1o los incentivos a los m\u00e9dicos (RD$2,500 millones) que tienen un impacto adicional de unos cuatro a cinco mil millones.<\/span><\/p>\n<\/p>\n<p><span class=\"text1noticias\">Sobre las demandas salariales del sector p\u00fablico record\u00f3 que la n\u00f3mina actual del gobierno central es de RD$99,800 millones y el pr\u00f3ximo un incremento de 10% a 11% debido a contrataci\u00f3n de nuevos profesores, ascensos a militares y los incentivos que se otorgan tradicionalmente a los m\u00e9dicos.<\/span><\/p>\n<\/p>\n<p><span class=\"text1noticias\">Eso supone, subray\u00f3, un incremento de 10% solamente para ellos, en t\u00e9rminos absolutos unos RD$11 mil millones, sin incluir las instituciones aut\u00f3nomas y descentralizadas.<\/span><\/p>\n<\/p>\n<p><span class=\"text1noticias\">Se\u00f1al\u00f3 que por todas esas razones al gobierno s\u00f3lo le queda continuar el nuevo a\u00f1o los programas iniciados en este, los que colocan a la gente en el centro de las pol\u00edticas p\u00fablicas.<\/span><\/p>\n<\/p>\n<p><span class=\"text1noticias\">Cit\u00f3 por ejemplo la incorporaci\u00f3n el nuevo a\u00f1o, como el actual, de 450 mil personas al r\u00e9gimen subsidiado de la seguridad social, y la incorporaci\u00f3n de 50 mil familias al programa solidaridad.<\/span><\/p>\n<\/p>\n<p><span class=\"text1noticias\">Adem\u00e1s el apoyo a las micro empresas por RD$300 millones, a los sectores productivos agropecuarios a trav\u00e9s del Bagr\u00edcola RD$1000 millones, otros RD$1000 millones a trav\u00e9s del Feda, adem\u00e1s de fortalecer la seguridad ciudadana con RD$2,500 para el 911 y RD$1, 500 para la capacidad investigativa de la Polic\u00eda.<\/span><\/p>\n<h6> 2013-10-08 17:46:34 <\/h6>\n<p><!--\n<link rel=\"stylesheet\" href=\"css\/bootstrap.min.css\">\n\n\n<ul class=\"pagination\">\n\t    \n\t\n\n<li >\n\t<a href='?page_no=14690'>Previous<\/a>\n\t<\/li>\n\n\n       \n    \n\n<li><a href='?page_no=1'>1<\/a><\/li>\n\n\n\n<li><a href='?page_no=2'>2<\/a><\/li>\n\n\n\n<li><a>...<\/a><\/li>\n\n\n\n<li><a href='?page_no=14689'>14689<\/a><\/li>\n\n\n\n<li><a href='?page_no=14690'>14690<\/a><\/li>\n\n\n\n<li class='active'><a>14691<\/a><\/li>\n\n\n\n<li><a href='?page_no=14692'>14692<\/a><\/li>\n\n\n\n<li><a href='?page_no=14693'>14693<\/a><\/li>\n\n\n\n<li><a>...<\/a><\/li>\n\n\n\n<li><a href='?page_no=30472'>30472<\/a><\/li>\n\n\n\n<li><a href='?page_no=30473'>30473<\/a><\/li>\n\n    \n\t\n\n<li >\n\t<a href='?page_no=14692'>Next<\/a>\n\t<\/li>\n\n\n    \n\n<li><a href='?page_no=30473'>Last &rsaquo;&rsaquo;<\/a><\/li>\n\n<\/ul>\n\n\n--><br \/>\n<\/body><\/p>\n","protected":false},"excerpt":{"rendered":"<p>Santo Domingo, RD, 8 de octubre.- El director general de Presupuesto declar\u00f3 que en el proyecto de presupuesto de 2014 el gobierno est\u00e1 obligado a ser prudente en el gasto y en mantener el equilibrio macroecon\u00f3mico, por lo que ante las \u00abjustas demandas\u00bb de distintos sectores, s\u00f3lo podr\u00e1 continuar los programas sociales que priorizan a [&hellip;]<\/p>\n","protected":false},"author":3,"featured_media":0,"comment_status":"open","ping_status":"open","sticky":false,"template":"","format":"standard","meta":{"footnotes":""},"categories":[18],"tags":[],"class_list":["post-99210","post","type-post","status-publish","format-standard","hentry","category-economia"],"_links":{"self":[{"href":"https:\/\/diariodominicano.com\/index.php?rest_route=\/wp\/v2\/posts\/99210","targetHints":{"allow":["GET"]}}],"collection":[{"href":"https:\/\/diariodominicano.com\/index.php?rest_route=\/wp\/v2\/posts"}],"about":[{"href":"https:\/\/diariodominicano.com\/index.php?rest_route=\/wp\/v2\/types\/post"}],"author":[{"embeddable":true,"href":"https:\/\/diariodominicano.com\/index.php?rest_route=\/wp\/v2\/users\/3"}],"replies":[{"embeddable":true,"href":"https:\/\/diariodominicano.com\/index.php?rest_route=%2Fwp%2Fv2%2Fcomments&post=99210"}],"version-history":[{"count":0,"href":"https:\/\/diariodominicano.com\/index.php?rest_route=\/wp\/v2\/posts\/99210\/revisions"}],"wp:attachment":[{"href":"https:\/\/diariodominicano.com\/index.php?rest_route=%2Fwp%2Fv2%2Fmedia&parent=99210"}],"wp:term":[{"taxonomy":"category","embeddable":true,"href":"https:\/\/diariodominicano.com\/index.php?rest_route=%2Fwp%2Fv2%2Fcategories&post=99210"},{"taxonomy":"post_tag","embeddable":true,"href":"https:\/\/diariodominicano.com\/index.php?rest_route=%2Fwp%2Fv2%2Ftags&post=99210"}],"curies":[{"name":"wp","href":"https:\/\/api.w.org\/{rel}","templated":true}]}}