{"id":99206,"date":"2013-10-08T18:55:44","date_gmt":"2013-10-08T18:55:44","guid":{"rendered":"http:\/\/diariodominicano.ddns.net\/?p=99206"},"modified":"2013-10-08T18:55:44","modified_gmt":"2013-10-08T18:55:44","slug":"ministro-de-industria-y-comercio-y-empresarios-de-zonas-francas-promueven-relaciones-con-paraguay-y-uruguay-2","status":"publish","type":"post","link":"https:\/\/diariodominicano.com\/?p=99206","title":{"rendered":"Ministro de Industria y Comercio y empresarios de zonas francas promueven relaciones con Paraguay y Uruguay"},"content":{"rendered":"<p><body><\/p>\n<p><img decoding=\"async\" src=\"img3\/Paraguay.jpg\" \/>  <\/p>\n<p><span class=\"text1noticias\">Santo Domingo, RD, 8 de Octubre.-Una delegaci\u00f3n integrada por miembros del sector p\u00fablico y empresarios de zonas francas del pa\u00eds, encabezada por el ministro de Industria y Comercio, Jos\u00e9 Del Castillo Savi\u00f1\u00f3n y la directora ejecutiva del Consejo Nacional de Zonas Francas de Exportaciones (CNZFE), Luisa Fern\u00e1ndez Dur\u00e1n, sostuvo una serie de reuniones con empresarios y representantes gubernamentales de los hermanos pa\u00edses de Paraguay y Uruguay.<\/span><\/p>\n<\/p>\n<p><span class=\"text1noticias\">El objetivo de dichos encuentros fue potencializar las relaciones comerciales con dichos pa\u00edses, principalmente a trav\u00e9s del sector de zonas francas. En ese sentido, Del Castillo Savi\u00f1\u00f3n sostuvo reuniones, por separado, con su homologo de Paraguay, Gustavo Leite, as\u00ed como los ministros de Econom\u00eda y Hacienda de Uruguay, Fernando Lorenzo, donde se comprometieron a desarrollar en Rep\u00fablica Dominicana una agenda com\u00fan en procura de ampliar las relaciones comerciales.<\/span><\/p>\n<\/p>\n<p><span class=\"text1noticias\">Asimismo, se comprometieron a aprovechar las oportunidades y bondades que ofrecen los reg\u00edmenes de zonas francas, a las actividades de manufactura y servicios. En dicho evento, se acord\u00f3 la visita de ministro del Paraguay a la naci\u00f3n caribe\u00f1a, en el mes de enero del pr\u00f3ximo a\u00f1o.<\/span><\/p>\n<\/p>\n<p><span class=\"text1noticias\">Adem\u00e1s, en un encuentro de negocios ofrecido por el Directorio del Club de Ejecutivos de Paraguay, el presidente de dicha entidad, Javier Bernardes, destac\u00f3 que la actividad constituye un paso importante, porque es la primera vez que una autoridad oficial de RD, en ese caso el ministro de Industria y Comercio, visita Paraguay con el inter\u00e9s de ampliar el comercio entre ambas naciones.<\/span><\/p>\n<\/p>\n<p><span class=\"text1noticias\">Dichas reuniones fueron realizadas dentro del desarrollo de una agenda de trabajo que materializ\u00f3 la referida delegaci\u00f3n en dichos pa\u00edses, durante el 26 de septiembre al 1 de octubre del presente a\u00f1o, la cual incluy\u00f3 la participaci\u00f3n de la delegaci\u00f3n en el \u00abPrimer foro internacional de zonas francas de Paraguay\u00bb, organizado por la Asociaci\u00f3n de Zonas Francas de las Am\u00e9ricas (AZFA) y el Consejo Nacional de Zonas Francas de Paraguay.<\/span><\/p>\n<\/p>\n<p><span class=\"text1noticias\">De su lado, el presidente de la AZFA, Luis Manuel Pellerano, en su discurso del foro, reafirm\u00f3 que las zonas francas son un instrumento de desarrollo econ\u00f3mico eficiente, con tal motivo se desarroll\u00f3 el evento.<\/span><\/p>\n<\/p>\n<p><span class=\"text1noticias\">Adem\u00e1s del ministro de Industria y Comercio, Jos\u00e9 Del Castillo Savi\u00f1\u00f3n, y la directora ejecutiva del CNZFE, Luisa Fern\u00e1ndez Dur\u00e1n,  la delegaci\u00f3n dominicana estuvo integrada por el director de Aduanas, Fernando Fern\u00e1ndez, Miguel Lama, presidente de la Corporaci\u00f3n de Zonas Francas Industrial; Federico Dom\u00ednguez, presidente zona franca industrial PISANO, Luis Manuel Pellerano, presidente de la AZFA, entre otros, quienes tambi\u00e9n visitaron los parques industriales de: Zona Franca Global y Zona Franca Internacional, as\u00ed como Zonam\u00e9rica, Aguada Park y Parque de las Ciencias.<\/span><\/p>\n<\/p>\n<p><span class=\"text1noticias\">Dentro de los principales disertadores del evento estuvieron Luisa Fern\u00e1ndez Dur\u00e1n, directora ejecutiva del CNZFE; Juan Pablo Rivera, presidente Zona Franca Bogot\u00e1, entre otros.(HG)<\/span>.<\/p>\n<h6> 2013-10-08 18:55:44 <\/h6>\n<p><!--\n<link rel=\"stylesheet\" href=\"css\/bootstrap.min.css\">\n\n\n<ul class=\"pagination\">\n\t    \n\t\n\n<li >\n\t<a href='?page_no=14687'>Previous<\/a>\n\t<\/li>\n\n\n       \n    \n\n<li><a href='?page_no=1'>1<\/a><\/li>\n\n\n\n<li><a href='?page_no=2'>2<\/a><\/li>\n\n\n\n<li><a>...<\/a><\/li>\n\n\n\n<li><a href='?page_no=14686'>14686<\/a><\/li>\n\n\n\n<li><a href='?page_no=14687'>14687<\/a><\/li>\n\n\n\n<li class='active'><a>14688<\/a><\/li>\n\n\n\n<li><a href='?page_no=14689'>14689<\/a><\/li>\n\n\n\n<li><a href='?page_no=14690'>14690<\/a><\/li>\n\n\n\n<li><a>...<\/a><\/li>\n\n\n\n<li><a href='?page_no=30472'>30472<\/a><\/li>\n\n\n\n<li><a href='?page_no=30473'>30473<\/a><\/li>\n\n    \n\t\n\n<li >\n\t<a href='?page_no=14689'>Next<\/a>\n\t<\/li>\n\n\n    \n\n<li><a href='?page_no=30473'>Last &rsaquo;&rsaquo;<\/a><\/li>\n\n<\/ul>\n\n\n--><br \/>\n<\/body><\/p>\n","protected":false},"excerpt":{"rendered":"<p>Santo Domingo, RD, 8 de Octubre.-Una delegaci\u00f3n integrada por miembros del sector p\u00fablico y empresarios de zonas francas del pa\u00eds, encabezada por el ministro de Industria y Comercio, Jos\u00e9 Del Castillo Savi\u00f1\u00f3n y la directora ejecutiva del Consejo Nacional de Zonas Francas de Exportaciones (CNZFE), Luisa Fern\u00e1ndez Dur\u00e1n, sostuvo una serie de reuniones con empresarios [&hellip;]<\/p>\n","protected":false},"author":3,"featured_media":0,"comment_status":"open","ping_status":"open","sticky":false,"template":"","format":"standard","meta":{"footnotes":""},"categories":[18],"tags":[],"class_list":["post-99206","post","type-post","status-publish","format-standard","hentry","category-economia"],"_links":{"self":[{"href":"https:\/\/diariodominicano.com\/index.php?rest_route=\/wp\/v2\/posts\/99206","targetHints":{"allow":["GET"]}}],"collection":[{"href":"https:\/\/diariodominicano.com\/index.php?rest_route=\/wp\/v2\/posts"}],"about":[{"href":"https:\/\/diariodominicano.com\/index.php?rest_route=\/wp\/v2\/types\/post"}],"author":[{"embeddable":true,"href":"https:\/\/diariodominicano.com\/index.php?rest_route=\/wp\/v2\/users\/3"}],"replies":[{"embeddable":true,"href":"https:\/\/diariodominicano.com\/index.php?rest_route=%2Fwp%2Fv2%2Fcomments&post=99206"}],"version-history":[{"count":0,"href":"https:\/\/diariodominicano.com\/index.php?rest_route=\/wp\/v2\/posts\/99206\/revisions"}],"wp:attachment":[{"href":"https:\/\/diariodominicano.com\/index.php?rest_route=%2Fwp%2Fv2%2Fmedia&parent=99206"}],"wp:term":[{"taxonomy":"category","embeddable":true,"href":"https:\/\/diariodominicano.com\/index.php?rest_route=%2Fwp%2Fv2%2Fcategories&post=99206"},{"taxonomy":"post_tag","embeddable":true,"href":"https:\/\/diariodominicano.com\/index.php?rest_route=%2Fwp%2Fv2%2Ftags&post=99206"}],"curies":[{"name":"wp","href":"https:\/\/api.w.org\/{rel}","templated":true}]}}