{"id":99205,"date":"2013-10-08T19:16:26","date_gmt":"2013-10-08T19:16:26","guid":{"rendered":"http:\/\/diariodominicano.ddns.net\/?p=99205"},"modified":"2013-10-08T19:16:26","modified_gmt":"2013-10-08T19:16:26","slug":"piden-enfrentar-problemas-de-empleo-informal-en-dominicana","status":"publish","type":"post","link":"https:\/\/diariodominicano.com\/?p=99205","title":{"rendered":"Piden enfrentar problemas de empleo informal en Dominicana"},"content":{"rendered":"<p><body><\/p>\n<p><img decoding=\"async\" src=\"img3\/pepe.jpg\" \/>  <\/p>\n<p><span class=\"text1noticias\">Santo Domingo, RD, 8 oct (PL) Organizaciones de obreros dominicanos pidieron al Gobierno enfrentar la situaci\u00f3n del empleo informal con un plan adecuado de acciones cuando esa modalidad predomina  en el pa\u00eds.<\/span><\/p>\n<\/p>\n<p><span class=\"text1noticias\">A juicio del presidente de la Confederaci\u00f3n Nacional de Unidad Sindical, Rafael Abreu, la informalidad no puede seguir siendo la vida del trabajo en Dominicana, es necesario crear m\u00e1s fuentes de empleo para que la juventud tenga acceso a un puesto digno.<\/span><\/p>\n<\/p>\n<p><span class=\"text1noticias\">La pol\u00edtica oficial debe ejecutarse sin quitarles los derechos a los trabajadores con el fin de que ellos puedan ser protegidos por el c\u00f3digo laboral y su desempe\u00f1o tenga realmente valor, agreg\u00f3 el dirigente, seg\u00fan reportes period\u00edsticos.<\/span><\/p>\n<\/p>\n<p><span class=\"text1noticias\">Sugiri\u00f3 que quienes est\u00e1n fuera de la categor\u00eda de protecci\u00f3n laboral deben ser incluidos y protegidos por las leyes, y evitar as\u00ed que se conviertan en una carga pasiva para el pa\u00eds.<\/span><\/p>\n<\/p>\n<p><span class=\"text1noticias\">Abreu tambi\u00e9n reclam\u00f3 un incremento salarial de 30 por ciento para los trabajadores de los sectores p\u00fablico y privado, y los jubilados.(HG)<\/span>.<\/p>\n<h6> 2013-10-08 19:16:26 <\/h6>\n<p><!--\n<link rel=\"stylesheet\" href=\"css\/bootstrap.min.css\">\n\n\n<ul class=\"pagination\">\n\t    \n\t\n\n<li >\n\t<a href='?page_no=14686'>Previous<\/a>\n\t<\/li>\n\n\n       \n    \n\n<li><a href='?page_no=1'>1<\/a><\/li>\n\n\n\n<li><a href='?page_no=2'>2<\/a><\/li>\n\n\n\n<li><a>...<\/a><\/li>\n\n\n\n<li><a href='?page_no=14685'>14685<\/a><\/li>\n\n\n\n<li><a href='?page_no=14686'>14686<\/a><\/li>\n\n\n\n<li class='active'><a>14687<\/a><\/li>\n\n\n\n<li><a href='?page_no=14688'>14688<\/a><\/li>\n\n\n\n<li><a href='?page_no=14689'>14689<\/a><\/li>\n\n\n\n<li><a>...<\/a><\/li>\n\n\n\n<li><a href='?page_no=30472'>30472<\/a><\/li>\n\n\n\n<li><a href='?page_no=30473'>30473<\/a><\/li>\n\n    \n\t\n\n<li >\n\t<a href='?page_no=14688'>Next<\/a>\n\t<\/li>\n\n\n    \n\n<li><a href='?page_no=30473'>Last &rsaquo;&rsaquo;<\/a><\/li>\n\n<\/ul>\n\n\n--><br \/>\n<\/body><\/p>\n","protected":false},"excerpt":{"rendered":"<p>Santo Domingo, RD, 8 oct (PL) Organizaciones de obreros dominicanos pidieron al Gobierno enfrentar la situaci\u00f3n del empleo informal con un plan adecuado de acciones cuando esa modalidad predomina en el pa\u00eds. A juicio del presidente de la Confederaci\u00f3n Nacional de Unidad Sindical, Rafael Abreu, la informalidad no puede seguir siendo la vida del trabajo [&hellip;]<\/p>\n","protected":false},"author":3,"featured_media":0,"comment_status":"open","ping_status":"open","sticky":false,"template":"","format":"standard","meta":{"footnotes":""},"categories":[18],"tags":[],"class_list":["post-99205","post","type-post","status-publish","format-standard","hentry","category-economia"],"_links":{"self":[{"href":"https:\/\/diariodominicano.com\/index.php?rest_route=\/wp\/v2\/posts\/99205","targetHints":{"allow":["GET"]}}],"collection":[{"href":"https:\/\/diariodominicano.com\/index.php?rest_route=\/wp\/v2\/posts"}],"about":[{"href":"https:\/\/diariodominicano.com\/index.php?rest_route=\/wp\/v2\/types\/post"}],"author":[{"embeddable":true,"href":"https:\/\/diariodominicano.com\/index.php?rest_route=\/wp\/v2\/users\/3"}],"replies":[{"embeddable":true,"href":"https:\/\/diariodominicano.com\/index.php?rest_route=%2Fwp%2Fv2%2Fcomments&post=99205"}],"version-history":[{"count":0,"href":"https:\/\/diariodominicano.com\/index.php?rest_route=\/wp\/v2\/posts\/99205\/revisions"}],"wp:attachment":[{"href":"https:\/\/diariodominicano.com\/index.php?rest_route=%2Fwp%2Fv2%2Fmedia&parent=99205"}],"wp:term":[{"taxonomy":"category","embeddable":true,"href":"https:\/\/diariodominicano.com\/index.php?rest_route=%2Fwp%2Fv2%2Fcategories&post=99205"},{"taxonomy":"post_tag","embeddable":true,"href":"https:\/\/diariodominicano.com\/index.php?rest_route=%2Fwp%2Fv2%2Ftags&post=99205"}],"curies":[{"name":"wp","href":"https:\/\/api.w.org\/{rel}","templated":true}]}}