{"id":99204,"date":"2013-10-08T19:31:25","date_gmt":"2013-10-08T19:31:25","guid":{"rendered":"http:\/\/diariodominicano.ddns.net\/?p=99204"},"modified":"2013-10-08T19:31:25","modified_gmt":"2013-10-08T19:31:25","slug":"afirma-que-la-siembra-de-pina-registra-un-aumento-significativo","status":"publish","type":"post","link":"https:\/\/diariodominicano.com\/?p=99204","title":{"rendered":"Afirma que la siembra de pi\u00f1a registra un aumento significativo"},"content":{"rendered":"<p><body><\/p>\n<p><span class=\"text1noticias\">Santo Domingo, 8 de Octubre.-Rep\u00fablica Dominicana experimenta un significativo aumento del \u00e1rea de siembra del cultivo de pi\u00f1a, gracias al apoyo del gobierno y al entusiasmo que el mismo ha despertado en los productores.<\/span><\/p>\n<\/p>\n<p><span class=\"text1noticias\">El ministro de Agricultura, Luis Ram\u00f3n Rodr\u00edguez dijo que con el programa de apoyo a la producci\u00f3n de pi\u00f1a que ejecuta la instituci\u00f3n, se ha elevado a m\u00e1s de 60 mil las tareas que actualmente se encuentran bajo cultivo de esa fruta.<\/span><\/p>\n<\/p>\n<p><span class=\"text1noticias\">Record\u00f3 que el presidente Danilo Medina aprob\u00f3 un pr\u00e9stamo de 80 millones de pesos para importar desde Costa Rica 10 millones de hijuelos de pi\u00f1a de alto valor gen\u00e9tico, con lo que se busca que el pa\u00eds retome en el corto plazo el liderazgo en el mercado mundial de ese rubro.<\/span><\/p>\n<\/p>\n<p><span class=\"text1noticias\">El funcionario explic\u00f3 que en lo que va de a\u00f1o se reporta una producci\u00f3n de 4 millones 455 mil quintales, de los que el Centro de Exportaci\u00f3n e Inversi\u00f3n de la Rep\u00fablica Dominicana (Cei-RD), registra una exportaci\u00f3n de 3 millones 094 mil 792.53 kilogramos como pi\u00f1as frescas, con un aporte de 1 mill\u00f3n 890 mil 031.25 d\u00f3lares en divisas.<\/span><\/p>\n<\/p>\n<p><span class=\"text1noticias\">Inform\u00f3 que Agricultura desarrolla, conjuntamente con las asociaciones de productores y la asesor\u00eda de organismos internacionales, un intensivo programa de asistencia t\u00e9cnica, a fin de elevar la calidad e inocuidad de la pi\u00f1a.<\/span><\/p>\n<\/p>\n<p><span class=\"text1noticias\">Recientemente, el ministro de Agricultura particip\u00f3 en la Feria de la Pi\u00f1a celebrada en Cevicos, provincia S\u00e1nchez Ram\u00edrez, la cual fue dedicada al presidente Danilo Medina, donde se reuni\u00f3 con los dirigentes del cl\u00faster de la pi\u00f1a para pasar balance a los avances del cronograma de trabajos trazado para el relanzamiento del cultivo.<\/span><\/p>\n<\/p>\n<p><span class=\"text1noticias\">Rodr\u00edguez se\u00f1al\u00f3 que la pi\u00f1a es uno de los rubros agr\u00edcolas con los que el pa\u00eds tiene mayores posibilidades de competir en el mercado mundial, y de los que m\u00e1s dinamiza la econom\u00eda de las zonas donde se produce, que generalmente son zonas marginales cuyos suelos no presentan muchas condiciones para la prosperidad de otros cultivos.<\/span><\/p>\n<\/p>\n<p><span class=\"text1noticias\">Asegur\u00f3 que el apoyo del presidente Medina devolver\u00e1 la prosperidad al subsector pi\u00f1ero, ya que con los hijuelos biol\u00f3gicos que se est\u00e1n importando el pa\u00eds podr\u00e1 exportar hasta el 90 por ciento de la pi\u00f1a que produzca y retomar el liderazgo en los mercados internacionales.(HG)<\/span>.<\/p>\n<h6> 2013-10-08 19:31:25 <\/h6>\n<p><!--\n<link rel=\"stylesheet\" href=\"css\/bootstrap.min.css\">\n\n\n<ul class=\"pagination\">\n\t    \n\t\n\n<li >\n\t<a href='?page_no=14685'>Previous<\/a>\n\t<\/li>\n\n\n       \n    \n\n<li><a href='?page_no=1'>1<\/a><\/li>\n\n\n\n<li><a href='?page_no=2'>2<\/a><\/li>\n\n\n\n<li><a>...<\/a><\/li>\n\n\n\n<li><a href='?page_no=14684'>14684<\/a><\/li>\n\n\n\n<li><a href='?page_no=14685'>14685<\/a><\/li>\n\n\n\n<li class='active'><a>14686<\/a><\/li>\n\n\n\n<li><a href='?page_no=14687'>14687<\/a><\/li>\n\n\n\n<li><a href='?page_no=14688'>14688<\/a><\/li>\n\n\n\n<li><a>...<\/a><\/li>\n\n\n\n<li><a href='?page_no=30472'>30472<\/a><\/li>\n\n\n\n<li><a href='?page_no=30473'>30473<\/a><\/li>\n\n    \n\t\n\n<li >\n\t<a href='?page_no=14687'>Next<\/a>\n\t<\/li>\n\n\n    \n\n<li><a href='?page_no=30473'>Last &rsaquo;&rsaquo;<\/a><\/li>\n\n<\/ul>\n\n\n--><br \/>\n<\/body><\/p>\n","protected":false},"excerpt":{"rendered":"<p>Santo Domingo, 8 de Octubre.-Rep\u00fablica Dominicana experimenta un significativo aumento del \u00e1rea de siembra del cultivo de pi\u00f1a, gracias al apoyo del gobierno y al entusiasmo que el mismo ha despertado en los productores. El ministro de Agricultura, Luis Ram\u00f3n Rodr\u00edguez dijo que con el programa de apoyo a la producci\u00f3n de pi\u00f1a que ejecuta [&hellip;]<\/p>\n","protected":false},"author":3,"featured_media":0,"comment_status":"open","ping_status":"open","sticky":false,"template":"","format":"standard","meta":{"footnotes":""},"categories":[18],"tags":[],"class_list":["post-99204","post","type-post","status-publish","format-standard","hentry","category-economia"],"_links":{"self":[{"href":"https:\/\/diariodominicano.com\/index.php?rest_route=\/wp\/v2\/posts\/99204","targetHints":{"allow":["GET"]}}],"collection":[{"href":"https:\/\/diariodominicano.com\/index.php?rest_route=\/wp\/v2\/posts"}],"about":[{"href":"https:\/\/diariodominicano.com\/index.php?rest_route=\/wp\/v2\/types\/post"}],"author":[{"embeddable":true,"href":"https:\/\/diariodominicano.com\/index.php?rest_route=\/wp\/v2\/users\/3"}],"replies":[{"embeddable":true,"href":"https:\/\/diariodominicano.com\/index.php?rest_route=%2Fwp%2Fv2%2Fcomments&post=99204"}],"version-history":[{"count":0,"href":"https:\/\/diariodominicano.com\/index.php?rest_route=\/wp\/v2\/posts\/99204\/revisions"}],"wp:attachment":[{"href":"https:\/\/diariodominicano.com\/index.php?rest_route=%2Fwp%2Fv2%2Fmedia&parent=99204"}],"wp:term":[{"taxonomy":"category","embeddable":true,"href":"https:\/\/diariodominicano.com\/index.php?rest_route=%2Fwp%2Fv2%2Fcategories&post=99204"},{"taxonomy":"post_tag","embeddable":true,"href":"https:\/\/diariodominicano.com\/index.php?rest_route=%2Fwp%2Fv2%2Ftags&post=99204"}],"curies":[{"name":"wp","href":"https:\/\/api.w.org\/{rel}","templated":true}]}}