{"id":99203,"date":"2013-10-08T19:49:24","date_gmt":"2013-10-08T19:49:24","guid":{"rendered":"http:\/\/diariodominicano.ddns.net\/?p=99203"},"modified":"2013-10-08T19:49:24","modified_gmt":"2013-10-08T19:49:24","slug":"cerveceria-nacional-dominicana-y-comerciantes-aliados-para-no-vender-alcohol-a-menores-de-edad","status":"publish","type":"post","link":"https:\/\/diariodominicano.com\/?p=99203","title":{"rendered":"&#13;Cervecer\u00eda Nacional Dominicana y comerciantes, aliados para no vender alcohol a menores de edad"},"content":{"rendered":"<p><body><\/p>\n<p><img decoding=\"async\" src=\"img3\/comerciantes.jpg\" \/>  <\/p>\n<p><span class=\"text1noticias\">Santo Domingo, RD, 8 de Octubre.-La Cervecer\u00eda Nacional Dominicana y las principales organizaciones de comerciantes y detallistas del pa\u00eds acordaron trabajar conjuntamente para evitar el consumo de alcohol entre los menores de edad.<\/span><\/p>\n<\/p>\n<p><span class=\"text1noticias\">Franklin Le\u00f3n, presidente de la Cervecer\u00eda Nacional Dominicana, y los m\u00e1ximos dirigentes de detallistas y comerciantes de Rep\u00fablica Dominicana ratificaron su alianza y se comprometieron a la difusi\u00f3n y el cumplimiento de la Ley 136-06 que promueve la no venta de alcohol a menores.<\/span><\/p>\n<\/p>\n<p><span class=\"text1noticias\">Durante el encuentro, celebrado en las instalaciones de la empresa cervecera, se abordaron temas relacionados con el consumo responsable y sobre todo sobre con la edad adecuada para iniciar el consumo de bebidas alcoh\u00f3licas.<\/span><\/p>\n<\/p>\n<p><span class=\"text1noticias\">\u00abDesde el a\u00f1o 2002, venimos trabajando juntos el tema del consumo responsable y entre ellos, la concienciaci\u00f3n a trav\u00e9s de campa\u00f1as masivas a menores, padres y adultos en general sobre cu\u00e1l es la edad ideal para el consumo de bebidas alcoh\u00f3licas\u00bb.<\/span><\/p>\n<\/p>\n<p><span class=\"text1noticias\">Asimismo, Franklin Le\u00f3n aprovech\u00f3 el encuentro para informar, que, a trav\u00e9s de la fuerza de ventas de la empresa, se rotular\u00e1nen los pr\u00f3ximos meses m\u00e1s de 43,000 puntos de ventas afiliados a las principales instituciones de comerciantes y detallistas del pa\u00eds.<\/span><\/p>\n<\/p>\n<p><span class=\"text1noticias\">Esta es una iniciativa m\u00e1s de la plataforma de consumo responsable que desarrolla la empresa, que adem\u00e1s trabaja otros temas relacionados con la responsabilidad ante el consumo como son: alcohol y conducci\u00f3n, y conductor designado.<\/span><\/p>\n<\/p>\n<p><span class=\"text1noticias\">Durante el evento, los miembros de las federaciones y asociaciones de comerciantes y detallistas manifestaron su inter\u00e9s por la difusi\u00f3n y cumplimiento de esta disposici\u00f3n que protege a los menores de edad. <\/span><\/p>\n<\/p>\n<p><span class=\"text1noticias\">Los dirigentes comerciantes que participaron en el encuentro fueron: Ren\u00e9 Japa y Jhovanny Leyba, de la Federaci\u00f3n Nacional de Detallistas y Provisiones (FENACODEPRO); Rosa Pe\u00f1a y Ricardo Rosario, de la Federaci\u00f3n Nacional de Comerciantes y Empresarios de la Rep\u00fablica Dominicana (FENACERD); Gilberto Luna, de la Federaci\u00f3n de Comerciantes Dominicanos.<\/span><\/p>\n<p><span class=\"text1noticias\">H\u00e9ctor Ledesma, de la Federaci\u00f3n de Comerciantes Detallistas Independientes; Agust\u00edn Pe\u00f1al\u00f3 y Ferm\u00edn Troncoso, de la Federaci\u00f3n Nacional de Detallistas de Provisiones (FENADEPRO); Jorge Jerez y Juli\u00e1n Parra, del Consejo Nacional de Comerciantes de Provisiones.<\/span><\/p>\n<\/p>\n<p><span class=\"text1noticias\">Adem\u00e1s, Apolinar Leyba, de la Federaci\u00f3n Nacional de Peque\u00f1os Comerciantes (FENAPECO); Bienvenido Pimentel, Rhadam\u00e9s Pe\u00f1a Dum\u00e9 y Jos\u00e9 Luis Pimentel, de la Sociedad Progresista Villa Sombrero (SOPROVIS); \u00c1ngel Mart\u00ednez, del Despacho de Provisiones Distrito Nacional; Manuel Hern\u00e1ndez, de la Asociaci\u00f3n de Detallistas de Provisiones del Distrito Nacional.(HG)<\/span>.<\/p>\n<h6> 2013-10-08 19:49:24 <\/h6>\n<p><!--\n<link rel=\"stylesheet\" href=\"css\/bootstrap.min.css\">\n\n\n<ul class=\"pagination\">\n\t    \n\t\n\n<li >\n\t<a href='?page_no=14684'>Previous<\/a>\n\t<\/li>\n\n\n       \n    \n\n<li><a href='?page_no=1'>1<\/a><\/li>\n\n\n\n<li><a href='?page_no=2'>2<\/a><\/li>\n\n\n\n<li><a>...<\/a><\/li>\n\n\n\n<li><a href='?page_no=14683'>14683<\/a><\/li>\n\n\n\n<li><a href='?page_no=14684'>14684<\/a><\/li>\n\n\n\n<li class='active'><a>14685<\/a><\/li>\n\n\n\n<li><a href='?page_no=14686'>14686<\/a><\/li>\n\n\n\n<li><a href='?page_no=14687'>14687<\/a><\/li>\n\n\n\n<li><a>...<\/a><\/li>\n\n\n\n<li><a href='?page_no=30472'>30472<\/a><\/li>\n\n\n\n<li><a href='?page_no=30473'>30473<\/a><\/li>\n\n    \n\t\n\n<li >\n\t<a href='?page_no=14686'>Next<\/a>\n\t<\/li>\n\n\n    \n\n<li><a href='?page_no=30473'>Last &rsaquo;&rsaquo;<\/a><\/li>\n\n<\/ul>\n\n\n--><br \/>\n<\/body><\/p>\n","protected":false},"excerpt":{"rendered":"<p>Santo Domingo, RD, 8 de Octubre.-La Cervecer\u00eda Nacional Dominicana y las principales organizaciones de comerciantes y detallistas del pa\u00eds acordaron trabajar conjuntamente para evitar el consumo de alcohol entre los menores de edad. Franklin Le\u00f3n, presidente de la Cervecer\u00eda Nacional Dominicana, y los m\u00e1ximos dirigentes de detallistas y comerciantes de Rep\u00fablica Dominicana ratificaron su alianza [&hellip;]<\/p>\n","protected":false},"author":3,"featured_media":0,"comment_status":"open","ping_status":"open","sticky":false,"template":"","format":"standard","meta":{"footnotes":""},"categories":[18],"tags":[],"class_list":["post-99203","post","type-post","status-publish","format-standard","hentry","category-economia"],"_links":{"self":[{"href":"https:\/\/diariodominicano.com\/index.php?rest_route=\/wp\/v2\/posts\/99203","targetHints":{"allow":["GET"]}}],"collection":[{"href":"https:\/\/diariodominicano.com\/index.php?rest_route=\/wp\/v2\/posts"}],"about":[{"href":"https:\/\/diariodominicano.com\/index.php?rest_route=\/wp\/v2\/types\/post"}],"author":[{"embeddable":true,"href":"https:\/\/diariodominicano.com\/index.php?rest_route=\/wp\/v2\/users\/3"}],"replies":[{"embeddable":true,"href":"https:\/\/diariodominicano.com\/index.php?rest_route=%2Fwp%2Fv2%2Fcomments&post=99203"}],"version-history":[{"count":0,"href":"https:\/\/diariodominicano.com\/index.php?rest_route=\/wp\/v2\/posts\/99203\/revisions"}],"wp:attachment":[{"href":"https:\/\/diariodominicano.com\/index.php?rest_route=%2Fwp%2Fv2%2Fmedia&parent=99203"}],"wp:term":[{"taxonomy":"category","embeddable":true,"href":"https:\/\/diariodominicano.com\/index.php?rest_route=%2Fwp%2Fv2%2Fcategories&post=99203"},{"taxonomy":"post_tag","embeddable":true,"href":"https:\/\/diariodominicano.com\/index.php?rest_route=%2Fwp%2Fv2%2Ftags&post=99203"}],"curies":[{"name":"wp","href":"https:\/\/api.w.org\/{rel}","templated":true}]}}