{"id":99202,"date":"2013-10-08T19:52:57","date_gmt":"2013-10-08T19:52:57","guid":{"rendered":"http:\/\/diariodominicano.ddns.net\/?p=99202"},"modified":"2013-10-08T19:52:57","modified_gmt":"2013-10-08T19:52:57","slug":"viceministerio-de-pymes-busca-fortalecer-el-sector-textil-en-santiago","status":"publish","type":"post","link":"https:\/\/diariodominicano.com\/?p=99202","title":{"rendered":"Viceministerio de PYMES busca fortalecer el sector textil en Santiago"},"content":{"rendered":"<p><body><\/p>\n<p><span class=\"text1noticias\">Santiago, RD, 8 de Octubre.-on el objetivo de promover el fortalecimiento y el desarrollo de las peque\u00f1as y medianas empresas textiles de Santiago, el Viceministerio de PYMES realiz\u00f3 un encuentro con el Grupo M y peque\u00f1os empresarios miembros de la Asociaci\u00f3n de Industriales Textiles del Cibao, el cual sirvi\u00f3 de escenario para analizar la posibilidad de desarrollar una acci\u00f3n conjunta entre dicha empresa y las pymes del sector de manufactura.<\/span><\/p>\n<\/p>\n<p><span class=\"text1noticias\">La experiencia de Grupo M en el mercado puede contribuir con el laboratorio textil, la tecnolog\u00eda, los conocimientos, contactos internacionales, las experiencias en conformaci\u00f3n de l\u00edneas de producci\u00f3n y en posibilidades de encadenamientos productivos.<\/span><\/p>\n<p><span class=\"text1noticias\"> <\/span><\/p>\n<p><span class=\"text1noticias\">Fernando Capell\u00e1n, Presidente del Grupo M, present\u00f3 una propuesta para la  integraci\u00f3n de las pymes textiles a las operaciones de la empresa. \u00abNuestro inter\u00e9s es colaborar con el desarrollo de peque\u00f1os negocios del sector textil a trav\u00e9s de un acuerdo que sea beneficioso tanto para el crecimiento de \u00e9stos como para la empresa\u00bb, expres\u00f3.<\/span><\/p>\n<p><span class=\"text1noticias\"> <\/span><\/p>\n<p><span class=\"text1noticias\">La reuni\u00f3n tuvo un espacio de discusi\u00f3n en el que los representantes de las pymes expresaron sus opiniones e inquietudes sobre la oferta presentada. Esto, permiti\u00f3 la redefinici\u00f3n e inclusi\u00f3n de algunos puntos, con el prop\u00f3sito de llegar a un acuerdo m\u00e1s provechoso para ambas partes, gracias a la medicaci\u00f3n del Viceministerio.<\/span><\/p>\n<p><span class=\"text1noticias\"> <\/span><\/p>\n<p><span class=\"text1noticias\">El licenciado Ignacio M\u00e9ndez, Viceministro de Pymes, dijo que las pymes conforman un pilar estrat\u00e9gico para el desarrollo y crecimiento del sector textil y manufacturero, no solo en la regi\u00f3n del Cibao, sino de todo el pa\u00eds. \u00abCon esta iniciativa se busca fomentar y fortalecer el sector de pymes a trav\u00e9s del acceso a una plataforma tecnol\u00f3gica vanguardista y pr\u00e1cticas innovadoras como las del Grupo M\u00bb.<\/span><\/p>\n<p><span class=\"text1noticias\"> <\/span><\/p>\n<p><span class=\"text1noticias\">El encuentro se realiz\u00f3 en las instalaciones del Parque Industrial del Grupo M, en Santiago de los Caballeros, y cont\u00f3 con la participaci\u00f3n de 25 peque\u00f1os empresarios del sector manufacturero de la zona, que buscan fortalecer sus negocios de manera sostenible.<\/span><\/p>\n<p><span class=\"text1noticias\"> <\/span><\/p>\n<p><span class=\"text1noticias\">Este es un esfuerzo m\u00e1s realizado dentro del marco de la \u00abEstrategia Nacional de Desarrollo\u00bb que lleva a cabo el Ministerio de Industria y Comercio, responsable de formular y aplicar la pol\u00edtica industrial, comercial y minera del pa\u00eds; a trav\u00e9s del Viceministerio de Fomento a la Peque\u00f1a y Mediana Empresa, \u00f3rgano rector de las pol\u00edticas de desarrollo de las PYMES.(HG)<\/span>.<\/p>\n<\/p>\n<h6> 2013-10-08 19:52:57 <\/h6>\n<p><!--\n<link rel=\"stylesheet\" href=\"css\/bootstrap.min.css\">\n\n\n<ul class=\"pagination\">\n\t    \n\t\n\n<li >\n\t<a href='?page_no=14683'>Previous<\/a>\n\t<\/li>\n\n\n       \n    \n\n<li><a href='?page_no=1'>1<\/a><\/li>\n\n\n\n<li><a href='?page_no=2'>2<\/a><\/li>\n\n\n\n<li><a>...<\/a><\/li>\n\n\n\n<li><a href='?page_no=14682'>14682<\/a><\/li>\n\n\n\n<li><a href='?page_no=14683'>14683<\/a><\/li>\n\n\n\n<li class='active'><a>14684<\/a><\/li>\n\n\n\n<li><a href='?page_no=14685'>14685<\/a><\/li>\n\n\n\n<li><a href='?page_no=14686'>14686<\/a><\/li>\n\n\n\n<li><a>...<\/a><\/li>\n\n\n\n<li><a href='?page_no=30472'>30472<\/a><\/li>\n\n\n\n<li><a href='?page_no=30473'>30473<\/a><\/li>\n\n    \n\t\n\n<li >\n\t<a href='?page_no=14685'>Next<\/a>\n\t<\/li>\n\n\n    \n\n<li><a href='?page_no=30473'>Last &rsaquo;&rsaquo;<\/a><\/li>\n\n<\/ul>\n\n\n--><br \/>\n<\/body><\/p>\n","protected":false},"excerpt":{"rendered":"<p>Santiago, RD, 8 de Octubre.-on el objetivo de promover el fortalecimiento y el desarrollo de las peque\u00f1as y medianas empresas textiles de Santiago, el Viceministerio de PYMES realiz\u00f3 un encuentro con el Grupo M y peque\u00f1os empresarios miembros de la Asociaci\u00f3n de Industriales Textiles del Cibao, el cual sirvi\u00f3 de escenario para analizar la posibilidad [&hellip;]<\/p>\n","protected":false},"author":3,"featured_media":0,"comment_status":"open","ping_status":"open","sticky":false,"template":"","format":"standard","meta":{"footnotes":""},"categories":[18],"tags":[],"class_list":["post-99202","post","type-post","status-publish","format-standard","hentry","category-economia"],"_links":{"self":[{"href":"https:\/\/diariodominicano.com\/index.php?rest_route=\/wp\/v2\/posts\/99202","targetHints":{"allow":["GET"]}}],"collection":[{"href":"https:\/\/diariodominicano.com\/index.php?rest_route=\/wp\/v2\/posts"}],"about":[{"href":"https:\/\/diariodominicano.com\/index.php?rest_route=\/wp\/v2\/types\/post"}],"author":[{"embeddable":true,"href":"https:\/\/diariodominicano.com\/index.php?rest_route=\/wp\/v2\/users\/3"}],"replies":[{"embeddable":true,"href":"https:\/\/diariodominicano.com\/index.php?rest_route=%2Fwp%2Fv2%2Fcomments&post=99202"}],"version-history":[{"count":0,"href":"https:\/\/diariodominicano.com\/index.php?rest_route=\/wp\/v2\/posts\/99202\/revisions"}],"wp:attachment":[{"href":"https:\/\/diariodominicano.com\/index.php?rest_route=%2Fwp%2Fv2%2Fmedia&parent=99202"}],"wp:term":[{"taxonomy":"category","embeddable":true,"href":"https:\/\/diariodominicano.com\/index.php?rest_route=%2Fwp%2Fv2%2Fcategories&post=99202"},{"taxonomy":"post_tag","embeddable":true,"href":"https:\/\/diariodominicano.com\/index.php?rest_route=%2Fwp%2Fv2%2Ftags&post=99202"}],"curies":[{"name":"wp","href":"https:\/\/api.w.org\/{rel}","templated":true}]}}