{"id":99201,"date":"2013-10-08T20:05:08","date_gmt":"2013-10-08T20:05:08","guid":{"rendered":"http:\/\/diariodominicano.ddns.net\/?p=99201"},"modified":"2013-10-08T20:05:08","modified_gmt":"2013-10-08T20:05:08","slug":"hoteleros-rechazan-se-castigue-el-exito-de-punta-cana-excluyendola-de-incentivos","status":"publish","type":"post","link":"https:\/\/diariodominicano.com\/?p=99201","title":{"rendered":"Hoteleros rechazan se castigue el \u00e9xito de Punta Cana excluy\u00e9ndola de incentivos"},"content":{"rendered":"<p><body><\/p>\n<p><img decoding=\"async\" src=\"img3\/ERNESTO.jpg\" \/>  <\/p>\n<p><span class=\"text1noticias\">Punta Cana, La Altagracia, RD, 8 de Octubre, (CICOM).-La Asociaci\u00f3n de Hoteles y Proyectos Tur\u00edsticos del Este calific\u00f3 de absurdo que se quiera excluir a esta zona de la nueva versi\u00f3n de la ley de incentivos tur\u00edsticos que se discute actualmente en el Senado.<\/span><\/p>\n<\/p>\n<p><span class=\"text1noticias\">La entidad manifest\u00f3 que no entiende las razones para esta justificar  esta \u00abgenial idea\u00bb con la que  se pretende crear obst\u00e1culos al desarrollo de la regi\u00f3n que es el \u00abpilar fundamental\u00bb de esta industria, y cuyos atractivos tienen ya varios a\u00f1os sustentando el crecimiento de las llegadas de turistas.<\/span><\/p>\n<\/p>\n<p><span class=\"text1noticias\"> \u00abSer\u00e1 que ahora ha cambiado la l\u00f3gica del desarrollo y que  para impulsar el turismo se considera apropiado  castigar el \u00e9xito alcanzado por la regi\u00f3n que es la locomotora del turismo dominicano\u00bb, dijo Ernesto Veloz Presidente de la Asociaci\u00f3n Hoteles y Proyectos Tur\u00edsticos del Este, en una declaraci\u00f3n de prensa sobre el proceso de revisi\u00f3n de la ley 158-01 de incentivos al desarrollo tur\u00edstico.<\/span><\/p>\n<\/p>\n<p><span class=\"text1noticias\">Explica que los indicadores del \u00e9xito de Punta Cana son que recibe el 60% de los turistas que llegan al pa\u00eds, tiene el 50% de las habitaciones hoteleras en capacidad de competir en el mercado internacional.<\/span><\/p>\n<p><span class=\"text1noticias\">Nosotros, dice, postulamos junto con la Asociaci\u00f3n de Hoteles y Turismo de la RD (ASONAHORES) que la estrategia correcta es incluir a todo el pa\u00eds en la ley de incentivos, si es que se quiere estimular el crecimiento del turismo como ha planteado el presidente Danilo Medina.<\/span><\/p>\n<\/p>\n<p><span class=\"text1noticias\">Apoyamos junto con ASONAHORES  el inter\u00e9s del Presidente Danilo Medina en modificar la ley de incentivos al desarrollo tur\u00edstico vigente, pero esta iniciativa debe aprovecharse para eliminar la limitaci\u00f3n de sus beneficios a algunas \u00e1reas geogr\u00e1ficas y hacerla aplicable a todo el territorio nacional.<\/span><\/p>\n<\/p>\n<p><span class=\"text1noticias\">\u00abLa pol\u00edtica de exclusi\u00f3n de algunas regiones debe cesar porque no ha sido positiva, y Los incentivos al desarrollo tur\u00edstico deben aplicarse en todo el pa\u00eds. Lo que la ley debe perfeccionar es la definici\u00f3n de lo que es un proyecto de desarrollo tur\u00edstico que merece estos beneficios\u00bb, dice la Asociaci\u00f3n. <\/span><\/p>\n<\/p>\n<p><span class=\"text1noticias\">Afirma que todas las provincias del pa\u00eds son de vocaci\u00f3n tur\u00edstica y beneficiando a todas las provincias, fortalecemos el producto tur\u00edstico, diversificando y especializando la oferta.(HG)<\/span>.<\/p>\n<h6> 2013-10-08 20:05:08 <\/h6>\n<p><!--\n<link rel=\"stylesheet\" href=\"css\/bootstrap.min.css\">\n\n\n<ul class=\"pagination\">\n\t    \n\t\n\n<li >\n\t<a href='?page_no=14682'>Previous<\/a>\n\t<\/li>\n\n\n       \n    \n\n<li><a href='?page_no=1'>1<\/a><\/li>\n\n\n\n<li><a href='?page_no=2'>2<\/a><\/li>\n\n\n\n<li><a>...<\/a><\/li>\n\n\n\n<li><a href='?page_no=14681'>14681<\/a><\/li>\n\n\n\n<li><a href='?page_no=14682'>14682<\/a><\/li>\n\n\n\n<li class='active'><a>14683<\/a><\/li>\n\n\n\n<li><a href='?page_no=14684'>14684<\/a><\/li>\n\n\n\n<li><a href='?page_no=14685'>14685<\/a><\/li>\n\n\n\n<li><a>...<\/a><\/li>\n\n\n\n<li><a href='?page_no=30472'>30472<\/a><\/li>\n\n\n\n<li><a href='?page_no=30473'>30473<\/a><\/li>\n\n    \n\t\n\n<li >\n\t<a href='?page_no=14684'>Next<\/a>\n\t<\/li>\n\n\n    \n\n<li><a href='?page_no=30473'>Last &rsaquo;&rsaquo;<\/a><\/li>\n\n<\/ul>\n\n\n--><br \/>\n<\/body><\/p>\n","protected":false},"excerpt":{"rendered":"<p>Punta Cana, La Altagracia, RD, 8 de Octubre, (CICOM).-La Asociaci\u00f3n de Hoteles y Proyectos Tur\u00edsticos del Este calific\u00f3 de absurdo que se quiera excluir a esta zona de la nueva versi\u00f3n de la ley de incentivos tur\u00edsticos que se discute actualmente en el Senado. La entidad manifest\u00f3 que no entiende las razones para esta justificar [&hellip;]<\/p>\n","protected":false},"author":3,"featured_media":0,"comment_status":"open","ping_status":"open","sticky":false,"template":"","format":"standard","meta":{"footnotes":""},"categories":[18],"tags":[],"class_list":["post-99201","post","type-post","status-publish","format-standard","hentry","category-economia"],"_links":{"self":[{"href":"https:\/\/diariodominicano.com\/index.php?rest_route=\/wp\/v2\/posts\/99201","targetHints":{"allow":["GET"]}}],"collection":[{"href":"https:\/\/diariodominicano.com\/index.php?rest_route=\/wp\/v2\/posts"}],"about":[{"href":"https:\/\/diariodominicano.com\/index.php?rest_route=\/wp\/v2\/types\/post"}],"author":[{"embeddable":true,"href":"https:\/\/diariodominicano.com\/index.php?rest_route=\/wp\/v2\/users\/3"}],"replies":[{"embeddable":true,"href":"https:\/\/diariodominicano.com\/index.php?rest_route=%2Fwp%2Fv2%2Fcomments&post=99201"}],"version-history":[{"count":0,"href":"https:\/\/diariodominicano.com\/index.php?rest_route=\/wp\/v2\/posts\/99201\/revisions"}],"wp:attachment":[{"href":"https:\/\/diariodominicano.com\/index.php?rest_route=%2Fwp%2Fv2%2Fmedia&parent=99201"}],"wp:term":[{"taxonomy":"category","embeddable":true,"href":"https:\/\/diariodominicano.com\/index.php?rest_route=%2Fwp%2Fv2%2Fcategories&post=99201"},{"taxonomy":"post_tag","embeddable":true,"href":"https:\/\/diariodominicano.com\/index.php?rest_route=%2Fwp%2Fv2%2Ftags&post=99201"}],"curies":[{"name":"wp","href":"https:\/\/api.w.org\/{rel}","templated":true}]}}