{"id":99200,"date":"2013-10-08T20:18:52","date_gmt":"2013-10-08T20:18:52","guid":{"rendered":"http:\/\/diariodominicano.ddns.net\/?p=99200"},"modified":"2013-10-08T20:18:52","modified_gmt":"2013-10-08T20:18:52","slug":"barrick-dice-no-defraudara-al-pais-presidente-medina-recorre-instalaciones","status":"publish","type":"post","link":"https:\/\/diariodominicano.com\/?p=99200","title":{"rendered":"Barrick dice no defraudar\u00e1 al pa\u00eds; Presidente Medina recorre instalaciones"},"content":{"rendered":"<p><body><\/p>\n<p><img decoding=\"async\" src=\"img3\/barrick.jpg\" \/><br \/><img decoding=\"async\" src=\"img3\/daniloenBarrick002.jpg\" \/><br \/><img decoding=\"async\" src=\"img3\/DaniloBarrrick081013.jpg\" \/>  <\/p>\n<p><span class=\"text1noticias\">COTUI, RD, S\u00e1nchez Ram\u00edrez, 08 de octubre (Dicom).- El presidente de la Barrick Gold, Manuel Rocha, asegur\u00f3 al presidente Danilo Medina que no lo defraudar\u00e1, ni le fallar\u00e1 y aplicar\u00e1 las mejores pr\u00e1cticas para proteger el medioambiente en las operaciones de esa empresa.<\/span><\/p>\n<\/p>\n<p><span class=\"text1noticias\">\u00abSe\u00f1or Presidente, tal y como usted dijera en su pasado discurso del 27 de Febrero, de que somos una empresa seria, comprometida con una miner\u00eda responsable y cumplidora de las normas y mejores pr\u00e1cticas para proteger nuestro medio ambiente, hoy me permito citarle para reiterarle que no lo defraudaremos\u00bb, destac\u00f3 Rocha.<\/span><\/p>\n<\/p>\n<p><strong><span class=\"text1noticias\">Beneficios a los r\u00edos<\/span><\/strong><\/p>\n<\/p>\n<\/p>\n<p><span class=\"text1noticias\">El presidente Danilo Medina visit\u00f3 las instalaciones de la Barrick Gold, donde Rocha, dijo que la situaci\u00f3n de los r\u00edos en las \u00e1reas de influencia ha cambiado notablemente.<\/span><\/p>\n<\/p>\n<p><span class=\"text1noticias\">Este cambio notable, seg\u00fan expuso, se debe a la labor de remediaci\u00f3n ambiental impulsada por la minera, luego de 30 a\u00f1os de ser afectados por las aguas \u00e1cidas, producto de los sulfuros que dejaron expuestos anteriores administraciones de la mina de oro.<\/span><\/p>\n<\/p>\n<p><span class=\"text1noticias\">\u00abEstos r\u00edos, que antes luc\u00edan un color rojo oscuro por su alto nivel de acidez, hoy llevan junto a sus aguas claras, la esperanza de un cambio del entorno de estas comunidades que ya vuelven a pescar en los efluentes y con esto a\u00f1aden nuevos ingresos a sus actividades del d\u00eda a d\u00eda\u00bb, expuso Rocha al dar explicaciones al Jefe de Estado sobre los procesos aplicados para la extracci\u00f3n de oro con moderna tecnolog\u00eda, que reducen significativamente el impacto ambiental.<\/span><\/p>\n<\/p>\n<p><span class=\"text1noticias\">Junto al presidente Medina estuvieron el ministro de la Presidencia Gustavo Montalvo, y el director de Miner\u00eda, Alexander Medina.<\/span><\/p>\n<\/p>\n<p><span class=\"text1noticias\">Asimismo, el embajador de Canad\u00e1 en el pa\u00eds, George Boiss\u00e9; los ejecutivos de la Barrick Kelvin Dushinsky, vicepresidente Ejecutivo Senior de Asuntos Legales, C\u00e9sar Marte, Superintendente de Gesti\u00f3n de Riesgos, entre otros.<\/span><\/p>\n<\/p>\n<p><span class=\"text1noticias\">Rocha indic\u00f3 que el uso de tecnolog\u00edas no apropiadas para extraer los metales preciosos y el cierre de las actividades mineras, sin antes tomar las medidas de remediaci\u00f3n ambiental pertinentes, entre otros factores, generaron grandes pasivos de car\u00e1cter ambiental que hoy son remediados.<\/span><\/p>\n<\/p>\n<p><strong><span class=\"text1noticias\">Compromiso con el Gobierno<\/span><\/strong><\/p>\n<\/p>\n<p><span class=\"text1noticias\">Dijo que, en ese contexto, Barrick Pueblo Viejo se ha comprometido con el Gobierno dominicano a realizar una gran inversi\u00f3n para remediar los problemas medioambientales existentes dentro de la reserva fiscal asignada a la empresa.<\/span><\/p>\n<\/p>\n<p><span class=\"text1noticias\">Revel\u00f3 que la compa\u00f1\u00eda est\u00e1 en disposici\u00f3n de \u00bb fungir como agentes del Estado para llevar  a cabo la remediaci\u00f3n del pasivo ambiental que se encuentra en los alrededores de la mina\u00bb.<\/span><\/p>\n<\/p>\n<p><span class=\"text1noticias\">El alto ejecutivo inform\u00f3 al presidente Medina que la empresa ha invertido m\u00e1s de 700 millones de pesos en diversas plataformas de responsabilidad social, que incluyen facilitaci\u00f3n de planes de desarrollo municipal, adecuaci\u00f3n, reforestaci\u00f3n, producci\u00f3n, infraestructura rural, microempresa y salud.<\/span><\/p>\n<\/p>\n<p><span class=\"text1noticias\">\u00abHemos invertido adem\u00e1s, m\u00e1s de 80 mil millones de pesos directamente en empresas suplidoras nacionales, lo cual ha tenido un gran impacto econ\u00f3mico en todo el pa\u00eds\u00bb, explic\u00f3 Rocha.<\/span><\/p>\n<\/p>\n<p><span class=\"text1noticias\">Durante su visita el Primer Ejecutivo de la Naci\u00f3n recorri\u00f3 las instalaciones de la empresa minera y presenciar el proceso de fundici\u00f3n y vertido del oro, acompa\u00f1ado de una comisi\u00f3n del Gobierno.<\/span><\/p>\n<\/p>\n<p><span class=\"text1noticias\">\u00abEl trabajo que hoy realizamos est\u00e1 destinado a impulsar la calidad de vida de los dominicanos, que las comunidades que nos rodean puedan disfrutar de un crecimiento sostenible, a\u00fan despu\u00e9s de finalizada nuestra gesti\u00f3n minera, es nuestro mayor legado\u00bb.<\/span><\/p>\n<\/p>\n<\/p>\n<\/p>\n<h6> 2013-10-08 20:18:52 <\/h6>\n<p><!--\n<link rel=\"stylesheet\" href=\"css\/bootstrap.min.css\">\n\n\n<ul class=\"pagination\">\n\t    \n\t\n\n<li >\n\t<a href='?page_no=14681'>Previous<\/a>\n\t<\/li>\n\n\n       \n    \n\n<li><a href='?page_no=1'>1<\/a><\/li>\n\n\n\n<li><a href='?page_no=2'>2<\/a><\/li>\n\n\n\n<li><a>...<\/a><\/li>\n\n\n\n<li><a href='?page_no=14680'>14680<\/a><\/li>\n\n\n\n<li><a href='?page_no=14681'>14681<\/a><\/li>\n\n\n\n<li class='active'><a>14682<\/a><\/li>\n\n\n\n<li><a href='?page_no=14683'>14683<\/a><\/li>\n\n\n\n<li><a href='?page_no=14684'>14684<\/a><\/li>\n\n\n\n<li><a>...<\/a><\/li>\n\n\n\n<li><a href='?page_no=30472'>30472<\/a><\/li>\n\n\n\n<li><a href='?page_no=30473'>30473<\/a><\/li>\n\n    \n\t\n\n<li >\n\t<a href='?page_no=14683'>Next<\/a>\n\t<\/li>\n\n\n    \n\n<li><a href='?page_no=30473'>Last &rsaquo;&rsaquo;<\/a><\/li>\n\n<\/ul>\n\n\n--><br \/>\n<\/body><\/p>\n","protected":false},"excerpt":{"rendered":"<p>COTUI, RD, S\u00e1nchez Ram\u00edrez, 08 de octubre (Dicom).- El presidente de la Barrick Gold, Manuel Rocha, asegur\u00f3 al presidente Danilo Medina que no lo defraudar\u00e1, ni le fallar\u00e1 y aplicar\u00e1 las mejores pr\u00e1cticas para proteger el medioambiente en las operaciones de esa empresa. \u00abSe\u00f1or Presidente, tal y como usted dijera en su pasado discurso del [&hellip;]<\/p>\n","protected":false},"author":3,"featured_media":0,"comment_status":"open","ping_status":"open","sticky":false,"template":"","format":"standard","meta":{"footnotes":""},"categories":[18],"tags":[],"class_list":["post-99200","post","type-post","status-publish","format-standard","hentry","category-economia"],"_links":{"self":[{"href":"https:\/\/diariodominicano.com\/index.php?rest_route=\/wp\/v2\/posts\/99200","targetHints":{"allow":["GET"]}}],"collection":[{"href":"https:\/\/diariodominicano.com\/index.php?rest_route=\/wp\/v2\/posts"}],"about":[{"href":"https:\/\/diariodominicano.com\/index.php?rest_route=\/wp\/v2\/types\/post"}],"author":[{"embeddable":true,"href":"https:\/\/diariodominicano.com\/index.php?rest_route=\/wp\/v2\/users\/3"}],"replies":[{"embeddable":true,"href":"https:\/\/diariodominicano.com\/index.php?rest_route=%2Fwp%2Fv2%2Fcomments&post=99200"}],"version-history":[{"count":0,"href":"https:\/\/diariodominicano.com\/index.php?rest_route=\/wp\/v2\/posts\/99200\/revisions"}],"wp:attachment":[{"href":"https:\/\/diariodominicano.com\/index.php?rest_route=%2Fwp%2Fv2%2Fmedia&parent=99200"}],"wp:term":[{"taxonomy":"category","embeddable":true,"href":"https:\/\/diariodominicano.com\/index.php?rest_route=%2Fwp%2Fv2%2Fcategories&post=99200"},{"taxonomy":"post_tag","embeddable":true,"href":"https:\/\/diariodominicano.com\/index.php?rest_route=%2Fwp%2Fv2%2Ftags&post=99200"}],"curies":[{"name":"wp","href":"https:\/\/api.w.org\/{rel}","templated":true}]}}