{"id":99199,"date":"2013-10-08T20:33:54","date_gmt":"2013-10-08T20:33:54","guid":{"rendered":"http:\/\/diariodominicano.ddns.net\/?p=99199"},"modified":"2013-10-08T20:33:54","modified_gmt":"2013-10-08T20:33:54","slug":"aird-confia-clusteres-contribuyan-a-elevar-competitividad","status":"publish","type":"post","link":"https:\/\/diariodominicano.com\/?p=99199","title":{"rendered":"AIRD conf\u00eda cl\u00fasteres contribuyan a elevar competitividad"},"content":{"rendered":"<p><body><\/p>\n<p><img decoding=\"async\" src=\"img3\/Ligia.jpg\" \/>  <\/p>\n<p><span class=\"text1noticias\">Santo Domingo, RD, 8 de Octubre.-El DR-CAFTA puso al desnudo muchas de las deficiencias del aparato productivo nacional y del marco en que se desarrolla la actividad econ\u00f3mica. En ese marco, enero del 2015 se perfila como una fecha simb\u00f3lica en la cual se producir\u00e1 un hito en el comercio entre Rep\u00fablica Dominicana y Estados Unidos al quedar liberalizadas la mayor parte de las importaciones procedentes de esa naci\u00f3n, seg\u00fan expresar\u00e1 Ligia Bonetti, presidenta de la AIRD.<\/span><\/p>\n<\/p>\n<p><span class=\"text1noticias\">Bonetti indic\u00f3 que el sector industrial ha reiterado la necesidad de que se mejoren las condiciones externas en que se produce, pero tambi\u00e9n han invertido tiempo y recursos en adecuar las empresas a la apertura. \u00abHemos impulsado proyectos y acciones para fortalecer los m\u00fasculos de nuestras empresas, de modo que participar en la carrera de la competitividad nos resulte m\u00e1s ligero y con mayores posibilidades de salir exitosos\u00bb.<\/span><\/p>\n<\/p>\n<p><span class=\"text1noticias\">En ese sentido, se\u00f1al\u00f3 que el Proyecto de Innovaci\u00f3n Industrial Compitiendo en Flexibilidad y Rapidez que concluye la AIRD con el apoyo del BID ?FOMIN impuls\u00f3 la estrategia de cl\u00fasteres productivos, para mejorar las exportaciones y desarrollar las asociatividad entre empresas de un mismo ramo o segmento. \u00abCompetidores que aprenden a cooperar entre s\u00ed para aprovechar algunas ventajas cara a los mercados externos\u00bb.<\/span><\/p>\n<\/p>\n<p><span class=\"text1noticias\">Bonetti habl\u00f3 en el seminario de cierre del proyecto, el cual se titul\u00f3 \u00abConstruyendo el Futuro en base a la Asociatividad ? Casos de \u00c9xitos de Cl\u00fasteres Industriales\u00bb, el cual cont\u00f3 con la participaci\u00f3n del Ministro de Industria y Comercio, Jos\u00e9 Del Castillo Savi\u00f1\u00f3n, el director del CNC, Andr\u00e9s van der Horst, la representante del BID en el pa\u00eds, Flora Montelagre Painter, as\u00ed como los consultores Juan Mej\u00eda, de Venezuela, y Gabriel Schneider, evaluador del proyecto. Adem\u00e1s, representantes de los cl\u00fasteres: Pedro Alorda, Ricarno Munn\u00e9 y Roberto Frankenberg, entre otros.<\/span><\/p>\n<\/p>\n<p><span class=\"text1noticias\">Detall\u00f3 como los segmentos de productos pl\u00e1sticos, productos de belleza y cacao y sus derivados, actuaron fomentando la cooperaci\u00f3n y la confianza sin dejar de ser competidores.<\/span><\/p>\n<\/p>\n<p><span class=\"text1noticias\">\u00abEl proyecto contribuy\u00f3 en \u00e1reas como desarrollo de productos, estrategia de proveedores, mejora de procesos, internacionalizaci\u00f3n, mejoras tecnol\u00f3gicas, incremento de capacidades de los recursos humanos de las empresas&#8230; entre otras que consideramos clave para la instauraci\u00f3n de una cultura exportador\u00bb, indic\u00f3.<\/span><\/p>\n<\/p>\n<p><span class=\"text1noticias\">\u00abSin duda alguna ya tenemos la certeza como pa\u00eds de que los cl\u00fasteres son una herramienta de \u00e9xito y competitividad para las empresas. Lo que ha quedado demostrado por el crecimiento de las exportaciones, pues en los \u00faltimos cuatro a\u00f1os, el sector de pl\u00e1stico creci\u00f3 76%, el de belleza un 45% acumulado y finalmente cacao creci\u00f3 un 13%. Por encima del promedio de crecimiento de las exportaciones de otros segmentos de la industria local\u00bb, sentenci\u00f3 la presidente de la AIRD.<\/span><\/p>\n<\/p>\n<p><span class=\"text1noticias\">Agradecimientos<\/span><\/p>\n<p><span class=\"text1noticias\">La dirigente de la c\u00fapula industrial indic\u00f3 que, aunque las industrias de estos segmentos productivos fueron el n\u00facleo del proyecto,  el mismo no hubiese sido posible sin el apoyo de otras instituciones, \u00abempezando por el propio BID-FOMIN que confi\u00f3 en la Asociaci\u00f3n de Industrias como ejecutora del m\u00e1s grande proyecto de apoyo al sector privado que haya tenido dicha organismo en el pa\u00eds\u00bb.<\/span><\/p>\n<\/p>\n<p><span class=\"text1noticias\">Tambi\u00e9n agradeci\u00f3 al Consejo Nacional de Competitividad el cual contribuy\u00f3 a hacer realidad el proyecto. Agradeci\u00f3 a los pasados presidentes de la AIRD, Yandra Portela y Manuel Diez Cabral.<\/span><\/p>\n<\/p>\n<p><span class=\"text1noticias\">\u00abOtros actores clave para la consecuci\u00f3n de este programa lo fueron USAID-Reddom, la Comisi\u00f3n Nacional de Cacao, CEDAF, el Ministerio de Agricultura, el IICA, la JAD, IDIAF, el CEI-RD, ONAPI, el Ministerio de Salud P\u00fablica y Asistencia Social, ADOEXPO y el Ministerio de Industria y Comercio, entre otros\u00bb.<\/span><\/p>\n<\/p>\n<p><span class=\"text1noticias\">\u00abEn la AIRD aprendimos la tarea de conformar cl\u00fasteres exitosos, hicimos y continuaremos haciendo nuestro aporte por fomentar la cultura asociativa en nuestro pa\u00eds. Esperamos pues que con el mismo entusiasmo y compromiso con que seguiremos impulsando estos y otros nuevos cl\u00fasteres, tanto las industrias, como las instituciones p\u00fablicas e internacionales sigan apoyando activamente estas iniciativas a favor de la competitividad de nuestro sector industrial\u00bb, concluy\u00f3 diciendo.(HG)<\/span>. <\/p>\n<h6> 2013-10-08 20:33:54 <\/h6>\n<p><!--\n<link rel=\"stylesheet\" href=\"css\/bootstrap.min.css\">\n\n\n<ul class=\"pagination\">\n\t    \n\t\n\n<li >\n\t<a href='?page_no=14680'>Previous<\/a>\n\t<\/li>\n\n\n       \n    \n\n<li><a href='?page_no=1'>1<\/a><\/li>\n\n\n\n<li><a href='?page_no=2'>2<\/a><\/li>\n\n\n\n<li><a>...<\/a><\/li>\n\n\n\n<li><a href='?page_no=14679'>14679<\/a><\/li>\n\n\n\n<li><a href='?page_no=14680'>14680<\/a><\/li>\n\n\n\n<li class='active'><a>14681<\/a><\/li>\n\n\n\n<li><a href='?page_no=14682'>14682<\/a><\/li>\n\n\n\n<li><a href='?page_no=14683'>14683<\/a><\/li>\n\n\n\n<li><a>...<\/a><\/li>\n\n\n\n<li><a href='?page_no=30472'>30472<\/a><\/li>\n\n\n\n<li><a href='?page_no=30473'>30473<\/a><\/li>\n\n    \n\t\n\n<li >\n\t<a href='?page_no=14682'>Next<\/a>\n\t<\/li>\n\n\n    \n\n<li><a href='?page_no=30473'>Last &rsaquo;&rsaquo;<\/a><\/li>\n\n<\/ul>\n\n\n--><br \/>\n<\/body><\/p>\n","protected":false},"excerpt":{"rendered":"<p>Santo Domingo, RD, 8 de Octubre.-El DR-CAFTA puso al desnudo muchas de las deficiencias del aparato productivo nacional y del marco en que se desarrolla la actividad econ\u00f3mica. En ese marco, enero del 2015 se perfila como una fecha simb\u00f3lica en la cual se producir\u00e1 un hito en el comercio entre Rep\u00fablica Dominicana y Estados [&hellip;]<\/p>\n","protected":false},"author":3,"featured_media":0,"comment_status":"open","ping_status":"open","sticky":false,"template":"","format":"standard","meta":{"footnotes":""},"categories":[18],"tags":[],"class_list":["post-99199","post","type-post","status-publish","format-standard","hentry","category-economia"],"_links":{"self":[{"href":"https:\/\/diariodominicano.com\/index.php?rest_route=\/wp\/v2\/posts\/99199","targetHints":{"allow":["GET"]}}],"collection":[{"href":"https:\/\/diariodominicano.com\/index.php?rest_route=\/wp\/v2\/posts"}],"about":[{"href":"https:\/\/diariodominicano.com\/index.php?rest_route=\/wp\/v2\/types\/post"}],"author":[{"embeddable":true,"href":"https:\/\/diariodominicano.com\/index.php?rest_route=\/wp\/v2\/users\/3"}],"replies":[{"embeddable":true,"href":"https:\/\/diariodominicano.com\/index.php?rest_route=%2Fwp%2Fv2%2Fcomments&post=99199"}],"version-history":[{"count":0,"href":"https:\/\/diariodominicano.com\/index.php?rest_route=\/wp\/v2\/posts\/99199\/revisions"}],"wp:attachment":[{"href":"https:\/\/diariodominicano.com\/index.php?rest_route=%2Fwp%2Fv2%2Fmedia&parent=99199"}],"wp:term":[{"taxonomy":"category","embeddable":true,"href":"https:\/\/diariodominicano.com\/index.php?rest_route=%2Fwp%2Fv2%2Fcategories&post=99199"},{"taxonomy":"post_tag","embeddable":true,"href":"https:\/\/diariodominicano.com\/index.php?rest_route=%2Fwp%2Fv2%2Ftags&post=99199"}],"curies":[{"name":"wp","href":"https:\/\/api.w.org\/{rel}","templated":true}]}}