{"id":99194,"date":"2013-10-08T22:31:01","date_gmt":"2013-10-08T22:31:01","guid":{"rendered":"http:\/\/diariodominicano.ddns.net\/?p=99194"},"modified":"2013-10-08T22:31:01","modified_gmt":"2013-10-08T22:31:01","slug":"cea-presenta-su-proyecto-ganadero-en-expo-monte-plata-2013","status":"publish","type":"post","link":"https:\/\/diariodominicano.com\/?p=99194","title":{"rendered":"CEA presenta su proyecto Ganadero  en Expo Monte Plata 2013"},"content":{"rendered":"<p><body><\/p>\n<p><img decoding=\"async\" src=\"img3\/cea.jpg\" \/>  <\/p>\n<p><span class=\"text1noticias\">Santo Domingo, RD, 8 de Octubre.-El Consejo Estatal del Az\u00facar (CEA), present\u00f3 CEAGANA FIV, el primer laboratorio de Biotecnolog\u00eda y Reproducci\u00f3n Animal del pa\u00eds, en su participaci\u00f3n  en la sexta edici\u00f3n de Expo Monte Plata 2013 que se desarroll\u00f3 en la Feria Ganadera.<\/span><\/p>\n<\/p>\n<p><span class=\"text1noticias\">La presentaci\u00f3n la encabez\u00f3 el director Ejecutivo del CEA, licenciado Jos\u00e9 Joaqu\u00ednDom\u00ednguez Pe\u00f1a, quien dijo que el objetivo es que la instituci\u00f3n tenga la capacidad de producir ganado de carne y leche de primera calidad, para competir en el sector l\u00e1cteo y c\u00e1rnico del pa\u00eds.<\/span><\/p>\n<\/p>\n<p><span class=\"text1noticias\">\u00abEste proyecto aportara en el crecimiento sostenido del sector ganadero de la Rep\u00fablica Dominicana gracias al respaldo  que desde ya le est\u00e1 dando el gobierno que preside el licenciado Danilo Medina\u00bb, expres\u00f3 Dom\u00ednguez Pe\u00f1a.<\/span><\/p>\n<\/p>\n<p><span class=\"text1noticias\">El director Ejecutivo indic\u00f3 que con la implementaci\u00f3n de tecnolog\u00eda de punta a en su Laboratorio In Vitro, el CEA busca convertirse en aliado de los productores nacionales a fin de obtener f\u00f3rmulas que mejores los niveles de productividad del sector ganadero.<\/span><\/p>\n<\/p>\n<p><span class=\"text1noticias\">Para poner en marcha los proyectos el CEA hace una inversi\u00f3nde 100 millones de pesos contemplados en el presupuesto del 2013 de la instituci\u00f3n. <\/span><\/p>\n<\/p>\n<p><span class=\"text1noticias\">El CEA exhibi\u00f3 en un stand  los detalles del proyecto CEAGANA FIV, a cientos de personas que se dieron cita  los tres d\u00edas de Expo Monte Plata 2013, y realiz\u00f3 un exhibici\u00f3n en el ovalo de la Feria, con parte del ganado de cruzamiento de alta calidad  que recientemente adquiri\u00f3provenientes de M\u00e9xico de las razas Gyr, Guzereat y Nerole.(HG)<\/span>.<\/p>\n<\/p>\n<h6> 2013-10-08 22:31:01 <\/h6>\n<p><!--\n<link rel=\"stylesheet\" href=\"css\/bootstrap.min.css\">\n\n\n<ul class=\"pagination\">\n\t    \n\t\n\n<li >\n\t<a href='?page_no=14676'>Previous<\/a>\n\t<\/li>\n\n\n       \n    \n\n<li><a href='?page_no=1'>1<\/a><\/li>\n\n\n\n<li><a href='?page_no=2'>2<\/a><\/li>\n\n\n\n<li><a>...<\/a><\/li>\n\n\n\n<li><a href='?page_no=14675'>14675<\/a><\/li>\n\n\n\n<li><a href='?page_no=14676'>14676<\/a><\/li>\n\n\n\n<li class='active'><a>14677<\/a><\/li>\n\n\n\n<li><a href='?page_no=14678'>14678<\/a><\/li>\n\n\n\n<li><a href='?page_no=14679'>14679<\/a><\/li>\n\n\n\n<li><a>...<\/a><\/li>\n\n\n\n<li><a href='?page_no=30472'>30472<\/a><\/li>\n\n\n\n<li><a href='?page_no=30473'>30473<\/a><\/li>\n\n    \n\t\n\n<li >\n\t<a href='?page_no=14678'>Next<\/a>\n\t<\/li>\n\n\n    \n\n<li><a href='?page_no=30473'>Last &rsaquo;&rsaquo;<\/a><\/li>\n\n<\/ul>\n\n\n--><br \/>\n<\/body><\/p>\n","protected":false},"excerpt":{"rendered":"<p>Santo Domingo, RD, 8 de Octubre.-El Consejo Estatal del Az\u00facar (CEA), present\u00f3 CEAGANA FIV, el primer laboratorio de Biotecnolog\u00eda y Reproducci\u00f3n Animal del pa\u00eds, en su participaci\u00f3n en la sexta edici\u00f3n de Expo Monte Plata 2013 que se desarroll\u00f3 en la Feria Ganadera. La presentaci\u00f3n la encabez\u00f3 el director Ejecutivo del CEA, licenciado Jos\u00e9 Joaqu\u00ednDom\u00ednguez [&hellip;]<\/p>\n","protected":false},"author":3,"featured_media":0,"comment_status":"open","ping_status":"open","sticky":false,"template":"","format":"standard","meta":{"footnotes":""},"categories":[18],"tags":[],"class_list":["post-99194","post","type-post","status-publish","format-standard","hentry","category-economia"],"_links":{"self":[{"href":"https:\/\/diariodominicano.com\/index.php?rest_route=\/wp\/v2\/posts\/99194","targetHints":{"allow":["GET"]}}],"collection":[{"href":"https:\/\/diariodominicano.com\/index.php?rest_route=\/wp\/v2\/posts"}],"about":[{"href":"https:\/\/diariodominicano.com\/index.php?rest_route=\/wp\/v2\/types\/post"}],"author":[{"embeddable":true,"href":"https:\/\/diariodominicano.com\/index.php?rest_route=\/wp\/v2\/users\/3"}],"replies":[{"embeddable":true,"href":"https:\/\/diariodominicano.com\/index.php?rest_route=%2Fwp%2Fv2%2Fcomments&post=99194"}],"version-history":[{"count":0,"href":"https:\/\/diariodominicano.com\/index.php?rest_route=\/wp\/v2\/posts\/99194\/revisions"}],"wp:attachment":[{"href":"https:\/\/diariodominicano.com\/index.php?rest_route=%2Fwp%2Fv2%2Fmedia&parent=99194"}],"wp:term":[{"taxonomy":"category","embeddable":true,"href":"https:\/\/diariodominicano.com\/index.php?rest_route=%2Fwp%2Fv2%2Fcategories&post=99194"},{"taxonomy":"post_tag","embeddable":true,"href":"https:\/\/diariodominicano.com\/index.php?rest_route=%2Fwp%2Fv2%2Ftags&post=99194"}],"curies":[{"name":"wp","href":"https:\/\/api.w.org\/{rel}","templated":true}]}}