{"id":99192,"date":"2013-10-09T14:57:06","date_gmt":"2013-10-09T14:57:06","guid":{"rendered":"http:\/\/diariodominicano.ddns.net\/?p=99192"},"modified":"2013-10-09T14:57:06","modified_gmt":"2013-10-09T14:57:06","slug":"rd-alcanza-us2-mm-por-pina-exportada-en-lo-que-va-de-ano","status":"publish","type":"post","link":"https:\/\/diariodominicano.com\/?p=99192","title":{"rendered":"RD alcanza US$2 MM por pi\u00f1a exportada en lo que va de a\u00f1o&#13;"},"content":{"rendered":"<p><body><\/p>\n<p><img decoding=\"async\" src=\"img3\/linda 9.jpg\" \/>  <\/p>\n<p>Santo Domingo RD 8 octubre (PL).- Rep\u00fablica Dominicana logr\u00f3 en lo que va de a\u00f1o un mill\u00f3n 890 mil d\u00f3lares por la exportaci\u00f3n de pi\u00f1a en medio del apoyo al desarrollo de ese cultivo, precis\u00f3 el ministro de Agricultura, Luis Ram\u00f3n Rodr\u00edguez.<\/p>\n<\/p>\n<p>Citado por reportes de prensa, el funcionario explic\u00f3 que en el tiempo transcurrido de 2013 la producci\u00f3n de la fruta ascendi\u00f3 a 36 millones 750 mil unidades.<\/p>\n<\/p>\n<p>Rodr\u00edguez destac\u00f3 que dicha cartera impulsa junto a las asociaciones de productores y la asesor\u00eda de organismos internacionales un intensivo programa de asistencia t\u00e9cnica con el fin de elevar la calidad de la pi\u00f1a.<\/p>\n<\/p>\n<p>Este es uno de los rubros agr\u00edcolas que tiene Dominicana con mayores posibilidades para competir en el mercado mundial, y dinamiza la econom\u00eda de las zonas donde se cultiva, subray\u00f3 el titular.<\/p>\n<\/p>\n<h6> 2013-10-09 14:57:06 <\/h6>\n<p><!--\n<link rel=\"stylesheet\" href=\"css\/bootstrap.min.css\">\n\n\n<ul class=\"pagination\">\n\t    \n\t\n\n<li >\n\t<a href='?page_no=14674'>Previous<\/a>\n\t<\/li>\n\n\n       \n    \n\n<li><a href='?page_no=1'>1<\/a><\/li>\n\n\n\n<li><a href='?page_no=2'>2<\/a><\/li>\n\n\n\n<li><a>...<\/a><\/li>\n\n\n\n<li><a href='?page_no=14673'>14673<\/a><\/li>\n\n\n\n<li><a href='?page_no=14674'>14674<\/a><\/li>\n\n\n\n<li class='active'><a>14675<\/a><\/li>\n\n\n\n<li><a href='?page_no=14676'>14676<\/a><\/li>\n\n\n\n<li><a href='?page_no=14677'>14677<\/a><\/li>\n\n\n\n<li><a>...<\/a><\/li>\n\n\n\n<li><a href='?page_no=30472'>30472<\/a><\/li>\n\n\n\n<li><a href='?page_no=30473'>30473<\/a><\/li>\n\n    \n\t\n\n<li >\n\t<a href='?page_no=14676'>Next<\/a>\n\t<\/li>\n\n\n    \n\n<li><a href='?page_no=30473'>Last &rsaquo;&rsaquo;<\/a><\/li>\n\n<\/ul>\n\n\n--><br \/>\n<\/body><\/p>\n","protected":false},"excerpt":{"rendered":"<p>Santo Domingo RD 8 octubre (PL).- Rep\u00fablica Dominicana logr\u00f3 en lo que va de a\u00f1o un mill\u00f3n 890 mil d\u00f3lares por la exportaci\u00f3n de pi\u00f1a en medio del apoyo al desarrollo de ese cultivo, precis\u00f3 el ministro de Agricultura, Luis Ram\u00f3n Rodr\u00edguez. Citado por reportes de prensa, el funcionario explic\u00f3 que en el tiempo transcurrido [&hellip;]<\/p>\n","protected":false},"author":3,"featured_media":0,"comment_status":"open","ping_status":"open","sticky":false,"template":"","format":"standard","meta":{"footnotes":""},"categories":[18],"tags":[],"class_list":["post-99192","post","type-post","status-publish","format-standard","hentry","category-economia"],"_links":{"self":[{"href":"https:\/\/diariodominicano.com\/index.php?rest_route=\/wp\/v2\/posts\/99192","targetHints":{"allow":["GET"]}}],"collection":[{"href":"https:\/\/diariodominicano.com\/index.php?rest_route=\/wp\/v2\/posts"}],"about":[{"href":"https:\/\/diariodominicano.com\/index.php?rest_route=\/wp\/v2\/types\/post"}],"author":[{"embeddable":true,"href":"https:\/\/diariodominicano.com\/index.php?rest_route=\/wp\/v2\/users\/3"}],"replies":[{"embeddable":true,"href":"https:\/\/diariodominicano.com\/index.php?rest_route=%2Fwp%2Fv2%2Fcomments&post=99192"}],"version-history":[{"count":0,"href":"https:\/\/diariodominicano.com\/index.php?rest_route=\/wp\/v2\/posts\/99192\/revisions"}],"wp:attachment":[{"href":"https:\/\/diariodominicano.com\/index.php?rest_route=%2Fwp%2Fv2%2Fmedia&parent=99192"}],"wp:term":[{"taxonomy":"category","embeddable":true,"href":"https:\/\/diariodominicano.com\/index.php?rest_route=%2Fwp%2Fv2%2Fcategories&post=99192"},{"taxonomy":"post_tag","embeddable":true,"href":"https:\/\/diariodominicano.com\/index.php?rest_route=%2Fwp%2Fv2%2Ftags&post=99192"}],"curies":[{"name":"wp","href":"https:\/\/api.w.org\/{rel}","templated":true}]}}