{"id":99187,"date":"2013-10-09T18:14:54","date_gmt":"2013-10-09T18:14:54","guid":{"rendered":"http:\/\/diariodominicano.ddns.net\/?p=99187"},"modified":"2013-10-09T18:14:54","modified_gmt":"2013-10-09T18:14:54","slug":"el-directorio-ejecutivo-del-fmi-concluyo-las-deliberaciones-del-primer-seguimiento-posterior-a-un-programa-con-la-republica-dominicana","status":"publish","type":"post","link":"https:\/\/diariodominicano.com\/?p=99187","title":{"rendered":"&#13;El Directorio Ejecutivo del FMI concluy\u00f3 las deliberaciones del primer seguimiento posterior a un programa con la Rep\u00fablica Dominicana"},"content":{"rendered":"<p><body><\/p>\n<\/p>\n<p><span class=\"text1noticias\"> <\/span><\/p>\n<p><span class=\"text1noticias\">Santo Domingo, RD, 9 de octubre.- El 13 de septiembre de 2013, el Directorio Ejecutivo del Fondo Monetario Internacional (FMI) concluy\u00f3 las deliberaciones del primer seguimiento posterior a un programa con la Rep\u00fablica Dominicana.<\/span><\/p>\n<\/p>\n<\/p>\n<p><span class=\"text1noticias\">De acuerdo con datos preliminares, el PIB real creci\u00f3 1,6 por ciento (interanual) en el primer semestre de 2013, despu\u00e9s de crecer casi 4 por ciento en 2012 y 4,5 por ciento en 2011.<\/span><\/p>\n<\/p>\n<p><span class=\"text1noticias\">La inflaci\u00f3n repunt\u00f3 a comienzos de 2013, tras una disminuci\u00f3n significativa en 2012, debido en parte al impacto de los aumentos de las tasas de impuesto al valor agregado anunciados en noviembre de 2012.<\/span><\/p>\n<\/p>\n<p><span class=\"text1noticias\">En julio de 2013, la inflaci\u00f3n general (interanual) fue 5,7 por ciento, es decir dentro de la banda fijada como meta por el Banco <\/span><\/p>\n<p><span class=\"text1noticias\">Central (4?6 por ciento).<\/span><\/p>\n<\/p>\n<p><span class=\"text1noticias\">La consolidaci\u00f3n fiscal se puso en marcha a finales de 2012. Las medidas tributarias adoptadas en noviembre de 2012, as\u00ed como los ingresos extraordinarios relacionados con una nueva ley de amnist\u00eda fiscal y el adelanto de pagos de impuestos sobre activos financieros, contribuyeron a incrementar los ingresos fiscales a comienzos de 2013.<\/span><\/p>\n<\/p>\n<p><span class=\"text1noticias\">En el lado del gasto, la inversi\u00f3n p\u00fablica se desaceler\u00f3 dr\u00e1sticamente en el primer semestre de 2013 despu\u00e9s de una gran expansi\u00f3n el a\u00f1o previo. En consecuencia, el d\u00e9ficit del sector p\u00fablico no financiero se redujo a 1,1 por ciento del PIB en el primer semestre de 2013, comparado con 6,7 por ciento del PIB en todo el a\u00f1o 2012. <\/span><\/p>\n<\/p>\n<p><span class=\"text1noticias\">Con las pol\u00edticas vigentes, se proyecta que el d\u00e9ficit del sector p\u00fablico consolidado en 2013 disminuir\u00e1 a 4,3 por ciento del PIB, comparado con 7,8 por ciento del PIB el a\u00f1o pasado.<\/span><\/p>\n<\/p>\n<p><span class=\"text1noticias\">En mayo de 2013, el Banco Central flexibiliz\u00f3 la pol\u00edtica monetaria para estimular el crecimiento del cr\u00e9dito en respuesta a la debilidad de los indicadores de actividad econ\u00f3mica y expectativas de inflaci\u00f3n estables. Al final de julio, el cr\u00e9dito al sector privado creci\u00f3 a una tasa interanual de 14 por ciento. La disminuci\u00f3n del encaje legal sobre los dep\u00f3sitos en moneda nacional llevado a cabo en mayo fue un factor importante en el repunte del cr\u00e9dito. Las presiones en el mercado cambiario se intensificaron en agosto y el peso se depreci\u00f3 casi 2 por ciento en ese mes. El 28 de agosto, el Banco Central increment\u00f3 en 200 puntos base la tasa de pol\u00edtica monetaria, hasta 6.25 por ciento. Al final de agosto, las reservas internacionales brutas se encontraban en US$3,7 miles de millones de d\u00f3lares.<\/span><\/p>\n<\/p>\n<p><span class=\"text1noticias\">La perspectiva es de una recuperaci\u00f3n econ\u00f3mica paulatina con inflaci\u00f3n moderada y un fortalecimiento de la posici\u00f3n externa. Sin embargo, persistir\u00e1n los riesgos a la baja generados principalmente por las dificultades en la recuperaci\u00f3n econ\u00f3mica de Estados Unidos y Europa, choques en los precios del petr\u00f3leo, menores precios del oro y las grandes necesidades de financiamiento externo del sector p\u00fablico.<\/span><\/p>\n<\/p>\n<p><span class=\"text1noticias\">Evaluaci\u00f3n del Directorio Ejecutivo<\/span><\/p>\n<\/p>\n<p><span class=\"text1noticias\">Los directores ejecutivos elogiaron los esfuerzos de las autoridades por restablecer la estabilidad macroecon\u00f3mica, incluidas las medidas de ingreso y gasto para reducir el d\u00e9ficit fiscal.<\/span><\/p>\n<\/p>\n<p><span class=\"text1noticias\">No obstante, hicieron notar los riesgos a la baja asociados a la incertidumbre de la situaci\u00f3n mundial y las grandes necesidades de financiamiento, tanto fiscales como externas. En consecuencia, los directores resaltaron la necesidad de abordar las vulnerabilidades restantes para restablecer la confianza de los inversionistas y sustentar la recuperaci\u00f3n econ\u00f3mica.<\/span><\/p>\n<\/p>\n<p><span class=\"text1noticias\">Los directores celebraron el compromiso de las autoridades con la consolidaci\u00f3n fiscal y su intenci\u00f3n de llegar a un balance equilibrado para el sector p\u00fablico no financiero a finales de 2016, lo cual reforzar\u00eda la sostenibilidad de las cuentas fiscales. En este sentido, los directores hicieron hincapi\u00e9 en la necesidad de reformar el sector el\u00e9ctrico para limitar su carga en el presupuesto.<\/span><\/p>\n<\/p>\n<p><span class=\"text1noticias\">Los directores convinieron en que la pol\u00edtica monetaria debe estar orientada a mantener la inflaci\u00f3n en niveles bajos y proteger la posici\u00f3n externa, y respaldaron la intenci\u00f3n de las autoridades de incrementar las reservas internacionales para que sean equivalentes a alrededor de tres meses de importaciones. Los directores celebraron la flexibilizaci\u00f3n del tipo de cambio y la adopci\u00f3n de una posici\u00f3n de pol\u00edtica monetaria m\u00e1s restrictiva en respuesta a presiones en el mercado de divisas.<\/span><\/p>\n<\/p>\n<p><span class=\"text1noticias\">Los directores tomaron nota con satisfacci\u00f3n de las recientes mejoras en la gesti\u00f3n de la liquidez de corto plazo, y alentaron a las autoridades a continuar modernizando el marco monetario, incluyendo su transparencia. En general, los directores subrayaron la importancia de seguir adelante con la recapitalizaci\u00f3n del Banco Central seg\u00fan los lineamientos de la ley de 2007.<\/span><\/p>\n<\/p>\n<p><span class=\"text1noticias\">Los directores observaron que los indicadores de solidez del sector financiero son satisfactorios en t\u00e9rminos generales. Sin embargo, alentaron a las autoridades a corregir el fuerte aumento de la exposici\u00f3n de los bancos al sector p\u00fablico y a mejorar la gobernanza del banco comercial m\u00e1s grande.<\/span><\/p>\n<\/p>\n<p><span class=\"text1noticias\">Los directores dieron la bienvenida a los planes de las autoridades para remediar las deficiencias estructurales en el sector el\u00e9ctrico. En este sentido, enfatizaron la necesidad de una estrategia integral para mejorar la eficiencia del sector sin deteriorar las finanzas p\u00fablicas.<\/span><\/p>\n<\/p>\n<h6> 2013-10-09 18:14:54 <\/h6>\n<p><!--\n<link rel=\"stylesheet\" href=\"css\/bootstrap.min.css\">\n\n\n<ul class=\"pagination\">\n\t    \n\t\n\n<li >\n\t<a href='?page_no=14669'>Previous<\/a>\n\t<\/li>\n\n\n       \n    \n\n<li><a href='?page_no=1'>1<\/a><\/li>\n\n\n\n<li><a href='?page_no=2'>2<\/a><\/li>\n\n\n\n<li><a>...<\/a><\/li>\n\n\n\n<li><a href='?page_no=14668'>14668<\/a><\/li>\n\n\n\n<li><a href='?page_no=14669'>14669<\/a><\/li>\n\n\n\n<li class='active'><a>14670<\/a><\/li>\n\n\n\n<li><a href='?page_no=14671'>14671<\/a><\/li>\n\n\n\n<li><a href='?page_no=14672'>14672<\/a><\/li>\n\n\n\n<li><a>...<\/a><\/li>\n\n\n\n<li><a href='?page_no=30472'>30472<\/a><\/li>\n\n\n\n<li><a href='?page_no=30473'>30473<\/a><\/li>\n\n    \n\t\n\n<li >\n\t<a href='?page_no=14671'>Next<\/a>\n\t<\/li>\n\n\n    \n\n<li><a href='?page_no=30473'>Last &rsaquo;&rsaquo;<\/a><\/li>\n\n<\/ul>\n\n\n--><br \/>\n<\/body><\/p>\n","protected":false},"excerpt":{"rendered":"<p>Santo Domingo, RD, 9 de octubre.- El 13 de septiembre de 2013, el Directorio Ejecutivo del Fondo Monetario Internacional (FMI) concluy\u00f3 las deliberaciones del primer seguimiento posterior a un programa con la Rep\u00fablica Dominicana. De acuerdo con datos preliminares, el PIB real creci\u00f3 1,6 por ciento (interanual) en el primer semestre de 2013, despu\u00e9s de [&hellip;]<\/p>\n","protected":false},"author":3,"featured_media":0,"comment_status":"open","ping_status":"open","sticky":false,"template":"","format":"standard","meta":{"footnotes":""},"categories":[18],"tags":[],"class_list":["post-99187","post","type-post","status-publish","format-standard","hentry","category-economia"],"_links":{"self":[{"href":"https:\/\/diariodominicano.com\/index.php?rest_route=\/wp\/v2\/posts\/99187","targetHints":{"allow":["GET"]}}],"collection":[{"href":"https:\/\/diariodominicano.com\/index.php?rest_route=\/wp\/v2\/posts"}],"about":[{"href":"https:\/\/diariodominicano.com\/index.php?rest_route=\/wp\/v2\/types\/post"}],"author":[{"embeddable":true,"href":"https:\/\/diariodominicano.com\/index.php?rest_route=\/wp\/v2\/users\/3"}],"replies":[{"embeddable":true,"href":"https:\/\/diariodominicano.com\/index.php?rest_route=%2Fwp%2Fv2%2Fcomments&post=99187"}],"version-history":[{"count":0,"href":"https:\/\/diariodominicano.com\/index.php?rest_route=\/wp\/v2\/posts\/99187\/revisions"}],"wp:attachment":[{"href":"https:\/\/diariodominicano.com\/index.php?rest_route=%2Fwp%2Fv2%2Fmedia&parent=99187"}],"wp:term":[{"taxonomy":"category","embeddable":true,"href":"https:\/\/diariodominicano.com\/index.php?rest_route=%2Fwp%2Fv2%2Fcategories&post=99187"},{"taxonomy":"post_tag","embeddable":true,"href":"https:\/\/diariodominicano.com\/index.php?rest_route=%2Fwp%2Fv2%2Ftags&post=99187"}],"curies":[{"name":"wp","href":"https:\/\/api.w.org\/{rel}","templated":true}]}}