{"id":99184,"date":"2013-10-09T18:47:40","date_gmt":"2013-10-09T18:47:40","guid":{"rendered":"http:\/\/diariodominicano.ddns.net\/?p=99184"},"modified":"2013-10-09T18:47:40","modified_gmt":"2013-10-09T18:47:40","slug":"rd-aprovecha-eficazmente-la-cooperacion-tecnica-brasilena","status":"publish","type":"post","link":"https:\/\/diariodominicano.com\/?p=99184","title":{"rendered":"RD aprovecha eficazmente la cooperaci\u00f3n t\u00e9cnica brasile\u00f1a&#13;"},"content":{"rendered":"<p><body><\/p>\n<p><img decoding=\"async\" src=\"http:\/\/localhost:8080\/economia\/img3\/BRASIL.jpg\" \/>  <\/p>\n<p><span class=\"text1noticias\">Santo Domingo, RD, 9 de octubre.-La Rep\u00fablica Dominicana es el pa\u00eds de la regi\u00f3n del Caribe que m\u00e1s se beneficia de los programas de la Agencia Brasile\u00f1a de Cooperaci\u00f3n (ABC), ya que de los 26 proyectos de cooperaci\u00f3n t\u00e9cnica que \u00e9sta desarrolla en el \u00e1rea, 13 se ejecutan en territorio nacional.<\/span><\/p>\n<\/p>\n<p><span class=\"text1noticias\">Esta ponderaci\u00f3n fue hecha por el director de la Agencia, Fernando Marroni de Abreu, quien expres\u00f3 su satisfacci\u00f3n por el nivel de aprovechamiento que hace nuestro pa\u00eds de esta cooperaci\u00f3n, la cual se fundamenta en las \u00e1reas educaci\u00f3n, energ\u00eda y seguridad p\u00fablica.<\/span><\/p>\n<\/p>\n<p><span class=\"text1noticias\">Marroni de Abreu expuso tambi\u00e9n que de las cinco actividades especiales que desarrolla la ABC en el Caribe, tres corresponden a la Rep\u00fablica Dominicana. El director de la ABC present\u00f3 estos datos durante la conferencia magistral \u00abLa Cooperaci\u00f3n T\u00e9cnica Brasile\u00f1a Sur-Sur: El Programa con Rep\u00fablica Dominicana\u00bb, que dict\u00f3 a funcionarios de distintas instituciones gubernamentales, auspiciada por la Canciller\u00eda.<\/span><\/p>\n<\/p>\n<p><span class=\"text1noticias\">Entre las iniciativas que se desarrollan en el pa\u00eds con la cooperaci\u00f3n de esta agencia, el funcionario cit\u00f3 el apoyo al Instituto de Formaci\u00f3n T\u00e9cnico Profesional (IINFOTEP), a trav\u00e9s del Servicio Nacional de Aprendizaje Industrial (SENAI), cuyo monto asciende a US$2 millones, incluyendo asesor\u00eda t\u00e9cnica para organizaci\u00f3n,  recuperaci\u00f3n de talleres, construcci\u00f3n de laboratorios con equipos y maquinarias modernas, as\u00ed como la reingenier\u00eda del edificio de la sede central.<\/span><\/p>\n<\/p>\n<p><span class=\"text1noticias\">Durante esta conferencia, Marroni de Abreu hizo un resumen pormenorizado de las responsabilidades que tiene la agencia que dirige, tanto en naciones del continente americano, como con \u00c1frica, Europa y Oriente Medio. Resalt\u00f3 la importancia que reviste para la cooperaci\u00f3n brasile\u00f1a la participaci\u00f3n del Ministerio de Relaciones Exteriores, a trav\u00e9s de su red de Embajadas y Consulados, y como interlocutor con los actores de la cooperaci\u00f3n.<\/span><\/p>\n<\/p>\n<p><span class=\"text1noticias\">Especific\u00f3 que la cooperaci\u00f3n t\u00e9cnica brasile\u00f1a beneficia a unos 98 pa\u00edses, distribuidos de la siguiente manera: 20 de Am\u00e9rica Central y el Caribe; 11 de Am\u00e9rica del Sur; 42 de \u00c1frica; 22 de Asia y Oriente Medio, y 3 de Europa.<\/span><\/p>\n<\/p>\n<p><span class=\"text1noticias\">Explic\u00f3 que la ABC tiene estipulados unos US$40 millones en proyectos a ser implementados en Am\u00e9rica del Sur, Am\u00e9rica Central y el Caribe en los pr\u00f3ximos tres a\u00f1os. <\/span><\/p>\n<\/p>\n<p><span class=\"text1noticias\">Manifest\u00f3 que desde el 2005 hasta el 2012, el mayor porcentaje de la cooperaci\u00f3n brasile\u00f1a en esta zona ha correspondido al sector de la salud, seguido por seguridad p\u00fablica, medio ambiente, educaci\u00f3n, administraci\u00f3n p\u00fablica, energ\u00eda, desarrollo social, ciencia y tecnolog\u00eda, entre otras categor\u00edas. Actualmente, en esta regi\u00f3n se ejecutan en total 108 proyectos y 52 actividades especiales.<\/span><\/p>\n<\/p>\n<p><span class=\"text1noticias\">Esta conferencia dictada por el doctor Fernando Marroni de Abreu y desarrollada en la Canciller\u00eda, estuvo encabezada por el viceministro C\u00e9sar Darg\u00e1n.<\/span><\/p>\n<\/p>\n<p><span class=\"text1noticias\">Tambi\u00e9n participaron la viceministra de Pol\u00edtica Exterior, Alejandra Liriano; el Viceministro de Cooperaci\u00f3n Internacional del Ministerio de Econom\u00eda, Planificaci\u00f3n y Desarrollo, Inocencio Garc\u00eda; el rector del Instituto de Educaci\u00f3n Superior en Formaci\u00f3n Diplom\u00e1tica y Consular \u00abDr. Eduardo Latorre Rodr\u00edguez\u00bb, embajador Reinaldo Espinal, as\u00ed como el embajador dominicano en Brasil,  H\u00e9ctor Dionisio P\u00e9rez y funcionarios de distintas dependencias gubernamentales.(HG)<\/span>.<\/p>\n<\/p>\n<h6> 2013-10-09 18:47:40 <\/h6>\n<p><!--\n<link rel=\"stylesheet\" href=\"css\/bootstrap.min.css\">\n\n\n<ul class=\"pagination\">\n\t    \n\t\n\n<li >\n\t<a href='?page_no=14667'>Previous<\/a>\n\t<\/li>\n\n\n       \n    \n\n<li><a href='?page_no=1'>1<\/a><\/li>\n\n\n\n<li><a href='?page_no=2'>2<\/a><\/li>\n\n\n\n<li><a>...<\/a><\/li>\n\n\n\n<li><a href='?page_no=14666'>14666<\/a><\/li>\n\n\n\n<li><a href='?page_no=14667'>14667<\/a><\/li>\n\n\n\n<li class='active'><a>14668<\/a><\/li>\n\n\n\n<li><a href='?page_no=14669'>14669<\/a><\/li>\n\n\n\n<li><a href='?page_no=14670'>14670<\/a><\/li>\n\n\n\n<li><a>...<\/a><\/li>\n\n\n\n<li><a href='?page_no=30472'>30472<\/a><\/li>\n\n\n\n<li><a href='?page_no=30473'>30473<\/a><\/li>\n\n    \n\t\n\n<li >\n\t<a href='?page_no=14669'>Next<\/a>\n\t<\/li>\n\n\n    \n\n<li><a href='?page_no=30473'>Last &rsaquo;&rsaquo;<\/a><\/li>\n\n<\/ul>\n\n\n--><br \/>\n<\/body><\/p>\n","protected":false},"excerpt":{"rendered":"<p>Santo Domingo, RD, 9 de octubre.-La Rep\u00fablica Dominicana es el pa\u00eds de la regi\u00f3n del Caribe que m\u00e1s se beneficia de los programas de la Agencia Brasile\u00f1a de Cooperaci\u00f3n (ABC), ya que de los 26 proyectos de cooperaci\u00f3n t\u00e9cnica que \u00e9sta desarrolla en el \u00e1rea, 13 se ejecutan en territorio nacional. Esta ponderaci\u00f3n fue hecha [&hellip;]<\/p>\n","protected":false},"author":3,"featured_media":0,"comment_status":"open","ping_status":"open","sticky":false,"template":"","format":"standard","meta":{"footnotes":""},"categories":[18],"tags":[],"class_list":["post-99184","post","type-post","status-publish","format-standard","hentry","category-economia"],"_links":{"self":[{"href":"https:\/\/diariodominicano.com\/index.php?rest_route=\/wp\/v2\/posts\/99184","targetHints":{"allow":["GET"]}}],"collection":[{"href":"https:\/\/diariodominicano.com\/index.php?rest_route=\/wp\/v2\/posts"}],"about":[{"href":"https:\/\/diariodominicano.com\/index.php?rest_route=\/wp\/v2\/types\/post"}],"author":[{"embeddable":true,"href":"https:\/\/diariodominicano.com\/index.php?rest_route=\/wp\/v2\/users\/3"}],"replies":[{"embeddable":true,"href":"https:\/\/diariodominicano.com\/index.php?rest_route=%2Fwp%2Fv2%2Fcomments&post=99184"}],"version-history":[{"count":0,"href":"https:\/\/diariodominicano.com\/index.php?rest_route=\/wp\/v2\/posts\/99184\/revisions"}],"wp:attachment":[{"href":"https:\/\/diariodominicano.com\/index.php?rest_route=%2Fwp%2Fv2%2Fmedia&parent=99184"}],"wp:term":[{"taxonomy":"category","embeddable":true,"href":"https:\/\/diariodominicano.com\/index.php?rest_route=%2Fwp%2Fv2%2Fcategories&post=99184"},{"taxonomy":"post_tag","embeddable":true,"href":"https:\/\/diariodominicano.com\/index.php?rest_route=%2Fwp%2Fv2%2Ftags&post=99184"}],"curies":[{"name":"wp","href":"https:\/\/api.w.org\/{rel}","templated":true}]}}