{"id":99183,"date":"2013-10-09T19:23:38","date_gmt":"2013-10-09T19:23:38","guid":{"rendered":"http:\/\/diariodominicano.ddns.net\/?p=99183"},"modified":"2013-10-09T19:23:38","modified_gmt":"2013-10-09T19:23:38","slug":"afirma-congreso-lacteo-beneficia-a-todos-los-ganaderos-del-pais","status":"publish","type":"post","link":"https:\/\/diariodominicano.com\/?p=99183","title":{"rendered":"Afirma congreso l\u00e1cteo beneficia a todos los ganaderos del pa\u00eds"},"content":{"rendered":"<p><body><\/p>\n<p><img decoding=\"async\" src=\"img3\/LACTEO.jpg\" \/>  <\/p>\n<p><span class=\"text1noticias\">Santo Domingo, RD, 9 de Octubre.- El ministro de Agricultura, Luis Ram\u00f3n Rodr\u00edguez afirm\u00f3 que el congreso nacional \u00abImpulso a la cadena de l\u00e1cteos a partir de lo local\u00bb, que se desarrollar\u00e1 los d\u00edas 11 y 12 de este mes en Punta Cana, es una iniciativa que se enmarca dentro del enfoque de desarrollo sostenible que impulsa esa instituci\u00f3n a favor de todos los ganaderos del pa\u00eds.<\/span><\/p>\n<\/p>\n<p><span class=\"text1noticias\">El funcionario dijo que el evento es promovido a trav\u00e9s de la Direcci\u00f3n General de Ganader\u00eda, con el patrocinio de las federaciones de ganaderos y el apoyo del Programa de las Naciones Unidas para el Desarrollo (PNUD), como una forma de que los ganaderos se pongan a la altura de los tiempos en tecnolog\u00eda y nuevos conocimientos, para tener una mejor calidad de la leche.<\/span><\/p>\n<\/p>\n<p><span class=\"text1noticias\">\u00abJunto con la Red de Agencias de Desarrollo Econ\u00f3mico y Local (Red Adeldom), estamos organizando este congreso como un reconocimiento de la importancia que tiene la ganader\u00eda para el desarrollo econ\u00f3mico del pa\u00eds\u00bb, explic\u00f3 Rodr\u00edguez, tras afirmar que Agricultura apoya todas las iniciativas que vayan en beneficio de la autosuficiencia lechera.<\/span><\/p>\n<\/p>\n<p><span class=\"text1noticias\">Red Adeldom son instituciones locales sin fines de lucro compuestas por todos los sectores que intervienen en la cadena de l\u00e1cteos del pa\u00eds, y tiene agencias de desarrollo en las provincias Dajab\u00f3n, S\u00e1nchez Ram\u00edrez, El Seibo, Monte Plata, Bahoruco y La Altagracia.<\/span><\/p>\n<\/p>\n<p><span class=\"text1noticias\">El ministro Rodr\u00edguez adelant\u00f3 que en el congreso se har\u00e1n importantes exposiciones sobre temas de actualidad, donde t\u00e9cnicos nacionales y extranjeros socializar\u00e1n conocimientos acerca de las pr\u00e1cticas m\u00e1s usuales para el fortalecimiento de la ganader\u00eda de leche.<\/span><\/p>\n<\/p>\n<p><span class=\"text1noticias\">Destaco el apoyo del PNUD y otros organismos internacionales para la implementaci\u00f3n del enfoque de desarrollo local de cadenas de valores, capaces de articular en redes el potencial de la industria l\u00e1ctea del pa\u00eds.<\/span><\/p>\n<\/p>\n<p><span class=\"text1noticias\">\u00abEste enfoque nos permite motorizar las econom\u00edas locales, donde se ha logrado dinamizar los territorios a partir de su propio desarrollo\u00bb, afirm\u00f3 el ministro de Agricultura, quien anunci\u00f3 la participaci\u00f3n en el congreso de todas las instituciones p\u00fablicas del sector agropecuario.<\/span><\/p>\n<\/p>\n<p><span class=\"text1noticias\">El congreso sobre el impulso de la cadena l\u00e1ctea ser\u00e1 celebrado este viernes 11 y s\u00e1bado 12, en el hotel Be Live, en Punta Cana.(HG)<\/span>.<\/p>\n<h6> 2013-10-09 19:23:38 <\/h6>\n<p><!--\n<link rel=\"stylesheet\" href=\"css\/bootstrap.min.css\">\n\n\n<ul class=\"pagination\">\n\t    \n\t\n\n<li >\n\t<a href='?page_no=14666'>Previous<\/a>\n\t<\/li>\n\n\n       \n    \n\n<li><a href='?page_no=1'>1<\/a><\/li>\n\n\n\n<li><a href='?page_no=2'>2<\/a><\/li>\n\n\n\n<li><a>...<\/a><\/li>\n\n\n\n<li><a href='?page_no=14665'>14665<\/a><\/li>\n\n\n\n<li><a href='?page_no=14666'>14666<\/a><\/li>\n\n\n\n<li class='active'><a>14667<\/a><\/li>\n\n\n\n<li><a href='?page_no=14668'>14668<\/a><\/li>\n\n\n\n<li><a href='?page_no=14669'>14669<\/a><\/li>\n\n\n\n<li><a>...<\/a><\/li>\n\n\n\n<li><a href='?page_no=30472'>30472<\/a><\/li>\n\n\n\n<li><a href='?page_no=30473'>30473<\/a><\/li>\n\n    \n\t\n\n<li >\n\t<a href='?page_no=14668'>Next<\/a>\n\t<\/li>\n\n\n    \n\n<li><a href='?page_no=30473'>Last &rsaquo;&rsaquo;<\/a><\/li>\n\n<\/ul>\n\n\n--><br \/>\n<\/body><\/p>\n","protected":false},"excerpt":{"rendered":"<p>Santo Domingo, RD, 9 de Octubre.- El ministro de Agricultura, Luis Ram\u00f3n Rodr\u00edguez afirm\u00f3 que el congreso nacional \u00abImpulso a la cadena de l\u00e1cteos a partir de lo local\u00bb, que se desarrollar\u00e1 los d\u00edas 11 y 12 de este mes en Punta Cana, es una iniciativa que se enmarca dentro del enfoque de desarrollo sostenible [&hellip;]<\/p>\n","protected":false},"author":3,"featured_media":0,"comment_status":"open","ping_status":"open","sticky":false,"template":"","format":"standard","meta":{"footnotes":""},"categories":[18],"tags":[],"class_list":["post-99183","post","type-post","status-publish","format-standard","hentry","category-economia"],"_links":{"self":[{"href":"https:\/\/diariodominicano.com\/index.php?rest_route=\/wp\/v2\/posts\/99183","targetHints":{"allow":["GET"]}}],"collection":[{"href":"https:\/\/diariodominicano.com\/index.php?rest_route=\/wp\/v2\/posts"}],"about":[{"href":"https:\/\/diariodominicano.com\/index.php?rest_route=\/wp\/v2\/types\/post"}],"author":[{"embeddable":true,"href":"https:\/\/diariodominicano.com\/index.php?rest_route=\/wp\/v2\/users\/3"}],"replies":[{"embeddable":true,"href":"https:\/\/diariodominicano.com\/index.php?rest_route=%2Fwp%2Fv2%2Fcomments&post=99183"}],"version-history":[{"count":0,"href":"https:\/\/diariodominicano.com\/index.php?rest_route=\/wp\/v2\/posts\/99183\/revisions"}],"wp:attachment":[{"href":"https:\/\/diariodominicano.com\/index.php?rest_route=%2Fwp%2Fv2%2Fmedia&parent=99183"}],"wp:term":[{"taxonomy":"category","embeddable":true,"href":"https:\/\/diariodominicano.com\/index.php?rest_route=%2Fwp%2Fv2%2Fcategories&post=99183"},{"taxonomy":"post_tag","embeddable":true,"href":"https:\/\/diariodominicano.com\/index.php?rest_route=%2Fwp%2Fv2%2Ftags&post=99183"}],"curies":[{"name":"wp","href":"https:\/\/api.w.org\/{rel}","templated":true}]}}