{"id":99182,"date":"2013-10-09T19:45:09","date_gmt":"2013-10-09T19:45:09","guid":{"rendered":"http:\/\/diariodominicano.ddns.net\/?p=99182"},"modified":"2013-10-09T19:45:09","modified_gmt":"2013-10-09T19:45:09","slug":"crean-asociacion-interamericana-de-empresas-para-fomentar-relaciones-de-negocios-amparada-en-la-norma-isso-26000","status":"publish","type":"post","link":"https:\/\/diariodominicano.com\/?p=99182","title":{"rendered":"&#13;Crean Asociaci\u00f3n Interamericana de Empresas para fomentar relaciones de negocios amparada en la Norma ISSO 26,000."},"content":{"rendered":"<p><body><\/p>\n<p><img decoding=\"async\" src=\"img3\/JURAMENTACION.jpg\" \/>  <\/p>\n<p><span class=\"text1noticias\">Santo Domingo, RD, 9 de Octubre.-La Asociaci\u00f3n Interamericana de Empresas (ASINE), organizaci\u00f3n no lucrativa de reciente creaci\u00f3n, llam\u00f3 la atenci\u00f3n para identificar nuevas opciones  de negocios en el mercado internacional con un enfoque de m\u00e1s sentido humano, y amparadas en la Norma ISSO 26,000.<\/span><\/p>\n<\/p>\n<p><span class=\"text1noticias\">Asimismo, endos\u00f3 la propuesta de crear la Zona Econ\u00f3mica de Petro Caribe formulada durante la \u00faltima reuni\u00f3n de los pa\u00edses miembro, al considerar que la apertura de un nuevo mercado para el pago de la deuda de la factura petrolera de Rep\u00fablica Dominicana con productos y bienes a Venezuela, entra\u00f1a una estupenda oportunidad para los sectores productivos nacionales.<\/span><\/p>\n<\/p>\n<p><span class=\"text1noticias\">El ingeniero Leonel Castellanos, presidente electo de ASINE, resalt\u00f3 la necesidad de reformular la pol\u00edtica comercial del pa\u00eds aumentando el consumo mediante la generaci\u00f3n de m\u00e1s empleos, y explorando otros mercados en la regi\u00f3n del Caribe y Centroam\u00e9rica.<\/span><\/p>\n<\/p>\n<p><span class=\"text1noticias\">Castellanos extern\u00f3 estos criterios con motivo de pronunciar las palabras centrales del acto de lanzamiento y juramentaci\u00f3n del nuevo consejo directivo de ASINE, que tuvo lugar este lunes 7 de los corrientes, en el sal\u00f3n Multiusos de la Torre Empresarial AIRD.<\/span><\/p>\n<\/p>\n<p><span class=\"text1noticias\">\u00abEstamos creciendo pero sin desarrollo, por lo que de cara al futuro inmediato tenemos m\u00faltiples retos debemos encarar, por lo cual desde ASINE estamos obligados a promover acciones que motiven pol\u00edticas que impulsen la inversi\u00f3n privada, generando m\u00e1s empleos y transformando la visi\u00f3n del Estado frente al desarrollo\u00bb, enfatiz\u00f3.<\/span><\/p>\n<\/p>\n<p><span class=\"text1noticias\">ASINE, otrora Asociaci\u00f3n Interamericana de Hombres de Empresas, se propone crear un nuevo marco de negocios que trascienda al \u00e1mbito internacional con un enfoque m\u00e1s humano, y busca con su misi\u00f3n propiciar las relaciones econ\u00f3micas y sociales de la clase empresarial y de negocios dominicana y\/ e internacional, dentro del marco de la responsabilidad social amparada en la Norma ISSO 26,000.<\/span><\/p>\n<p> <span class=\"text1noticias\"> <\/span><\/p>\n<p><span class=\"text1noticias\">De igual manera, Leonel Castellanos expres\u00f3 su preocupaci\u00f3n a prop\u00f3sito del ante proyecto de Presupuesto de Ley y Gastos P\u00fablicos que acaba de someter el Poder Ejecutivo en el congreso de la Rep\u00fablica, ya que a su juicio  \u00abseguimos con un presupuesto abultado que no corresponde a los ingresos estimados en las recaudaciones del Estado, lo que significa que hay que compensarlo con un endeudamiento para cubrir el d\u00e9ficit\u00bb.<\/span><\/p>\n<\/p>\n<p><span class=\"text1noticias\">Se\u00f1al\u00f3 que la preocupaci\u00f3n del sector privado no radica en el monto de la presi\u00f3n tributaria, sino en el uso adecuado que se le asigne a los recursos.<\/span><\/p>\n<\/p>\n<p><span class=\"text1noticias\">\u00abEl sector privado es consciente que Estado dominicano necesita recursos para llevar a cabo sus acciones sociales, sea 29, 30 40 tributamos felizmente, siempre y cuando esto sea redituable a la sociedad en su conjunto\u00bb, dijo.<\/span><\/p>\n<\/p>\n<p><span class=\"text1noticias\">\u00abDe ah\u00ed  la insistencia de tantos sectores reclamando la reorientaci\u00f3n del gasto p\u00fablico y la reducci\u00f3n de la n\u00f3minas en las instituciones p\u00fablicas, adem\u00e1s de que se le preste mayor importancia al dise\u00f1o de pol\u00edticas p\u00fablicas a la inversi\u00f3n en los servicios de salud y educaci\u00f3n en aras de una mayor redistribuci\u00f3n de la riqueza\u00bb, agreg\u00f3.<\/span><\/p>\n<\/p>\n<p><span class=\"text1noticias\">La nueva junta directiva que regir\u00e1 los destinos institucionales de ASINE est\u00e1 conformada adem\u00e1s por los se\u00f1ores Carlos Iglesias y Pedro Manuel Garc\u00eda, 1er vicepresidente y vicepresidente regional respectivamente;  Ricardo Abud Gobaira, secretario y Radham\u00e9s Garc\u00eda, tesorero.<\/span><\/p>\n<\/p>\n<p><span class=\"text1noticias\">En condici\u00f3n de Directores figuran los se\u00f1ores H\u00e9ctor Evertz, Alem\u00e1n Aristy, Luis Casta\u00f1os, Marcos Vilorio Dom\u00ednguez, Emilio Hasb\u00fan, Jack Liang y Carlos Cintr\u00f3n.<\/span><\/p>\n<\/p>\n<p><span class=\"text1noticias\">A la actividad se dieron cita dirigentes de organizaciones empresariales, connotadas personalidades del quehacer privado y p\u00fablico, de negocios as\u00ed como medios de comunicaci\u00f3n nacionales.(HG)<\/span>.<\/p>\n<\/p>\n<h6> 2013-10-09 19:45:09 <\/h6>\n<p><!--\n<link rel=\"stylesheet\" href=\"css\/bootstrap.min.css\">\n\n\n<ul class=\"pagination\">\n\t    \n\t\n\n<li >\n\t<a href='?page_no=14665'>Previous<\/a>\n\t<\/li>\n\n\n       \n    \n\n<li><a href='?page_no=1'>1<\/a><\/li>\n\n\n\n<li><a href='?page_no=2'>2<\/a><\/li>\n\n\n\n<li><a>...<\/a><\/li>\n\n\n\n<li><a href='?page_no=14664'>14664<\/a><\/li>\n\n\n\n<li><a href='?page_no=14665'>14665<\/a><\/li>\n\n\n\n<li class='active'><a>14666<\/a><\/li>\n\n\n\n<li><a href='?page_no=14667'>14667<\/a><\/li>\n\n\n\n<li><a href='?page_no=14668'>14668<\/a><\/li>\n\n\n\n<li><a>...<\/a><\/li>\n\n\n\n<li><a href='?page_no=30472'>30472<\/a><\/li>\n\n\n\n<li><a href='?page_no=30473'>30473<\/a><\/li>\n\n    \n\t\n\n<li >\n\t<a href='?page_no=14667'>Next<\/a>\n\t<\/li>\n\n\n    \n\n<li><a href='?page_no=30473'>Last &rsaquo;&rsaquo;<\/a><\/li>\n\n<\/ul>\n\n\n--><br \/>\n<\/body><\/p>\n","protected":false},"excerpt":{"rendered":"<p>Santo Domingo, RD, 9 de Octubre.-La Asociaci\u00f3n Interamericana de Empresas (ASINE), organizaci\u00f3n no lucrativa de reciente creaci\u00f3n, llam\u00f3 la atenci\u00f3n para identificar nuevas opciones de negocios en el mercado internacional con un enfoque de m\u00e1s sentido humano, y amparadas en la Norma ISSO 26,000. Asimismo, endos\u00f3 la propuesta de crear la Zona Econ\u00f3mica de Petro [&hellip;]<\/p>\n","protected":false},"author":3,"featured_media":0,"comment_status":"open","ping_status":"open","sticky":false,"template":"","format":"standard","meta":{"footnotes":""},"categories":[18],"tags":[],"class_list":["post-99182","post","type-post","status-publish","format-standard","hentry","category-economia"],"_links":{"self":[{"href":"https:\/\/diariodominicano.com\/index.php?rest_route=\/wp\/v2\/posts\/99182","targetHints":{"allow":["GET"]}}],"collection":[{"href":"https:\/\/diariodominicano.com\/index.php?rest_route=\/wp\/v2\/posts"}],"about":[{"href":"https:\/\/diariodominicano.com\/index.php?rest_route=\/wp\/v2\/types\/post"}],"author":[{"embeddable":true,"href":"https:\/\/diariodominicano.com\/index.php?rest_route=\/wp\/v2\/users\/3"}],"replies":[{"embeddable":true,"href":"https:\/\/diariodominicano.com\/index.php?rest_route=%2Fwp%2Fv2%2Fcomments&post=99182"}],"version-history":[{"count":0,"href":"https:\/\/diariodominicano.com\/index.php?rest_route=\/wp\/v2\/posts\/99182\/revisions"}],"wp:attachment":[{"href":"https:\/\/diariodominicano.com\/index.php?rest_route=%2Fwp%2Fv2%2Fmedia&parent=99182"}],"wp:term":[{"taxonomy":"category","embeddable":true,"href":"https:\/\/diariodominicano.com\/index.php?rest_route=%2Fwp%2Fv2%2Fcategories&post=99182"},{"taxonomy":"post_tag","embeddable":true,"href":"https:\/\/diariodominicano.com\/index.php?rest_route=%2Fwp%2Fv2%2Ftags&post=99182"}],"curies":[{"name":"wp","href":"https:\/\/api.w.org\/{rel}","templated":true}]}}