{"id":99176,"date":"2013-10-10T18:25:20","date_gmt":"2013-10-10T18:25:20","guid":{"rendered":"http:\/\/diariodominicano.ddns.net\/?p=99176"},"modified":"2013-10-10T18:25:20","modified_gmt":"2013-10-10T18:25:20","slug":"brasil-ayudara-a-evaluar-educacion-basica-rd","status":"publish","type":"post","link":"https:\/\/diariodominicano.com\/?p=99176","title":{"rendered":"Brasil ayudar\u00e1 a evaluar educaci\u00f3n b\u00e1sica RD"},"content":{"rendered":"<p><body><\/p>\n<p><img decoding=\"async\" src=\"img3\/brasil.jpg\" \/>  <\/p>\n<p><span class=\"text1noticias\">Santo Domingo, RD, 10 de Octubre.-La Rep\u00fablica Dominicana y Brasil suscribieron un acuerdo para fortalecer el sistema de evaluaci\u00f3n en educaci\u00f3n b\u00e1sica con una mejora en la calidad de las herramientas con que es medido el desempe\u00f1o de los estudiantes dominicanos. <\/span><\/p>\n<\/p>\n<p><span class=\"text1noticias\">El convenio fue suscrito en el Ministerio de Econom\u00eda, Planificaci\u00f3n y Desarrollo por el viceministro de Cooperaci\u00f3n Internacional, Inocencio Garc\u00eda Javier, acompa\u00f1ado del embajador dominicano en Brasil, Dionis P\u00e9rez, y del director de Cooperaci\u00f3n Bilateral, Nelson Felipe Valdez.<\/span><\/p>\n<\/p>\n<p><span class=\"text1noticias\">Por la Agencia Brasile\u00f1a de Cooperaci\u00f3n (ABC), firm\u00f3 su director, el embajador Fernando Abreu, acompa\u00f1ado entre otros comisionados de Mar\u00eda Cristina Pereyra, ministra consejera, encargada de negocios de la embajada. <\/span><\/p>\n<\/p>\n<p><span class=\"text1noticias\">El Ministerio de Educaci\u00f3n, la entidad ejecutor del proyecto, estuvo representado por su viceministro de Planificaci\u00f3n, V\u00edctor S\u00e1nchez, inform\u00f3 la Unidad de Comunicaciones del Ministerio de Econom\u00eda, Planificaci\u00f3n y Desarrollo.<\/span><\/p>\n<\/p>\n<p><span class=\"text1noticias\">La entidad ejecutora brasile\u00f1a es el Instituto Nacional de Estudios e Investigaci\u00f3n en Educaci\u00f3n \u00abAnisio Teixeira\u00bb (INEP), que cuenta con expertos en instrumentos que permiten recolectar informaci\u00f3n educativa para construir indicadores para monitorear pol\u00edticas educativas en marcha y nuevas.<\/span><\/p>\n<\/p>\n<p><span class=\"text1noticias\">El INEP contribuir\u00e1 al desarrollo de recursos humanos en capacidades para adquirir esos instrumentos, en particular estrategias para el uso de informaciones obtenidas de evaluaciones externas, y tambi\u00e9n a desarrollar instrumentos de medici\u00f3n que permitan mejorar la competencia en resoluci\u00f3n de problemas.<\/span><\/p>\n<\/p>\n<p><span class=\"text1noticias\">Tambi\u00e9n a desarrollar instrumentos y procedimientos dirigidos a mejorar la calidad educativa, las bases de datos educativos y el desarrollo de indicadores para monitorear variaciones en la calidad educativa.<\/span><\/p>\n<\/p>\n<p><span class=\"text1noticias\">Al final del proyecto, de un a\u00f1o de duraci\u00f3n, se espera que el Ministerio de Educaci\u00f3n cuente con personal capacitado para el desarrollo de herramientas propias de monitoreo de la calidad educativa de nivel b\u00e1sico.<\/span><\/p>\n<\/p>\n<p><span class=\"text1noticias\">La suscripci\u00f3n del convenio fue en el marco de una evaluaci\u00f3n de los proyectos en ejecuci\u00f3n y ejecutados con financiaci\u00f3n de la agencia brasile\u00f1a, como el apoyo t\u00e9cnico para la creaci\u00f3n de una red de bancos de leche humana y el banco de leche humana que opera en la Maternidad de la Altagracia. <\/span><\/p>\n<\/p>\n<p><span class=\"text1noticias\">Este proyecto en particular ha implicado una reducci\u00f3n de acuerdo a informes estad\u00edsticos oficiales de 21% en muertes infantiles causadas por falta de leche materna.<\/span><\/p>\n<\/p>\n<p><span class=\"text1noticias\">En este sentido, el director de la agencia brasile\u00f1a elogi\u00f3 la eficiencia de los trabajos expresados en los resultados que muestran una eficacia en las relaciones bilaterales.(HG)<\/span>. <\/p>\n<h6> 2013-10-10 18:25:20 <\/h6>\n<p><!--\n<link rel=\"stylesheet\" href=\"css\/bootstrap.min.css\">\n\n\n<ul class=\"pagination\">\n\t    \n\t\n\n<li >\n\t<a href='?page_no=14659'>Previous<\/a>\n\t<\/li>\n\n\n       \n    \n\n<li><a href='?page_no=1'>1<\/a><\/li>\n\n\n\n<li><a href='?page_no=2'>2<\/a><\/li>\n\n\n\n<li><a>...<\/a><\/li>\n\n\n\n<li><a href='?page_no=14658'>14658<\/a><\/li>\n\n\n\n<li><a href='?page_no=14659'>14659<\/a><\/li>\n\n\n\n<li class='active'><a>14660<\/a><\/li>\n\n\n\n<li><a href='?page_no=14661'>14661<\/a><\/li>\n\n\n\n<li><a href='?page_no=14662'>14662<\/a><\/li>\n\n\n\n<li><a>...<\/a><\/li>\n\n\n\n<li><a href='?page_no=30472'>30472<\/a><\/li>\n\n\n\n<li><a href='?page_no=30473'>30473<\/a><\/li>\n\n    \n\t\n\n<li >\n\t<a href='?page_no=14661'>Next<\/a>\n\t<\/li>\n\n\n    \n\n<li><a href='?page_no=30473'>Last &rsaquo;&rsaquo;<\/a><\/li>\n\n<\/ul>\n\n\n--><br \/>\n<\/body><\/p>\n","protected":false},"excerpt":{"rendered":"<p>Santo Domingo, RD, 10 de Octubre.-La Rep\u00fablica Dominicana y Brasil suscribieron un acuerdo para fortalecer el sistema de evaluaci\u00f3n en educaci\u00f3n b\u00e1sica con una mejora en la calidad de las herramientas con que es medido el desempe\u00f1o de los estudiantes dominicanos. El convenio fue suscrito en el Ministerio de Econom\u00eda, Planificaci\u00f3n y Desarrollo por el [&hellip;]<\/p>\n","protected":false},"author":3,"featured_media":0,"comment_status":"open","ping_status":"open","sticky":false,"template":"","format":"standard","meta":{"footnotes":""},"categories":[18],"tags":[],"class_list":["post-99176","post","type-post","status-publish","format-standard","hentry","category-economia"],"_links":{"self":[{"href":"https:\/\/diariodominicano.com\/index.php?rest_route=\/wp\/v2\/posts\/99176","targetHints":{"allow":["GET"]}}],"collection":[{"href":"https:\/\/diariodominicano.com\/index.php?rest_route=\/wp\/v2\/posts"}],"about":[{"href":"https:\/\/diariodominicano.com\/index.php?rest_route=\/wp\/v2\/types\/post"}],"author":[{"embeddable":true,"href":"https:\/\/diariodominicano.com\/index.php?rest_route=\/wp\/v2\/users\/3"}],"replies":[{"embeddable":true,"href":"https:\/\/diariodominicano.com\/index.php?rest_route=%2Fwp%2Fv2%2Fcomments&post=99176"}],"version-history":[{"count":0,"href":"https:\/\/diariodominicano.com\/index.php?rest_route=\/wp\/v2\/posts\/99176\/revisions"}],"wp:attachment":[{"href":"https:\/\/diariodominicano.com\/index.php?rest_route=%2Fwp%2Fv2%2Fmedia&parent=99176"}],"wp:term":[{"taxonomy":"category","embeddable":true,"href":"https:\/\/diariodominicano.com\/index.php?rest_route=%2Fwp%2Fv2%2Fcategories&post=99176"},{"taxonomy":"post_tag","embeddable":true,"href":"https:\/\/diariodominicano.com\/index.php?rest_route=%2Fwp%2Fv2%2Ftags&post=99176"}],"curies":[{"name":"wp","href":"https:\/\/api.w.org\/{rel}","templated":true}]}}