{"id":99170,"date":"2013-10-11T15:02:26","date_gmt":"2013-10-11T15:02:26","guid":{"rendered":"http:\/\/diariodominicano.ddns.net\/?p=99170"},"modified":"2013-10-11T15:02:26","modified_gmt":"2013-10-11T15:02:26","slug":"la-ied-en-rd-bajo-65-en-el-primer-semestre-de-acuerdo-a-la-cepal","status":"publish","type":"post","link":"https:\/\/diariodominicano.com\/?p=99170","title":{"rendered":"La IED en RD baj\u00f3 65% en el primer semestre de acuerdo a la CEPAL&#13;"},"content":{"rendered":"<p><body><\/p>\n<p><img decoding=\"async\" src=\"img3\/bella 11.jpeg\" \/>  <\/p>\n<p>Santo Domingo RD 11 octubre.- La Comisi\u00f3n Econ\u00f3mica para Am\u00e9rica Latina y el Caribe (Cepal) inform\u00f3 que las corrientes de inversi\u00f3n extranjera directa (IED) hacia Am\u00e9rica Latina tuvieron un moderado crecimiento durante la primera mitad de este a\u00f1o en comparaci\u00f3n con igual per\u00edodo de 2012.<\/p>\n<\/p>\n<p>Los 13 pa\u00edses de la regi\u00f3n que presentan datos recibieron US$102.951 millones, monto 6% superior a lo registrado durante el primer semestre del a\u00f1o anterior. No obstante, en los primeros siete meses de este a\u00f1o, las entradas a Chile disminuyeron 26% en comparaci\u00f3n con el mismo per\u00edodo de 2012, aunque esta ca\u00edda obedece a operaciones extraordinarias registradas en abril. <\/p>\n<\/p>\n<p>Ca\u00edda RD fue de 65%<\/p>\n<p>Las corrientes tambi\u00e9n cayeron en Guatemala, Argentina y Rep\u00fablica Dominicana, donde una gran adquisici\u00f3n aument\u00f3 considerablemente las cifras de 2012 (Anheuser-Busch InBev compr\u00f3 la Cervecer\u00eda Nacional Dominicana en US$1,237 millones).   <\/p>\n<\/p>\n<p>En RD la baja fue de un 65% al pasar de US$2,288 millones a s\u00f3lo US$799 millones en el per\u00edodo de referencia.<\/p>\n<\/p>\n<p>El principal receptor fue Brasil, que entre enero y agosto de 2013 absorbi\u00f3 US$39,014 millones, suma 10% inferior a la recibida durante los mismos meses del a\u00f1o pasado. Esta ca\u00edda se concentr\u00f3 en los sectores de siderurgia, alimentos y bebidas y servicios financieros, que justamente en 2012 registraron importantes adquisiciones empresariales. <\/p>\n<\/p>\n<p>Gracias a la compra de la empresa cervecera Modelo por parte de la firma belga Anheuser-Busch InBev, M\u00e9xico sobrepas\u00f3 durante el primer semestre toda la inversi\u00f3n extranjera directa recibida en 2012. A\u00fan sin esa operaci\u00f3n, valorada en US$13,249 millones, la IED en M\u00e9xico se habr\u00eda elevado 15% respecto al mismo per\u00edodo del a\u00f1o anterior. <\/p>\n<\/p>\n<p>Los flujos de inversi\u00f3n extranjera directa tambi\u00e9n mostraron incrementos en Venezuela (44%), Per\u00fa (27%), El Salvador (27%), Panam\u00e1 (19%), Costa Rica (15%), Uruguay (8%) y Colombia (5%).   <\/p>\n<\/p>\n<p>El organismo de las Naciones Unidas reitera su llamado a los pa\u00edses de la regi\u00f3n a definir estrategias para atraer estos recursos hacia sectores de alto contenido tecnol\u00f3gico. <\/p>\n<\/p>\n<p>Salidas<\/p>\n<p>Con respecto a las salidas de inversi\u00f3n directa, se observ\u00f3 un descenso durante el primer semestre del a\u00f1o. Los 10 pa\u00edses de la regi\u00f3n que presentan datos sumaron US$6,385 millones de inversi\u00f3n en el exterior durante los primeros seis meses del a\u00f1o, contra los US$24,446 millones contabilizados en igual per\u00edodo de 2012. M\u00e9xico, que hab\u00eda marcado flujos r\u00e9cord hacia el exterior el a\u00f1o pasado, los redujo 71% en la primera mitad de 2013, mientras que Brasil mostr\u00f3 un descenso de 36%<\/p>\n<h6> 2013-10-11 15:02:26 <\/h6>\n<p><!--\n<link rel=\"stylesheet\" href=\"css\/bootstrap.min.css\">\n\n\n<ul class=\"pagination\">\n\t    \n\t\n\n<li >\n\t<a href='?page_no=14654'>Previous<\/a>\n\t<\/li>\n\n\n       \n    \n\n<li><a href='?page_no=1'>1<\/a><\/li>\n\n\n\n<li><a href='?page_no=2'>2<\/a><\/li>\n\n\n\n<li><a>...<\/a><\/li>\n\n\n\n<li><a href='?page_no=14653'>14653<\/a><\/li>\n\n\n\n<li><a href='?page_no=14654'>14654<\/a><\/li>\n\n\n\n<li class='active'><a>14655<\/a><\/li>\n\n\n\n<li><a href='?page_no=14656'>14656<\/a><\/li>\n\n\n\n<li><a href='?page_no=14657'>14657<\/a><\/li>\n\n\n\n<li><a>...<\/a><\/li>\n\n\n\n<li><a href='?page_no=30472'>30472<\/a><\/li>\n\n\n\n<li><a href='?page_no=30473'>30473<\/a><\/li>\n\n    \n\t\n\n<li >\n\t<a href='?page_no=14656'>Next<\/a>\n\t<\/li>\n\n\n    \n\n<li><a href='?page_no=30473'>Last &rsaquo;&rsaquo;<\/a><\/li>\n\n<\/ul>\n\n\n--><br \/>\n<\/body><\/p>\n","protected":false},"excerpt":{"rendered":"<p>Santo Domingo RD 11 octubre.- La Comisi\u00f3n Econ\u00f3mica para Am\u00e9rica Latina y el Caribe (Cepal) inform\u00f3 que las corrientes de inversi\u00f3n extranjera directa (IED) hacia Am\u00e9rica Latina tuvieron un moderado crecimiento durante la primera mitad de este a\u00f1o en comparaci\u00f3n con igual per\u00edodo de 2012. Los 13 pa\u00edses de la regi\u00f3n que presentan datos recibieron [&hellip;]<\/p>\n","protected":false},"author":3,"featured_media":0,"comment_status":"open","ping_status":"open","sticky":false,"template":"","format":"standard","meta":{"footnotes":""},"categories":[18],"tags":[],"class_list":["post-99170","post","type-post","status-publish","format-standard","hentry","category-economia"],"_links":{"self":[{"href":"https:\/\/diariodominicano.com\/index.php?rest_route=\/wp\/v2\/posts\/99170","targetHints":{"allow":["GET"]}}],"collection":[{"href":"https:\/\/diariodominicano.com\/index.php?rest_route=\/wp\/v2\/posts"}],"about":[{"href":"https:\/\/diariodominicano.com\/index.php?rest_route=\/wp\/v2\/types\/post"}],"author":[{"embeddable":true,"href":"https:\/\/diariodominicano.com\/index.php?rest_route=\/wp\/v2\/users\/3"}],"replies":[{"embeddable":true,"href":"https:\/\/diariodominicano.com\/index.php?rest_route=%2Fwp%2Fv2%2Fcomments&post=99170"}],"version-history":[{"count":0,"href":"https:\/\/diariodominicano.com\/index.php?rest_route=\/wp\/v2\/posts\/99170\/revisions"}],"wp:attachment":[{"href":"https:\/\/diariodominicano.com\/index.php?rest_route=%2Fwp%2Fv2%2Fmedia&parent=99170"}],"wp:term":[{"taxonomy":"category","embeddable":true,"href":"https:\/\/diariodominicano.com\/index.php?rest_route=%2Fwp%2Fv2%2Fcategories&post=99170"},{"taxonomy":"post_tag","embeddable":true,"href":"https:\/\/diariodominicano.com\/index.php?rest_route=%2Fwp%2Fv2%2Ftags&post=99170"}],"curies":[{"name":"wp","href":"https:\/\/api.w.org\/{rel}","templated":true}]}}