{"id":99168,"date":"2013-10-11T18:14:13","date_gmt":"2013-10-11T18:14:13","guid":{"rendered":"http:\/\/diariodominicano.ddns.net\/?p=99168"},"modified":"2013-10-11T18:14:13","modified_gmt":"2013-10-11T18:14:13","slug":"ministro-de-agricultura-encabeza-apertura-de-congreso-sobre-cadena-lactea","status":"publish","type":"post","link":"https:\/\/diariodominicano.com\/?p=99168","title":{"rendered":"&#13;Ministro de Agricultura encabeza apertura de congreso sobre cadena l\u00e1ctea&#13;"},"content":{"rendered":"<p><body><\/p>\n<\/p>\n<p><span class=\"text1noticias\">Punta Cana, La Altagracia, RD, 11 de octubre.- El ministro de Agricultura, Luis Ram\u00f3n Rodr\u00edguez, encabez\u00f3 aqu\u00ed, en representaci\u00f3n del presidente Danilo Medina, la apertura del congreso \u00abImpulso a la cadena l\u00e1ctea a partir de lo local\u00bb, donde dijo esperar que del mismo salga la estrategia que posibilite que el pa\u00eds sea autosuficiente en la producci\u00f3n de leche.<\/span><\/p>\n<\/p>\n<p><span class=\"text1noticias\">El funcionario indic\u00f3 que la iniciativa busca aunar esfuerzos para fortalecer la ganader\u00eda nacional y la industria lechera del pa\u00eds, para avanzar hacia modelos productivos m\u00e1s eficientes, hasta alcanzar la sostenibilidad del sector.<\/span><\/p>\n<\/p>\n<p><span class=\"text1noticias\">Rodr\u00edguez dijo que el sector lechero nacional se encamina a superar definitivamente las dificultades que en los \u00faltimos a\u00f1os lo mantienen rezagado, gracias a que el presidente Medina dispuso varias medidas para fortalecerlo.<\/span><\/p>\n<\/p>\n<p><span class=\"text1noticias\">\u00abEl relanzamiento de la cadena l\u00e1ctea es un puntal para el crecimiento de este importante sector\u00bb, afirm\u00f3, tras recordar la disposici\u00f3n del Gobierno de reducir de un 10 a un 7 por ciento, la tasa de inter\u00e9s de sus aportes para el fomento de la producci\u00f3n lechera.<\/span><\/p>\n<\/p>\n<p><span class=\"text1noticias\">Manifest\u00f3 que se trabaja para establecer estad\u00edsticas confiables de la realidad del sector ganadero dominicano, que permitan una planificaci\u00f3n m\u00e1s eficiente, ya que las existentes datan del 1998, a\u00f1o en que se realiz\u00f3 el \u00faltimo Censo Nacional Agropecuario.<\/span><\/p>\n<p><span class=\"text1noticias\">Ante todo el liderazgo ganadero nacional, el ministro de Agricultura expres\u00f3 que el sector lechero estaba amenazado por los bajos precios producto de las importaciones de subproductos l\u00e1cteos como el suero y leche en polvo, pero que ahora \u00abtoda la cadena trabaja interesadamente en su productividad y crecimiento\u00bb.<\/span><\/p>\n<\/p>\n<p><span class=\"text1noticias\">Dijo que con el esfuerzo conjunto de las autoridades gubernamentales, los productores, procesadores y comercializadores, se espera incrementar la producci\u00f3n de leche  de 7 a 10 litros por cabeza por d\u00eda.<\/span><\/p>\n<\/p>\n<p><span class=\"text1noticias\">Para lograrlo, explic\u00f3 que desde el Ministerio de Agricultura se ejecutan programas de sanidad animal que buscan eliminar enfermedades como la brucelosis y tuberculosis, y se trabaja en el mejoramiento de la nutrici\u00f3n de los animales y en la implementaci\u00f3n de la t\u00e9cnica de inseminaci\u00f3n artificial para mejorar la calidad de la leche.<\/span><\/p>\n<\/p>\n<p><span class=\"text1noticias\">Otras medidas a favor del sector lechero anunciadas por el ministro Rodr\u00edguez tienen que ver  con el mejoramiento del suministro de energ\u00eda el\u00e9ctrica en los hatos ganaderos, combate al cuatrerismo, aumento del financiamiento, control del etiquetado y aumento de la participaci\u00f3n de la leche en los programas sociales del Gobierno.<\/span><\/p>\n<\/p>\n<p><span class=\"text1noticias\">CONGRESO<\/span><\/p>\n<\/p>\n<p><span class=\"text1noticias\">En la apertura del congreso \u00abImpulso a la cadena l\u00e1ctea a partir de lo local\u00bb, el ministro Rodr\u00edguez estuvo acompa\u00f1ado de Bol\u00edvar Toribio, director de Ganader\u00eda; Eric Rivero, de Aproleche; Nina del castillo, viceministra de Industria y Comercio; \u00c1ngel V\u00e1squez, de la Red de Agencias de Desarrollo Local; Juan Recio, director de Conaleche; Ren\u00e9 Columna, del Patronato Nacional de Ganaderos, y Sergio Novas, del Programa de las Naciones Unidas para el Desarrollo (PNUD).<\/span><\/p>\n<\/p>\n<p><span class=\"text1noticias\">Columna agradeci\u00f3, a nombre de todo el sector ganadero, la presencia del ministro Rodr\u00edguez y dem\u00e1s funcionarios p\u00fablicos y representantes del sector privado, y dijo que en el pa\u00eds se debe avanzar asumiendo las nuevas tecnolog\u00edas como punto de partida.<\/span><\/p>\n<\/p>\n<p><span class=\"text1noticias\">El representante del PNUD, Sergio Novas, plante\u00f3 la necesidad de capitalizar el sector e integrar toda la cadena de producci\u00f3n pensando en el futuro, mientras Del castillo, de Industria y Comercio, dijo que el congreso es una excelente iniciativa para expandir los productos l\u00e1cteos hacia mercados internacionales.<\/span><\/p>\n<\/p>\n<p><span class=\"text1noticias\">El congreso, que se celebra en el hotel Be Live, en Punta Cana, cont\u00f3 con la presencia de ganaderos de todo el pa\u00eds, quienes reciben conocimientos sobre t\u00e9cnicas modernas de producci\u00f3n.<\/span><\/p>\n<\/p>\n<\/p>\n<\/p>\n<h6> 2013-10-11 18:14:13 <\/h6>\n<p><!--\n<link rel=\"stylesheet\" href=\"css\/bootstrap.min.css\">\n\n\n<ul class=\"pagination\">\n\t    \n\t\n\n<li >\n\t<a href='?page_no=14652'>Previous<\/a>\n\t<\/li>\n\n\n       \n    \n\n<li><a href='?page_no=1'>1<\/a><\/li>\n\n\n\n<li><a href='?page_no=2'>2<\/a><\/li>\n\n\n\n<li><a>...<\/a><\/li>\n\n\n\n<li><a href='?page_no=14651'>14651<\/a><\/li>\n\n\n\n<li><a href='?page_no=14652'>14652<\/a><\/li>\n\n\n\n<li class='active'><a>14653<\/a><\/li>\n\n\n\n<li><a href='?page_no=14654'>14654<\/a><\/li>\n\n\n\n<li><a href='?page_no=14655'>14655<\/a><\/li>\n\n\n\n<li><a>...<\/a><\/li>\n\n\n\n<li><a href='?page_no=30472'>30472<\/a><\/li>\n\n\n\n<li><a href='?page_no=30473'>30473<\/a><\/li>\n\n    \n\t\n\n<li >\n\t<a href='?page_no=14654'>Next<\/a>\n\t<\/li>\n\n\n    \n\n<li><a href='?page_no=30473'>Last &rsaquo;&rsaquo;<\/a><\/li>\n\n<\/ul>\n\n\n--><br \/>\n<\/body><\/p>\n","protected":false},"excerpt":{"rendered":"<p>Punta Cana, La Altagracia, RD, 11 de octubre.- El ministro de Agricultura, Luis Ram\u00f3n Rodr\u00edguez, encabez\u00f3 aqu\u00ed, en representaci\u00f3n del presidente Danilo Medina, la apertura del congreso \u00abImpulso a la cadena l\u00e1ctea a partir de lo local\u00bb, donde dijo esperar que del mismo salga la estrategia que posibilite que el pa\u00eds sea autosuficiente en la [&hellip;]<\/p>\n","protected":false},"author":3,"featured_media":0,"comment_status":"open","ping_status":"open","sticky":false,"template":"","format":"standard","meta":{"footnotes":""},"categories":[18],"tags":[],"class_list":["post-99168","post","type-post","status-publish","format-standard","hentry","category-economia"],"_links":{"self":[{"href":"https:\/\/diariodominicano.com\/index.php?rest_route=\/wp\/v2\/posts\/99168","targetHints":{"allow":["GET"]}}],"collection":[{"href":"https:\/\/diariodominicano.com\/index.php?rest_route=\/wp\/v2\/posts"}],"about":[{"href":"https:\/\/diariodominicano.com\/index.php?rest_route=\/wp\/v2\/types\/post"}],"author":[{"embeddable":true,"href":"https:\/\/diariodominicano.com\/index.php?rest_route=\/wp\/v2\/users\/3"}],"replies":[{"embeddable":true,"href":"https:\/\/diariodominicano.com\/index.php?rest_route=%2Fwp%2Fv2%2Fcomments&post=99168"}],"version-history":[{"count":0,"href":"https:\/\/diariodominicano.com\/index.php?rest_route=\/wp\/v2\/posts\/99168\/revisions"}],"wp:attachment":[{"href":"https:\/\/diariodominicano.com\/index.php?rest_route=%2Fwp%2Fv2%2Fmedia&parent=99168"}],"wp:term":[{"taxonomy":"category","embeddable":true,"href":"https:\/\/diariodominicano.com\/index.php?rest_route=%2Fwp%2Fv2%2Fcategories&post=99168"},{"taxonomy":"post_tag","embeddable":true,"href":"https:\/\/diariodominicano.com\/index.php?rest_route=%2Fwp%2Fv2%2Ftags&post=99168"}],"curies":[{"name":"wp","href":"https:\/\/api.w.org\/{rel}","templated":true}]}}