{"id":99166,"date":"2013-10-12T16:42:55","date_gmt":"2013-10-12T16:42:55","guid":{"rendered":"http:\/\/diariodominicano.ddns.net\/?p=99166"},"modified":"2013-10-12T16:42:55","modified_gmt":"2013-10-12T16:42:55","slug":"sugiere-aduanas-priorizar-la-facilitacion-comercial","status":"publish","type":"post","link":"https:\/\/diariodominicano.com\/?p=99166","title":{"rendered":"Sugiere Aduanas priorizar la facilitaci\u00f3n comercial"},"content":{"rendered":"<p><body><\/p>\n<p><img decoding=\"async\" src=\"http:\/\/localhost:8080\/economia\/img3\/ANIBAL.jpg\" \/>  <\/p>\n<p><span class=\"text1noticias\">Santo Domingo, RD, 12 de Octubre.-El Director General de Aduanas  Licenciado Fernando Fern\u00e1ndez, debe re-enfocar las prioridades de esa dependencia para que se convierta en un verdadero instrumento de la facilitaci\u00f3n del comercio, sin perder su capacidad recaudadora, como recomienda el Convenio de Kyoto revisado, recientemente ratificado por el pa\u00eds y como vienen evolucionando las Aduanas del Mundo. <\/span><\/p>\n<\/p>\n<p><span class=\"text1noticias\">El planteamiento lo hace el Licenciado An\u00edbal Pi\u00f1a, pasado vicepresidente Ejecutivo de la Asociaci\u00f3n de Navieros y ex presidente del Comit\u00e9 de Facilitaci\u00f3n de Comercio de la C\u00e1mara Americana y quien es precandidato a la presidencia de la Rep\u00fablica por el  PRD.  <\/span><\/p>\n<\/p>\n<p><span class=\"text1noticias\">Pi\u00f1a lament\u00f3 que en la DGA no se est\u00e9 enfatizando en los grandes programas de modernizaci\u00f3n como Ventanilla \u00danica, Sistema de Gesti\u00f3n de An\u00e1lisis de Riesgo, Operador Econ\u00f3mico Autorizado, Aduanas sin papeles entre otros, que son y seguir\u00e1n siendo los soportes por excelencia de una verdadera Facilitaci\u00f3n Comercial en el pa\u00eds.<\/span><\/p>\n<\/p>\n<p><span class=\"text1noticias\">El aspirante presidencial lament\u00f3 que la DGA no haya podido concluir la revisi\u00f3n del proyecto de ley de Aduanas; el cual ha sido consensuado en casi todas sus partes por el sector privado y en el que el Senado de la Rep\u00fablica ha jugado un papel estelar; pero sigue faltando la decisi\u00f3n de la DGA para que definitivamente se pueda conocer dicho proyecto bajo los acuerdos a los que se han arribado con todos los sectores, con ligeras excepciones. <\/span><\/p>\n<\/p>\n<p><span class=\"text1noticias\">Pocas veces en el pa\u00eds se ha visto un trabajo tan mancomunado entre los actores del comercio, como el que se ha desplegado con este proyecto, pero ya depende de la DGA, que se culmine con una aspiraci\u00f3n leg\u00edtima y que de seguro impactara positivamente en la econom\u00eda del pa\u00eds, sobre todo porque se enfoca en la facilitaci\u00f3n del comercio y en la modernizaci\u00f3n de todos los procesos aduaneros, dando cabida a elementos nuevos como operadores log\u00edsticos, zonas de actividades log\u00edsticas, entre otros. <\/span><\/p>\n<\/p>\n<p><span class=\"text1noticias\">Pi\u00f1a dijo tener esperanzas de que el director de aduanas dar\u00e1 el giro que se requiere en estos momentos para que su instituci\u00f3n sea mucho m\u00e1s eficiente.(HG)<\/span>.<\/p>\n<\/p>\n<h6> 2013-10-12 16:42:55 <\/h6>\n<p><!--\n<link rel=\"stylesheet\" href=\"css\/bootstrap.min.css\">\n\n\n<ul class=\"pagination\">\n\t    \n\t\n\n<li >\n\t<a href='?page_no=14650'>Previous<\/a>\n\t<\/li>\n\n\n       \n    \n\n<li><a href='?page_no=1'>1<\/a><\/li>\n\n\n\n<li><a href='?page_no=2'>2<\/a><\/li>\n\n\n\n<li><a>...<\/a><\/li>\n\n\n\n<li><a href='?page_no=14649'>14649<\/a><\/li>\n\n\n\n<li><a href='?page_no=14650'>14650<\/a><\/li>\n\n\n\n<li class='active'><a>14651<\/a><\/li>\n\n\n\n<li><a href='?page_no=14652'>14652<\/a><\/li>\n\n\n\n<li><a href='?page_no=14653'>14653<\/a><\/li>\n\n\n\n<li><a>...<\/a><\/li>\n\n\n\n<li><a href='?page_no=30472'>30472<\/a><\/li>\n\n\n\n<li><a href='?page_no=30473'>30473<\/a><\/li>\n\n    \n\t\n\n<li >\n\t<a href='?page_no=14652'>Next<\/a>\n\t<\/li>\n\n\n    \n\n<li><a href='?page_no=30473'>Last &rsaquo;&rsaquo;<\/a><\/li>\n\n<\/ul>\n\n\n--><br \/>\n<\/body><\/p>\n","protected":false},"excerpt":{"rendered":"<p>Santo Domingo, RD, 12 de Octubre.-El Director General de Aduanas Licenciado Fernando Fern\u00e1ndez, debe re-enfocar las prioridades de esa dependencia para que se convierta en un verdadero instrumento de la facilitaci\u00f3n del comercio, sin perder su capacidad recaudadora, como recomienda el Convenio de Kyoto revisado, recientemente ratificado por el pa\u00eds y como vienen evolucionando las [&hellip;]<\/p>\n","protected":false},"author":3,"featured_media":0,"comment_status":"open","ping_status":"open","sticky":false,"template":"","format":"standard","meta":{"footnotes":""},"categories":[18],"tags":[],"class_list":["post-99166","post","type-post","status-publish","format-standard","hentry","category-economia"],"_links":{"self":[{"href":"https:\/\/diariodominicano.com\/index.php?rest_route=\/wp\/v2\/posts\/99166","targetHints":{"allow":["GET"]}}],"collection":[{"href":"https:\/\/diariodominicano.com\/index.php?rest_route=\/wp\/v2\/posts"}],"about":[{"href":"https:\/\/diariodominicano.com\/index.php?rest_route=\/wp\/v2\/types\/post"}],"author":[{"embeddable":true,"href":"https:\/\/diariodominicano.com\/index.php?rest_route=\/wp\/v2\/users\/3"}],"replies":[{"embeddable":true,"href":"https:\/\/diariodominicano.com\/index.php?rest_route=%2Fwp%2Fv2%2Fcomments&post=99166"}],"version-history":[{"count":0,"href":"https:\/\/diariodominicano.com\/index.php?rest_route=\/wp\/v2\/posts\/99166\/revisions"}],"wp:attachment":[{"href":"https:\/\/diariodominicano.com\/index.php?rest_route=%2Fwp%2Fv2%2Fmedia&parent=99166"}],"wp:term":[{"taxonomy":"category","embeddable":true,"href":"https:\/\/diariodominicano.com\/index.php?rest_route=%2Fwp%2Fv2%2Fcategories&post=99166"},{"taxonomy":"post_tag","embeddable":true,"href":"https:\/\/diariodominicano.com\/index.php?rest_route=%2Fwp%2Fv2%2Ftags&post=99166"}],"curies":[{"name":"wp","href":"https:\/\/api.w.org\/{rel}","templated":true}]}}