{"id":99165,"date":"2013-10-12T17:56:11","date_gmt":"2013-10-12T17:56:11","guid":{"rendered":"http:\/\/diariodominicano.ddns.net\/?p=99165"},"modified":"2013-10-12T17:56:11","modified_gmt":"2013-10-12T17:56:11","slug":"valdez-albizu-participa-en-reunion-anual-del-fmi","status":"publish","type":"post","link":"https:\/\/diariodominicano.com\/?p=99165","title":{"rendered":"&#13;Valdez Albizu participa en reuni\u00f3n anual del FMI"},"content":{"rendered":"<p><body><\/p>\n<p><img decoding=\"async\" src=\"img3\/albizu.jpg\" \/>  <\/p>\n<p><span class=\"text1noticias\">Washington, D.C., Estados Unidos. El Gobernador del Banco Central de la Rep\u00fablica Dominicana, licenciado H\u00e9ctor Valdez Albizu participa en la reuni\u00f3n anual del Fondo Monetario Internacional y el Banco Mundial, la cual se celebra en la ciudad de Washington, capital de los Estados Unidos, los d\u00edas 10-13 de octubre de los corrientes.<\/span><\/p>\n<\/p>\n<p><span class=\"text1noticias\">La reuni\u00f3n plenaria fue inaugurada con discursos de Jim Yong Kim, Presidente Banco Mundial y Christine Lagarde, Directora Gerente del FMI, quienes hicieron un llamado a tomar medidas de pol\u00edtica econ\u00f3mica que contribuyan a una recuperaci\u00f3n m\u00e1s balanceada, que permita generar crecimiento, reducir la pobreza y mitigar el impacto del cambio clim\u00e1tico.<\/span><\/p>\n<\/p>\n<p><span class=\"text1noticias\">En el evento se analiza la situaci\u00f3n actual de la econom\u00eda mundial y sus perspectivas en un entorno de incertidumbre, caracterizado por una fr\u00e1gil recuperaci\u00f3n de los Estados Unidos, el inicio del fin de la recesi\u00f3n europea y una moderaci\u00f3n del crecimiento y la volatilidad en las econom\u00edas emergentes. Este c\u00f3nclave re\u00fane a los Ministros Hacienda y Gobernadores de Bancos Centrales de todos los pa\u00edses del mundo, instituciones multilaterales de financiamiento y expertos internacionales en materia econ\u00f3mica y financiera, con el fin de intercambiar opiniones sobre medidas orientadas a retomar el crecimiento con estabilidad.<\/span><\/p>\n<\/p>\n<p><span class=\"text1noticias\">Valdez Albizu tambi\u00e9n particip\u00f3 en la Asamblea General del Centro de Estudios Monetarios Latinoamericanos (CEMLA) como miembro de la Junta de Gobierno en representaci\u00f3n de los pa\u00edses de Centroam\u00e9rica y Rep\u00fablica Dominicana. En dicha reuni\u00f3n, se trataron aspectos relacionados a las repercusiones sobre las econom\u00edas emergentes de la pol\u00edtica monetaria en Estados Unidos, las pol\u00edticas del Banco Central Europeo para estimular la zona euro, los retos de Am\u00e9rica Latina hacia el futuro y los avances de las discusiones del G-20.<\/span><\/p>\n<\/p>\n<p><span class=\"text1noticias\">En adici\u00f3n, el Gobernador Valdez particip\u00f3 en la reuni\u00f3n de la Constituyente a la cual pertenece la Rep\u00fablica Dominicana en el FMI, integrada por 11 pa\u00edses y presidida por Brasil. El Gobernador tambi\u00e9n sostuvo reuniones con importantes bancos de inversi\u00f3n para explicarles el proceso de reforma y ajuste macroecon\u00f3mico iniciado por el Presidente Danilo Medina y promover la Rep\u00fablica Dominicana como destino seguro de inversi\u00f3n.  <\/span><\/p>\n<p><span class=\"text1noticias\"> <\/span><\/p>\n<p><span class=\"text1noticias\">Adem\u00e1s del Lic. Valdez Albizu, integraban la delegaci\u00f3n dominicana el Subgerente de Pol\u00edtica Monetaria, Cambiaria y Financiera, Joel Tejeda; el Director de Programaci\u00f3n Monetaria, Julio And\u00fajar; el Director del Departamento Internacional, Frank Fuentes, y Ana Beatriz Rodr\u00edguez, Asesora del Director Ejecutivo de la Constituyente en representaci\u00f3n de la Rep\u00fablica Dominicana, quienes se integraron a diferentes comisiones de trabajo y participaron en distintas reuniones.(HG)<\/span>. <\/p>\n<h6> 2013-10-12 17:56:11 <\/h6>\n<p><!--\n<link rel=\"stylesheet\" href=\"css\/bootstrap.min.css\">\n\n\n<ul class=\"pagination\">\n\t    \n\t\n\n<li >\n\t<a href='?page_no=14649'>Previous<\/a>\n\t<\/li>\n\n\n       \n    \n\n<li><a href='?page_no=1'>1<\/a><\/li>\n\n\n\n<li><a href='?page_no=2'>2<\/a><\/li>\n\n\n\n<li><a>...<\/a><\/li>\n\n\n\n<li><a href='?page_no=14648'>14648<\/a><\/li>\n\n\n\n<li><a href='?page_no=14649'>14649<\/a><\/li>\n\n\n\n<li class='active'><a>14650<\/a><\/li>\n\n\n\n<li><a href='?page_no=14651'>14651<\/a><\/li>\n\n\n\n<li><a href='?page_no=14652'>14652<\/a><\/li>\n\n\n\n<li><a>...<\/a><\/li>\n\n\n\n<li><a href='?page_no=30472'>30472<\/a><\/li>\n\n\n\n<li><a href='?page_no=30473'>30473<\/a><\/li>\n\n    \n\t\n\n<li >\n\t<a href='?page_no=14651'>Next<\/a>\n\t<\/li>\n\n\n    \n\n<li><a href='?page_no=30473'>Last &rsaquo;&rsaquo;<\/a><\/li>\n\n<\/ul>\n\n\n--><br \/>\n<\/body><\/p>\n","protected":false},"excerpt":{"rendered":"<p>Washington, D.C., Estados Unidos. El Gobernador del Banco Central de la Rep\u00fablica Dominicana, licenciado H\u00e9ctor Valdez Albizu participa en la reuni\u00f3n anual del Fondo Monetario Internacional y el Banco Mundial, la cual se celebra en la ciudad de Washington, capital de los Estados Unidos, los d\u00edas 10-13 de octubre de los corrientes. La reuni\u00f3n plenaria [&hellip;]<\/p>\n","protected":false},"author":3,"featured_media":0,"comment_status":"open","ping_status":"open","sticky":false,"template":"","format":"standard","meta":{"footnotes":""},"categories":[18],"tags":[],"class_list":["post-99165","post","type-post","status-publish","format-standard","hentry","category-economia"],"_links":{"self":[{"href":"https:\/\/diariodominicano.com\/index.php?rest_route=\/wp\/v2\/posts\/99165","targetHints":{"allow":["GET"]}}],"collection":[{"href":"https:\/\/diariodominicano.com\/index.php?rest_route=\/wp\/v2\/posts"}],"about":[{"href":"https:\/\/diariodominicano.com\/index.php?rest_route=\/wp\/v2\/types\/post"}],"author":[{"embeddable":true,"href":"https:\/\/diariodominicano.com\/index.php?rest_route=\/wp\/v2\/users\/3"}],"replies":[{"embeddable":true,"href":"https:\/\/diariodominicano.com\/index.php?rest_route=%2Fwp%2Fv2%2Fcomments&post=99165"}],"version-history":[{"count":0,"href":"https:\/\/diariodominicano.com\/index.php?rest_route=\/wp\/v2\/posts\/99165\/revisions"}],"wp:attachment":[{"href":"https:\/\/diariodominicano.com\/index.php?rest_route=%2Fwp%2Fv2%2Fmedia&parent=99165"}],"wp:term":[{"taxonomy":"category","embeddable":true,"href":"https:\/\/diariodominicano.com\/index.php?rest_route=%2Fwp%2Fv2%2Fcategories&post=99165"},{"taxonomy":"post_tag","embeddable":true,"href":"https:\/\/diariodominicano.com\/index.php?rest_route=%2Fwp%2Fv2%2Ftags&post=99165"}],"curies":[{"name":"wp","href":"https:\/\/api.w.org\/{rel}","templated":true}]}}