{"id":99163,"date":"2013-10-12T18:07:41","date_gmt":"2013-10-12T18:07:41","guid":{"rendered":"http:\/\/diariodominicano.ddns.net\/?p=99163"},"modified":"2013-10-12T18:07:41","modified_gmt":"2013-10-12T18:07:41","slug":"coopegas-firma-alianza-con-panaderos-de-la-romana","status":"publish","type":"post","link":"https:\/\/diariodominicano.com\/?p=99163","title":{"rendered":"COOPEGAS firma alianza con panaderos de La Romana"},"content":{"rendered":"<p><body><\/p>\n<p><img decoding=\"async\" src=\"http:\/\/localhost:8080\/economia\/img3\/coopegas.jpg\" \/>  <\/p>\n<p><span class=\"text1noticias\">La Romana, RD, 12 de Octubre.-La Cooperativa de Servicios M\u00faltiples La Econ\u00f3mica (COOPEGAS) firm\u00f3 un convenio   con la  Uni\u00f3n de Empresarios de la Harina Romanense que garantiza el suministro de gas propano a los panaderos de La Romana, con la garant\u00eda de un producto vendido a precio justo y con la cantidad acordada.<\/span><\/p>\n<\/p>\n<p><span class=\"text1noticias\">Audilio Concepci\u00f3n,  presidente del consejo de Administraci\u00f3n y el gerente general, el  licenciado  H\u00e9ctor V\u00e1squez, indicaron que esta alianza estrat\u00e9gica une los prop\u00f3sitos de dos entidades que, tienen coincidencias en sus objetivos  en su labor frente a la sociedad y obtienen mutuamente un beneficio rec\u00edproco al cruzar sus operaciones.<\/span><\/p>\n<\/p>\n<p><span class=\"text1noticias\">Con la firma COOPEGAS se compromete a suplir el GLP que consuman los panaderos  de UDHER, a capacitar y entrenar el personal operativo de las respectivas empresas, con el objetivo de mitigar riesgos.<\/span><\/p>\n<\/p>\n<p><span class=\"text1noticias\">La Cooperativa se compromete  tambi\u00e9n  a beneficiar con aportes educativos a las comunidades m\u00e1s necesitadas de las \u00e1reas de influencia en La Romana, tradici\u00f3n que la entidad de propiedad social ha desarrollado durante sus 33 a\u00f1os de existencia  frente a otras poblaciones en las que opera en 9 provincias del pa\u00eds.<\/span><\/p>\n<\/p>\n<p><span class=\"text1noticias\">Con la alianza firmada, los miembros de UDHER sean beneficiados con un excelente servicio y un gas exacto. Los  ejecutivos de UDHER expresaron su satisfacci\u00f3n  con la firma de este convenio y sostienen, afirmaron que sus miembros ser\u00e1n los m\u00e1s beneficiados.<\/span><\/p>\n<\/p>\n<p><span class=\"text1noticias\">\u00abCOOPEGAS lleg\u00f3 como una bendici\u00f3n para los trabajadores de la harina, por el excelente servicio que le brinda y su medida exacta\u00bb, dijo el  Pilier Badi\u00f3, presidente de UDHER.<\/span><\/p>\n<\/p>\n<p><span class=\"text1noticias\">\u00abTodo el gas es el mismo, pero el de COOPEGAS es el que rinde m\u00e1s\u00bb, expres\u00f3 Ricardo Jim\u00e9nez Vice-Presidente de UDHER.<\/span><\/p>\n<\/p>\n<p><span class=\"text1noticias\">Por COOPEGAS asistieron  Audilio Concepci\u00f3n, H\u00e9ctor V\u00e1squez y Glenny de Jes\u00fas; Presidente, Gerente General, Ejecutiva de venta de la Zona respectivamente.<\/span><\/p>\n<\/p>\n<p><span class=\"text1noticias\">Por UDHER, Pilier Badio, Ricardo Jim\u00e9nez, Eleodoro de Aza y Gregorio Moreno; presidente, vice-presidente, secretario de Finanzas y miembro, respectivamente.(HG)<\/span>.<\/p>\n<\/p>\n<h6> 2013-10-12 18:07:41 <\/h6>\n<p><!--\n<link rel=\"stylesheet\" href=\"css\/bootstrap.min.css\">\n\n\n<ul class=\"pagination\">\n\t    \n\t\n\n<li >\n\t<a href='?page_no=14648'>Previous<\/a>\n\t<\/li>\n\n\n       \n    \n\n<li><a href='?page_no=1'>1<\/a><\/li>\n\n\n\n<li><a href='?page_no=2'>2<\/a><\/li>\n\n\n\n<li><a>...<\/a><\/li>\n\n\n\n<li><a href='?page_no=14647'>14647<\/a><\/li>\n\n\n\n<li><a href='?page_no=14648'>14648<\/a><\/li>\n\n\n\n<li class='active'><a>14649<\/a><\/li>\n\n\n\n<li><a href='?page_no=14650'>14650<\/a><\/li>\n\n\n\n<li><a href='?page_no=14651'>14651<\/a><\/li>\n\n\n\n<li><a>...<\/a><\/li>\n\n\n\n<li><a href='?page_no=30472'>30472<\/a><\/li>\n\n\n\n<li><a href='?page_no=30473'>30473<\/a><\/li>\n\n    \n\t\n\n<li >\n\t<a href='?page_no=14650'>Next<\/a>\n\t<\/li>\n\n\n    \n\n<li><a href='?page_no=30473'>Last &rsaquo;&rsaquo;<\/a><\/li>\n\n<\/ul>\n\n\n--><br \/>\n<\/body><\/p>\n","protected":false},"excerpt":{"rendered":"<p>La Romana, RD, 12 de Octubre.-La Cooperativa de Servicios M\u00faltiples La Econ\u00f3mica (COOPEGAS) firm\u00f3 un convenio con la Uni\u00f3n de Empresarios de la Harina Romanense que garantiza el suministro de gas propano a los panaderos de La Romana, con la garant\u00eda de un producto vendido a precio justo y con la cantidad acordada. Audilio Concepci\u00f3n, [&hellip;]<\/p>\n","protected":false},"author":3,"featured_media":0,"comment_status":"open","ping_status":"open","sticky":false,"template":"","format":"standard","meta":{"footnotes":""},"categories":[18],"tags":[],"class_list":["post-99163","post","type-post","status-publish","format-standard","hentry","category-economia"],"_links":{"self":[{"href":"https:\/\/diariodominicano.com\/index.php?rest_route=\/wp\/v2\/posts\/99163","targetHints":{"allow":["GET"]}}],"collection":[{"href":"https:\/\/diariodominicano.com\/index.php?rest_route=\/wp\/v2\/posts"}],"about":[{"href":"https:\/\/diariodominicano.com\/index.php?rest_route=\/wp\/v2\/types\/post"}],"author":[{"embeddable":true,"href":"https:\/\/diariodominicano.com\/index.php?rest_route=\/wp\/v2\/users\/3"}],"replies":[{"embeddable":true,"href":"https:\/\/diariodominicano.com\/index.php?rest_route=%2Fwp%2Fv2%2Fcomments&post=99163"}],"version-history":[{"count":0,"href":"https:\/\/diariodominicano.com\/index.php?rest_route=\/wp\/v2\/posts\/99163\/revisions"}],"wp:attachment":[{"href":"https:\/\/diariodominicano.com\/index.php?rest_route=%2Fwp%2Fv2%2Fmedia&parent=99163"}],"wp:term":[{"taxonomy":"category","embeddable":true,"href":"https:\/\/diariodominicano.com\/index.php?rest_route=%2Fwp%2Fv2%2Fcategories&post=99163"},{"taxonomy":"post_tag","embeddable":true,"href":"https:\/\/diariodominicano.com\/index.php?rest_route=%2Fwp%2Fv2%2Ftags&post=99163"}],"curies":[{"name":"wp","href":"https:\/\/api.w.org\/{rel}","templated":true}]}}