{"id":99162,"date":"2013-10-13T12:53:55","date_gmt":"2013-10-13T12:53:55","guid":{"rendered":"http:\/\/diariodominicano.ddns.net\/?p=99162"},"modified":"2013-10-13T12:53:55","modified_gmt":"2013-10-13T12:53:55","slug":"carbon-pudiera-aliviar-situacion-energetica-dominicana","status":"publish","type":"post","link":"https:\/\/diariodominicano.com\/?p=99162","title":{"rendered":"Carb\u00f3n pudiera aliviar situaci\u00f3n energ\u00e9tica dominicana"},"content":{"rendered":"<p><body><\/p>\n<p><span class=\"text1noticias\">Santo Domingo, RD, 13 oct (PL) El descubrimiento de carb\u00f3n mineral en Puerto Plata causa alegr\u00eda a muchos dominicanos esperanzados en que la explotaci\u00f3n de un yacimiento pudiera aliviar la situaci\u00f3n energ\u00e9tica del pa\u00eds.<\/span><\/p>\n<\/p>\n<p><span class=\"text1noticias\">El sitio digital listin.com.do destaca la posibilidad de que el pa\u00eds tenga un yacimiento de carb\u00f3n pues investigaciones en El Mamey establecen la existencia del mineral con poder calor\u00edfico suficiente para ser usado en plantas generadoras.<\/span><\/p>\n<\/p>\n<p><span class=\"text1noticias\">Seg\u00fan la investigaci\u00f3n, ser\u00e1 necesario contar con apoyo gubernamental para que la empresa minera pueda acceder a financiamiento internacional que permita la explotaci\u00f3n del yacimiento.<\/span><\/p>\n<\/p>\n<p><span class=\"text1noticias\">Aclara que el hallazgo ocurre en momentos en que la Corporaci\u00f3n Dominicana de Empresas El\u00e9ctricas Estatales (Cdeee) lidera un proceso de licitaci\u00f3n para construir dos plantas a carb\u00f3n de 300 megavatios cada una.<\/span><\/p>\n<\/p>\n<p><span class=\"text1noticias\">Esas plantas son parte de la necesidad que identific\u00f3 el estudio de demanda realizado el a\u00f1o pasado, que exhorta a instalar poco m\u00e1s de mil 400 megavatios en los pr\u00f3ximos cuatro a\u00f1os, indica el medio.<\/span><\/p>\n<\/p>\n<p><span class=\"text1noticias\">Explica que las autoridades promueven un plan de diversificaci\u00f3n energ\u00e9tica y la licitaci\u00f3n de las dos plantas tiene en cuenta que el carb\u00f3n ha sido la fuente energ\u00e9tica con una tendencia de cambio de precio m\u00e1s suave.<\/span><\/p>\n<\/p>\n<p><span class=\"text1noticias\">Su precio es menos vol\u00e1til que el del petr\u00f3leo y el propio gas natural, que adem\u00e1s es el combustible m\u00e1s econ\u00f3mico que puede adquirir el pa\u00eds, por lo que se propone una matriz basada en este \u00faltimo y en el carb\u00f3n mineral, recuerda.<\/span><\/p>\n<\/p>\n<p><span class=\"text1noticias\">En tanto otro sitio local, almomento.net, publica declaraciones del exvicepresidente ejecutivo de la Cdeee, Radham\u00e9s Segura, quien revel\u00f3 que el pa\u00eds destin\u00f3 cinco mil 616 millones de d\u00f3lares al subsidio el\u00e9ctrico entre 2005 y 2012.<\/span><\/p>\n<\/p>\n<p><span class=\"text1noticias\">Con ese monto se hubiesen instalado cuatro plantas a carb\u00f3n que hubieran resuelto el problema energ\u00e9tico en la Rep\u00fablica Dominicana, asever\u00f3 Segura.<\/span><\/p>\n<\/p>\n<p><span class=\"text1noticias\">Cada a\u00f1o el Gobierno invierte m\u00e1s del dos por ciento del Producto Bruto Interno para sostener el sistema de electricidad, lo que equivale a la mitad del presupuesto del Ministerio de Educaci\u00f3n, evoc\u00f3.<\/span><\/p>\n<\/p>\n<p><span class=\"text1noticias\">Esa situaci\u00f3n resulta insostenible para el desarrollo econ\u00f3mico de cualquier naci\u00f3n, por lo que se requiere de una transformaci\u00f3n del sistema de generaci\u00f3n que impera en la Rep\u00fablica Dominicana, insisti\u00f3.<\/span><\/p>\n<\/p>\n<p><span class=\"text1noticias\">Consider\u00f3 que son razones meramente pol\u00edticas y la falta de identidad como naci\u00f3n lo que impide la ejecuci\u00f3n de un plan que solucione el problema energ\u00e9tico y dijo estar satisfecho porque hoy el Gobierno trabaja en ese sentido.<\/span><\/p>\n<\/p>\n<p><span class=\"text1noticias\">Para Segura, quien aspira a la nominaci\u00f3n presidencial del Partido de la Liberaci\u00f3n Dominicana (PLD), la prioridad debe ser propiciar el cambio de generaci\u00f3n por energ\u00eda m\u00e1s barata, disminuir las perdidas t\u00e9cnicas y comerciales, y aumentar los niveles de cobro de las empresas distribuidoras.(HG)<\/span>.<\/p>\n<h6> 2013-10-13 12:53:55 <\/h6>\n<p><!--\n<link rel=\"stylesheet\" href=\"css\/bootstrap.min.css\">\n\n\n<ul class=\"pagination\">\n\t    \n\t\n\n<li >\n\t<a href='?page_no=14647'>Previous<\/a>\n\t<\/li>\n\n\n       \n    \n\n<li><a href='?page_no=1'>1<\/a><\/li>\n\n\n\n<li><a href='?page_no=2'>2<\/a><\/li>\n\n\n\n<li><a>...<\/a><\/li>\n\n\n\n<li><a href='?page_no=14646'>14646<\/a><\/li>\n\n\n\n<li><a href='?page_no=14647'>14647<\/a><\/li>\n\n\n\n<li class='active'><a>14648<\/a><\/li>\n\n\n\n<li><a href='?page_no=14649'>14649<\/a><\/li>\n\n\n\n<li><a href='?page_no=14650'>14650<\/a><\/li>\n\n\n\n<li><a>...<\/a><\/li>\n\n\n\n<li><a href='?page_no=30472'>30472<\/a><\/li>\n\n\n\n<li><a href='?page_no=30473'>30473<\/a><\/li>\n\n    \n\t\n\n<li >\n\t<a href='?page_no=14649'>Next<\/a>\n\t<\/li>\n\n\n    \n\n<li><a href='?page_no=30473'>Last &rsaquo;&rsaquo;<\/a><\/li>\n\n<\/ul>\n\n\n--><br \/>\n<\/body><\/p>\n","protected":false},"excerpt":{"rendered":"<p>Santo Domingo, RD, 13 oct (PL) El descubrimiento de carb\u00f3n mineral en Puerto Plata causa alegr\u00eda a muchos dominicanos esperanzados en que la explotaci\u00f3n de un yacimiento pudiera aliviar la situaci\u00f3n energ\u00e9tica del pa\u00eds. El sitio digital listin.com.do destaca la posibilidad de que el pa\u00eds tenga un yacimiento de carb\u00f3n pues investigaciones en El Mamey [&hellip;]<\/p>\n","protected":false},"author":3,"featured_media":0,"comment_status":"open","ping_status":"open","sticky":false,"template":"","format":"standard","meta":{"footnotes":""},"categories":[18],"tags":[],"class_list":["post-99162","post","type-post","status-publish","format-standard","hentry","category-economia"],"_links":{"self":[{"href":"https:\/\/diariodominicano.com\/index.php?rest_route=\/wp\/v2\/posts\/99162","targetHints":{"allow":["GET"]}}],"collection":[{"href":"https:\/\/diariodominicano.com\/index.php?rest_route=\/wp\/v2\/posts"}],"about":[{"href":"https:\/\/diariodominicano.com\/index.php?rest_route=\/wp\/v2\/types\/post"}],"author":[{"embeddable":true,"href":"https:\/\/diariodominicano.com\/index.php?rest_route=\/wp\/v2\/users\/3"}],"replies":[{"embeddable":true,"href":"https:\/\/diariodominicano.com\/index.php?rest_route=%2Fwp%2Fv2%2Fcomments&post=99162"}],"version-history":[{"count":0,"href":"https:\/\/diariodominicano.com\/index.php?rest_route=\/wp\/v2\/posts\/99162\/revisions"}],"wp:attachment":[{"href":"https:\/\/diariodominicano.com\/index.php?rest_route=%2Fwp%2Fv2%2Fmedia&parent=99162"}],"wp:term":[{"taxonomy":"category","embeddable":true,"href":"https:\/\/diariodominicano.com\/index.php?rest_route=%2Fwp%2Fv2%2Fcategories&post=99162"},{"taxonomy":"post_tag","embeddable":true,"href":"https:\/\/diariodominicano.com\/index.php?rest_route=%2Fwp%2Fv2%2Ftags&post=99162"}],"curies":[{"name":"wp","href":"https:\/\/api.w.org\/{rel}","templated":true}]}}