{"id":99161,"date":"2013-10-13T12:58:15","date_gmt":"2013-10-13T12:58:15","guid":{"rendered":"http:\/\/diariodominicano.ddns.net\/?p=99161"},"modified":"2013-10-13T12:58:15","modified_gmt":"2013-10-13T12:58:15","slug":"codocafe-y-el-plan-sierra-firman-convenio-de-asistencia-tecnica","status":"publish","type":"post","link":"https:\/\/diariodominicano.com\/?p=99161","title":{"rendered":"CODOCAFE y el Plan Sierra firman convenio de asistencia t\u00e9cnica"},"content":{"rendered":"<p><body><\/p>\n<p><span class=\"text1noticias\">Santo Domingo, RD, 13 de Octubre.-El Consejo Dominicano del Caf\u00e9 (CODOCAFE) y el Plan Sierra firmaron un acuerdo de asistencia t\u00e9cnica, a trav\u00e9s del cual buscan un mecanismo que contribuya a la producci\u00f3n de plantas y el fomento de al menos 60,000 tareas de caf\u00e9.<\/span><\/p>\n<\/p>\n<p><span class=\"text1noticias\">El convenio fue suscrito por directores ejecutivos de CODOCAF\u00c9, ingeniero Jos\u00e9 Ferm\u00edn N\u00fa\u00f1ez, y el del Plan Sierra, licenciado Sime\u00f3n Abr\u00e9u G, quienes resaltaron que el objetivo esencial es hacer de la caficultura dominicana un medio de vida rentable y digno para la familia productora del grano.<\/span><\/p>\n<\/p>\n<p><span class=\"text1noticias\">Las instituciones se comprometieron al intercambio de asistencia t\u00e9cnica en asuntos sobre el desarrollo de la caficultura en la zona de La Sierra, que incluye los municipios de J\u00e1nico, San Jos\u00e9 de las Matas, Monci\u00f3n y las secciones de Toma y Palmarejo, de San Ignacio de Sabaneta, en Santiago Rodr\u00edguez.<\/span><\/p>\n<\/p>\n<p><span class=\"text1noticias\">Acuerdan un plan de rehabilitaci\u00f3n de unas 40,000 tareas de caf\u00e9, durante la vigencia de cuatro a\u00f1os del convenio, en el cual CODOCAF\u00cb aportar\u00e1 las plantas y asistencia t\u00e9cnica, mientras que el Plan Sierra dispondr\u00e1 de apoyo log\u00edstico, incluyendo la gesti\u00f3n de financiamientos a disposici\u00f3n de los caficultores.<\/span><\/p>\n<\/p>\n<p><span class=\"text1noticias\">Asimismo, trabajar en la promoci\u00f3n y capacitaci\u00f3n de los productores de la regi\u00f3n a los fines de obtener un registro de marca caf\u00e9 que permita la obtenci\u00f3n de mejores precios de los mercados.<\/span><\/p>\n<\/p>\n<p><span class=\"text1noticias\">\u00abLas partes acuerdan buscar un mecanismo que contribuya a la producci\u00f3n de plantas de caf\u00e9 para ser utilizadas tanto en la rehabilitaci\u00f3n como en la renovaci\u00f3n y el fomento de cafetales en la zona\u00bb, dice el convenio.<\/span><\/p>\n<p><span class=\"text1noticias\"> <\/span><\/p>\n<p><span class=\"text1noticias\"> CODOCAF\u00c9 y el Plan Sierra acordaron tambi\u00e9n llevar a cabo un programa de capacitaci\u00f3n a caficultores y t\u00e9cnicos extensionistas para propiciar la mejora de la calidad del caf\u00e9 de la zona y con ello permitir mayores ingresos econ\u00f3micos a las familias productoras.<\/span><\/p>\n<\/p>\n<p><span class=\"text1noticias\">Asimismo, apoyar el fortalecimiento de las organizaciones de productores de caf\u00e9 de la zona en los aspectos gerenciales, administrativos y organizativos.<\/span><\/p>\n<\/p>\n<p><span class=\"text1noticias\">El Plan Sierra ratifica su inter\u00e9s de rescatar el Laboratorio de Cr\u00eda de Parasitoides, ubicado en el Centro de Validaci\u00f3n y Transferencia Tecnol\u00f3gica Los Montones, San Jos\u00e9 de las Matas, como parte del acuerdo con CODOCAF\u00c9, con el objetivo de que esta instituci\u00f3n pueda desarrollar en esas instalaciones un programa de producci\u00f3n de Cephalonomia Staphanoderis sp., para ser utilizado en el control biol\u00f3gico de la broca de caf\u00e9.(HG)<\/span>.<\/p>\n<\/p>\n<\/p>\n<h6> 2013-10-13 12:58:15 <\/h6>\n<p><!--\n<link rel=\"stylesheet\" href=\"css\/bootstrap.min.css\">\n\n\n<ul class=\"pagination\">\n\t    \n\t\n\n<li >\n\t<a href='?page_no=14646'>Previous<\/a>\n\t<\/li>\n\n\n       \n    \n\n<li><a href='?page_no=1'>1<\/a><\/li>\n\n\n\n<li><a href='?page_no=2'>2<\/a><\/li>\n\n\n\n<li><a>...<\/a><\/li>\n\n\n\n<li><a href='?page_no=14645'>14645<\/a><\/li>\n\n\n\n<li><a href='?page_no=14646'>14646<\/a><\/li>\n\n\n\n<li class='active'><a>14647<\/a><\/li>\n\n\n\n<li><a href='?page_no=14648'>14648<\/a><\/li>\n\n\n\n<li><a href='?page_no=14649'>14649<\/a><\/li>\n\n\n\n<li><a>...<\/a><\/li>\n\n\n\n<li><a href='?page_no=30472'>30472<\/a><\/li>\n\n\n\n<li><a href='?page_no=30473'>30473<\/a><\/li>\n\n    \n\t\n\n<li >\n\t<a href='?page_no=14648'>Next<\/a>\n\t<\/li>\n\n\n    \n\n<li><a href='?page_no=30473'>Last &rsaquo;&rsaquo;<\/a><\/li>\n\n<\/ul>\n\n\n--><br \/>\n<\/body><\/p>\n","protected":false},"excerpt":{"rendered":"<p>Santo Domingo, RD, 13 de Octubre.-El Consejo Dominicano del Caf\u00e9 (CODOCAFE) y el Plan Sierra firmaron un acuerdo de asistencia t\u00e9cnica, a trav\u00e9s del cual buscan un mecanismo que contribuya a la producci\u00f3n de plantas y el fomento de al menos 60,000 tareas de caf\u00e9. El convenio fue suscrito por directores ejecutivos de CODOCAF\u00c9, ingeniero [&hellip;]<\/p>\n","protected":false},"author":3,"featured_media":0,"comment_status":"open","ping_status":"open","sticky":false,"template":"","format":"standard","meta":{"footnotes":""},"categories":[18],"tags":[],"class_list":["post-99161","post","type-post","status-publish","format-standard","hentry","category-economia"],"_links":{"self":[{"href":"https:\/\/diariodominicano.com\/index.php?rest_route=\/wp\/v2\/posts\/99161","targetHints":{"allow":["GET"]}}],"collection":[{"href":"https:\/\/diariodominicano.com\/index.php?rest_route=\/wp\/v2\/posts"}],"about":[{"href":"https:\/\/diariodominicano.com\/index.php?rest_route=\/wp\/v2\/types\/post"}],"author":[{"embeddable":true,"href":"https:\/\/diariodominicano.com\/index.php?rest_route=\/wp\/v2\/users\/3"}],"replies":[{"embeddable":true,"href":"https:\/\/diariodominicano.com\/index.php?rest_route=%2Fwp%2Fv2%2Fcomments&post=99161"}],"version-history":[{"count":0,"href":"https:\/\/diariodominicano.com\/index.php?rest_route=\/wp\/v2\/posts\/99161\/revisions"}],"wp:attachment":[{"href":"https:\/\/diariodominicano.com\/index.php?rest_route=%2Fwp%2Fv2%2Fmedia&parent=99161"}],"wp:term":[{"taxonomy":"category","embeddable":true,"href":"https:\/\/diariodominicano.com\/index.php?rest_route=%2Fwp%2Fv2%2Fcategories&post=99161"},{"taxonomy":"post_tag","embeddable":true,"href":"https:\/\/diariodominicano.com\/index.php?rest_route=%2Fwp%2Fv2%2Ftags&post=99161"}],"curies":[{"name":"wp","href":"https:\/\/api.w.org\/{rel}","templated":true}]}}