{"id":99160,"date":"2013-10-13T13:02:34","date_gmt":"2013-10-13T13:02:34","guid":{"rendered":"http:\/\/diariodominicano.ddns.net\/?p=99160"},"modified":"2013-10-13T13:02:34","modified_gmt":"2013-10-13T13:02:34","slug":"ministro-de-industria-y-comercio-afirma-da-pasos-firmes-a-favor-de-la-calidad","status":"publish","type":"post","link":"https:\/\/diariodominicano.com\/?p=99160","title":{"rendered":"Ministro de Industria y Comercio afirma da pasos firmes a favor de la calidad"},"content":{"rendered":"<p><body><\/p>\n<p><img decoding=\"async\" src=\"img3\/jaragua.jpg\" \/>  <\/p>\n<p><span class=\"text1noticias\">Santo Domingo, RD, 13 de Octubre.-El Ministerio de Industria y Comercio (MIC), a trav\u00e9s del Viceministerio de Comercio Interno y el Instituto Dominicano de Calidad (INDOCAL) realiz\u00f3 el primer taller de sensibilizaci\u00f3n de la Ley 166-12, que crea el Sistema Dominicano de Calidad (SIDOCAL).<\/span><\/p>\n<\/p>\n<p><span class=\"text1noticias\">El ministro del MIC, Jos\u00e9 Del Castillo Savi\u00f1\u00f3n, manifest\u00f3 que la actividad tiene como prop\u00f3sito socializar y analizar la naturaleza del SIDOCAL y sus implicaciones en el desarrollo econ\u00f3mico y social de la Rep\u00fablica Dominicana.<\/span><\/p>\n<\/p>\n<p><span class=\"text1noticias\">Agreg\u00f3 que se deben definir acciones y estrategias para su implementaci\u00f3n a trav\u00e9s de los miembros del Consejo Dominicano para la Calidad (CODOCA), como \u00f3rgano responsable de definir y articular pol\u00edticas de calidad y productividad de inter\u00e9s nacional.<\/span><\/p>\n<\/p>\n<p><span class=\"text1noticias\">Del Castillo Savi\u00f1\u00f3n exhort\u00f3 a todos los sectores que componen la sociedad, ver las ventajas que abre la creaci\u00f3n de esta ley y motivar la calidad como herramienta que contribuya al desarrollo de la naci\u00f3n.<\/span><\/p>\n<p><span class=\"text1noticias\">\u00abLa Ley 166-12 no solo fomenta la calidad, sino tambi\u00e9n establece el orden jur\u00eddico que sanciona las infracciones cuando no se cumplen sus dict\u00e1menes, y ser\u00e1 un aliado para la protecci\u00f3n del consumidor, del medio ambiente de la seguridad alimentaria\u00bb, destac\u00f3 el funcionario en el evento, celebrado en el hotel Jaragua.<\/span><\/p>\n<\/p>\n<p><span class=\"text1noticias\">Mientras, la viceministra de Comercio Interno, Anina Del Castillo, resalt\u00f3 la creaci\u00f3n de la ley cuyo fin fundamental es la implementaci\u00f3n de la infraestructura de la calidad para garantizar el cumplimiento de los requisitos de seguridad y calidad exigidos en los mercados nacionales e internacionales.<\/span><\/p>\n<\/p>\n<p><span class=\"text1noticias\">Asimismo, viceministra de Comercio Interno present\u00f3 la ley en s\u00ed, y el director ejecutivo del INDOCAL, Manuel Guerrero realiz\u00f3 una presentaci\u00f3n, en la que detall\u00f3 las pr\u00e1cticas convenientes para la aplicaci\u00f3n de dicha legislaci\u00f3n.<\/span><\/p>\n<\/p>\n<p><span class=\"text1noticias\">El evento, dirigido a miembros ejecutivos del CODOCA, cont\u00f3 con la participaci\u00f3n de varios sectores de la sociedad, en la que se destacaron las ejecutivas de la Asociaci\u00f3n de Industrias de la Rep\u00fablica Dominicana (AIRD), Ligia Bonetti de Valiente y Circe Alm\u00e1nzar, el ministro de Agricultura, Luis Ram\u00f3n Rodr\u00edguez, viceministros, entre otros. El taller cont\u00f3 con la participaci\u00f3n de Pedro Guerrero como facilitador.  <\/span><\/p>\n<\/p>\n<p><span class=\"text1noticias\">Sello MICEl CODOCA est\u00e1 compuesto por los ministros de Agricultura, Luis Ram\u00f3n Rodr\u00edguez, de Salud P\u00fablica, Lorenzo Wilfredo Hidalgo, de Obras P\u00fablicas, Gonzalo Castillo; Bautista Rojas G\u00f3mez, de Medio Ambiente; Francisco Javier Garc\u00eda, de Turismo; Ligia Bonetti de Valiente, presidenta de la de la Asociaci\u00f3n de Industrias de la Rep\u00fablica Dominicana (AIRD), entre otros.(HG)<\/span>.<\/p>\n<\/p>\n<h6> 2013-10-13 13:02:34 <\/h6>\n<p><!--\n<link rel=\"stylesheet\" href=\"css\/bootstrap.min.css\">\n\n\n<ul class=\"pagination\">\n\t    \n\t\n\n<li >\n\t<a href='?page_no=14645'>Previous<\/a>\n\t<\/li>\n\n\n       \n    \n\n<li><a href='?page_no=1'>1<\/a><\/li>\n\n\n\n<li><a href='?page_no=2'>2<\/a><\/li>\n\n\n\n<li><a>...<\/a><\/li>\n\n\n\n<li><a href='?page_no=14644'>14644<\/a><\/li>\n\n\n\n<li><a href='?page_no=14645'>14645<\/a><\/li>\n\n\n\n<li class='active'><a>14646<\/a><\/li>\n\n\n\n<li><a href='?page_no=14647'>14647<\/a><\/li>\n\n\n\n<li><a href='?page_no=14648'>14648<\/a><\/li>\n\n\n\n<li><a>...<\/a><\/li>\n\n\n\n<li><a href='?page_no=30472'>30472<\/a><\/li>\n\n\n\n<li><a href='?page_no=30473'>30473<\/a><\/li>\n\n    \n\t\n\n<li >\n\t<a href='?page_no=14647'>Next<\/a>\n\t<\/li>\n\n\n    \n\n<li><a href='?page_no=30473'>Last &rsaquo;&rsaquo;<\/a><\/li>\n\n<\/ul>\n\n\n--><br \/>\n<\/body><\/p>\n","protected":false},"excerpt":{"rendered":"<p>Santo Domingo, RD, 13 de Octubre.-El Ministerio de Industria y Comercio (MIC), a trav\u00e9s del Viceministerio de Comercio Interno y el Instituto Dominicano de Calidad (INDOCAL) realiz\u00f3 el primer taller de sensibilizaci\u00f3n de la Ley 166-12, que crea el Sistema Dominicano de Calidad (SIDOCAL). El ministro del MIC, Jos\u00e9 Del Castillo Savi\u00f1\u00f3n, manifest\u00f3 que la [&hellip;]<\/p>\n","protected":false},"author":3,"featured_media":0,"comment_status":"open","ping_status":"open","sticky":false,"template":"","format":"standard","meta":{"footnotes":""},"categories":[18],"tags":[],"class_list":["post-99160","post","type-post","status-publish","format-standard","hentry","category-economia"],"_links":{"self":[{"href":"https:\/\/diariodominicano.com\/index.php?rest_route=\/wp\/v2\/posts\/99160","targetHints":{"allow":["GET"]}}],"collection":[{"href":"https:\/\/diariodominicano.com\/index.php?rest_route=\/wp\/v2\/posts"}],"about":[{"href":"https:\/\/diariodominicano.com\/index.php?rest_route=\/wp\/v2\/types\/post"}],"author":[{"embeddable":true,"href":"https:\/\/diariodominicano.com\/index.php?rest_route=\/wp\/v2\/users\/3"}],"replies":[{"embeddable":true,"href":"https:\/\/diariodominicano.com\/index.php?rest_route=%2Fwp%2Fv2%2Fcomments&post=99160"}],"version-history":[{"count":0,"href":"https:\/\/diariodominicano.com\/index.php?rest_route=\/wp\/v2\/posts\/99160\/revisions"}],"wp:attachment":[{"href":"https:\/\/diariodominicano.com\/index.php?rest_route=%2Fwp%2Fv2%2Fmedia&parent=99160"}],"wp:term":[{"taxonomy":"category","embeddable":true,"href":"https:\/\/diariodominicano.com\/index.php?rest_route=%2Fwp%2Fv2%2Fcategories&post=99160"},{"taxonomy":"post_tag","embeddable":true,"href":"https:\/\/diariodominicano.com\/index.php?rest_route=%2Fwp%2Fv2%2Ftags&post=99160"}],"curies":[{"name":"wp","href":"https:\/\/api.w.org\/{rel}","templated":true}]}}