{"id":99156,"date":"2013-10-13T13:55:30","date_gmt":"2013-10-13T13:55:30","guid":{"rendered":"http:\/\/diariodominicano.ddns.net\/?p=99156"},"modified":"2013-10-13T13:55:30","modified_gmt":"2013-10-13T13:55:30","slug":"ministro-agricultura-anuncia-un-aumento-salarial-para-todos-los-agronomos","status":"publish","type":"post","link":"https:\/\/diariodominicano.com\/?p=99156","title":{"rendered":"Ministro Agricultura  anuncia un aumento salarial para todos los agr\u00f3nomos"},"content":{"rendered":"<p><body><\/p>\n<p><img decoding=\"async\" src=\"img3\/reconocimiento.jpg\" \/>  <\/p>\n<p><span class=\"text1noticias\">Santiago, RD, 13 de Octubre.-El ministro de Agricultura, Luis Ram\u00f3n Rodr\u00edguez anunci\u00f3 aqu\u00ed un aumento salarial para el sectoragropecuario, con el que espera mejorar las condiciones laborales y dignificar el trabajo de esos profesionales en favor de los agricultores y de toda la poblaci\u00f3n dominicana.<\/span><\/p>\n<\/p>\n<p><span class=\"text1noticias\">Rodr\u00edguez hizo el anuncio durante un reconocimiento como Egresado Destacado que le confiri\u00f3 la universidad Instituto Superior de Agricultura (ISA) y la asociaci\u00f3n de egresados, donde inform\u00f3 que el presidente Danilo Medina dispuso de 200 millones de pesos para incrementar el sueldo de los agr\u00f3nomos a partir de enero del pr\u00f3ximo a\u00f1o.<\/span><\/p>\n<\/p>\n<p><span class=\"text1noticias\">La noticia fue aplaudida por cientos de profesionales agropecuariosque asistieron al prestigioso centro de estudios para celebrar el D\u00eda del Egresado, y recibida con alegr\u00eda por los directivos de la Asociaci\u00f3n Nacional de Profesionales Agr\u00edcolas (ANPA).<\/span><\/p>\n<\/p>\n<p><span class=\"text1noticias\">El funcionario dijo que se establecer\u00e1 un primer nivel de 20 mil pesos mensuales para todos los agr\u00f3nomos que devengan un salario por debajo de esa suma, y que a partir de esa cantidad se asignar\u00e1n salarios de 25, 30 y 35 mil pesos dependiendo de requisitos que fueron acordados con la ANPA.<\/span><\/p>\n<\/p>\n<p><span class=\"text1noticias\">\u00abTenemos que mejorar las condiciones de trabajo de nuestros t\u00e9cnicos y a partir del primero de enero lo vamos a hacer\u00bb, expres\u00f3 el ministro Rodr\u00edguez quien asegur\u00f3 que la disposici\u00f3n del presidente Medina se enmarca dentro de su visi\u00f3n de fortalecer el sector agropecuario.<\/span><\/p>\n<\/p>\n<p><span class=\"text1noticias\">Record\u00f3 que en la presente gesti\u00f3n gubernamental el sector agropecuario ha recibido m\u00e1s de 22 mil millones de pesos en financiamiento, tanto del sector p\u00fablico como de la banca privada, con los que se ha devuelto la rentabilidad a muchos cultivos considerados claves en la seguridad alimentaria como el arroz, habichuelas, ajo, cebollas y otros.<\/span><\/p>\n<\/p>\n<p><span class=\"text1noticias\">Dijo que desde el Gabinete Agropecuario, el gobierno impulsa la asociatividad como modelo productivo, para superar el minifundio que impide que los peque\u00f1os y medianos agricultores sean competitivos y participen en la econom\u00eda global y de escala que impera en el mundo.<\/span><\/p>\n<p><span class=\"text1noticias\">Reconocimiento<\/span><\/p>\n<p><span class=\"text1noticias\">La universidad ISA y AGISA entregaron una placa de reconocimiento al ministro Luis Ram\u00f3n Rodr\u00edguez, por sus aportes a favor del agricultor dominicano, desde las diferentes funciones que ha desempe\u00f1ado a trav\u00e9s de su dilatada carrera profesional, tanto en el sector p\u00fablico como privado.<\/span><\/p>\n<p><span class=\"text1noticias\">Benito Ferreiras, rector de la casa de estudios, destac\u00f3 entre los m\u00e9ritos que acumula Rodr\u00edguez, y que le hicieron merecedor de la distinci\u00f3n, est\u00e1 su excelencia acad\u00e9mica en todos los centros nacionales e internacionales donde ha cursado estudios.<\/span><\/p>\n<p><span class=\"text1noticias\">Tambi\u00e9n, por tener una carrera exitosa de m\u00e1s de 30 a\u00f1os trabajando en favor de la agropecuaria dominicana; por el aporte de su experiencia en la formaci\u00f3n de nuevos profesionales, y por haber introducido en el pa\u00eds tecnolog\u00edas altamente productivas.<\/span><\/p>\n<\/p>\n<p><span class=\"text1noticias\">Adem\u00e1s, por su apoyo a la Universidad Isa en la recolecci\u00f3n de fondos para poder ofrecer sus servicios a aquellos estudiantes m\u00e1s necesitados; por su honestidad en su paso por la vida p\u00fablica; porque es amigo de los amigos, y por ser un ejemplo de integridad familiar.<\/span><\/p>\n<\/p>\n<p><span class=\"text1noticias\">Ferreiras dijo que la gesti\u00f3n del ministro Rodr\u00edguez ser\u00e1 recordada por haber solucionado las limitaciones estructurales que hist\u00f3ricamente afectaban la agricultura dominicana, como el financiamiento y las distorsiones en los mercados.<\/span><\/p>\n<\/p>\n<p><span class=\"text1noticias\">\u00abSin financiamiento para el uso de tecnolog\u00eda no puede haber una agricultura competitiva, donde el agricultor pueda producir con calidad para la exportaci\u00f3n y el consumo local, y esta gesti\u00f3n de Gobierno ha provisto de dinero al sector agropecuario\u00bb, afirm\u00f3.<\/span><\/p>\n<\/p>\n<p><span class=\"text1noticias\">Destac\u00f3 el programa de becas de que dispone Agricultura para que j\u00f3venes de escasos recursos econ\u00f3micos cursen estudios de agronom\u00eda en esa Universidad y la promoci\u00f3n conjunta de servicios de laboratorio para apoyar la capacidad exportadora de los productores dominicanos.<\/span><\/p>\n<\/p>\n<p><span class=\"text1noticias\">Adem\u00e1s del ministro Rodr\u00edguez y el rector Ferreiras, la mesa de honor del acto estuvo integrada por Quique Acevedo, presidente de AGISA; Emilio Olivo, miembro de la Junta de Directores del Isa, y \u00c1ngel Castillo, vicerrector acad\u00e9mico de la academia.(HG)<\/span>.<\/p>\n<h6> 2013-10-13 13:55:30 <\/h6>\n<p><!--\n<link rel=\"stylesheet\" href=\"css\/bootstrap.min.css\">\n\n\n<ul class=\"pagination\">\n\t    \n\t\n\n<li >\n\t<a href='?page_no=14641'>Previous<\/a>\n\t<\/li>\n\n\n       \n    \n\n<li><a href='?page_no=1'>1<\/a><\/li>\n\n\n\n<li><a href='?page_no=2'>2<\/a><\/li>\n\n\n\n<li><a>...<\/a><\/li>\n\n\n\n<li><a href='?page_no=14640'>14640<\/a><\/li>\n\n\n\n<li><a href='?page_no=14641'>14641<\/a><\/li>\n\n\n\n<li class='active'><a>14642<\/a><\/li>\n\n\n\n<li><a href='?page_no=14643'>14643<\/a><\/li>\n\n\n\n<li><a href='?page_no=14644'>14644<\/a><\/li>\n\n\n\n<li><a>...<\/a><\/li>\n\n\n\n<li><a href='?page_no=30472'>30472<\/a><\/li>\n\n\n\n<li><a href='?page_no=30473'>30473<\/a><\/li>\n\n    \n\t\n\n<li >\n\t<a href='?page_no=14643'>Next<\/a>\n\t<\/li>\n\n\n    \n\n<li><a href='?page_no=30473'>Last &rsaquo;&rsaquo;<\/a><\/li>\n\n<\/ul>\n\n\n--><br \/>\n<\/body><\/p>\n","protected":false},"excerpt":{"rendered":"<p>Santiago, RD, 13 de Octubre.-El ministro de Agricultura, Luis Ram\u00f3n Rodr\u00edguez anunci\u00f3 aqu\u00ed un aumento salarial para el sectoragropecuario, con el que espera mejorar las condiciones laborales y dignificar el trabajo de esos profesionales en favor de los agricultores y de toda la poblaci\u00f3n dominicana. Rodr\u00edguez hizo el anuncio durante un reconocimiento como Egresado Destacado [&hellip;]<\/p>\n","protected":false},"author":3,"featured_media":0,"comment_status":"open","ping_status":"open","sticky":false,"template":"","format":"standard","meta":{"footnotes":""},"categories":[18],"tags":[],"class_list":["post-99156","post","type-post","status-publish","format-standard","hentry","category-economia"],"_links":{"self":[{"href":"https:\/\/diariodominicano.com\/index.php?rest_route=\/wp\/v2\/posts\/99156","targetHints":{"allow":["GET"]}}],"collection":[{"href":"https:\/\/diariodominicano.com\/index.php?rest_route=\/wp\/v2\/posts"}],"about":[{"href":"https:\/\/diariodominicano.com\/index.php?rest_route=\/wp\/v2\/types\/post"}],"author":[{"embeddable":true,"href":"https:\/\/diariodominicano.com\/index.php?rest_route=\/wp\/v2\/users\/3"}],"replies":[{"embeddable":true,"href":"https:\/\/diariodominicano.com\/index.php?rest_route=%2Fwp%2Fv2%2Fcomments&post=99156"}],"version-history":[{"count":0,"href":"https:\/\/diariodominicano.com\/index.php?rest_route=\/wp\/v2\/posts\/99156\/revisions"}],"wp:attachment":[{"href":"https:\/\/diariodominicano.com\/index.php?rest_route=%2Fwp%2Fv2%2Fmedia&parent=99156"}],"wp:term":[{"taxonomy":"category","embeddable":true,"href":"https:\/\/diariodominicano.com\/index.php?rest_route=%2Fwp%2Fv2%2Fcategories&post=99156"},{"taxonomy":"post_tag","embeddable":true,"href":"https:\/\/diariodominicano.com\/index.php?rest_route=%2Fwp%2Fv2%2Ftags&post=99156"}],"curies":[{"name":"wp","href":"https:\/\/api.w.org\/{rel}","templated":true}]}}