{"id":99155,"date":"2013-10-13T14:02:53","date_gmt":"2013-10-13T14:02:53","guid":{"rendered":"http:\/\/diariodominicano.ddns.net\/?p=99155"},"modified":"2013-10-13T14:02:53","modified_gmt":"2013-10-13T14:02:53","slug":"selman-considera-modelo-economico-es-insostenible-por-alto-nivel-de-deuda-y-gastos","status":"publish","type":"post","link":"https:\/\/diariodominicano.com\/?p=99155","title":{"rendered":"Selman considera modelo econ\u00f3mico es insostenible por alto nivel de deuda y gastos"},"content":{"rendered":"<p><body><\/p>\n<p><img decoding=\"async\" src=\"img3\/Selman.jpg\" \/>  <\/p>\n<p><span class=\"text1noticias\">SANTO DOMINGO, RD, 13 de Octubre.-En opini\u00f3n del economista Ernesto Selman, vicepresidente del Centro Regional de Estrategias Econ\u00f3micas Sostenibles (CREES), el modelo econ\u00f3mico que combina elevado gasto p\u00fablico, d\u00e9ficit fiscal y endeudamiento, es insostenible, por lo que favorece que se cambie para reorientar el pa\u00eds hacia el desarrollo.<\/span><\/p>\n<\/p>\n<p><span class=\"text1noticias\">\u00abNo es sostenible el tren que llevamos en t\u00e9rminos de gasto p\u00fablico, d\u00e9ficit fiscal y endeudamiento. Este c\u00edrculo vicioso no es sostenible y ese modelo econ\u00f3mico hay que cambiarlo\u00bb, apunt\u00f3 Selman durante una entrevista en el programa \u00abMcKinney TV\u00bb, que dirige el periodista Pablo McKinney.<\/span><\/p>\n<\/p>\n<p><span class=\"text1noticias\">Afirm\u00f3 que el modelo de gastar m\u00e1s para supuestamente promover el desarrollo \u00ablo que nos est\u00e1 es llevando a un t\u00e9rmino que no es lo que queremos\u00bb. <\/span><\/p>\n<\/p>\n<p><span class=\"text1noticias\">Selman record\u00f3 que desde el a\u00f1o 2000 el pa\u00eds acumul\u00f3 d\u00e9ficits fiscales con la sola excepci\u00f3n del a\u00f1o 2007 que tuvo un presupuesto equilibrado, pero a partir de 2008 Rep\u00fablica Dominicana ha estado asumiendo altos d\u00e9ficits fiscales para el tama\u00f1o de la econom\u00eda y la capacidad financiera del Estado.<\/span><\/p>\n<\/p>\n<p><span class=\"text1noticias\">Cit\u00f3 que entre 2008 y 2011 hubo d\u00e9ficits anuales por alrededor de 55,000 millones de pesos, lo que representaba niveles de endeudamiento por cerca de 1,500 millones de d\u00f3lares cada a\u00f1o, pero en el 2012 \u00abel d\u00e9ficit se triplic\u00f3 y lleg\u00f3 a 165,000 millones de pesos\u00bb.<\/span><\/p>\n<\/p>\n<p><span class=\"text1noticias\">El vicepresidente de CREES estim\u00f3 que el d\u00e9ficit de 165,000 millones del a\u00f1o 2012 implica nuevas deudas por 4,000 millones de d\u00f3lares. \u00abPara este a\u00f1o (2013) estamos estimando un d\u00e9ficit de 86,000 millones de d\u00f3lares, lo que implica deuda nueva por 2,100 millones de d\u00f3lares\u00bb, manifest\u00f3 Selman.<\/span><\/p>\n<p><span class=\"text1noticias\">Se\u00f1al\u00f3 que ese nivel de endeudamiento \u00abes demasiado en un pa\u00eds que el 60 por ciento es econom\u00eda informal\u00bb.<\/span><\/p>\n<\/p>\n<p><span class=\"text1noticias\">Selman inform\u00f3 que el CREES hizo un estudio que arroja que a junio de este a\u00f1o la deuda p\u00fablica total del Estado se sit\u00faa en 33,000 millones de d\u00f3lares, equivalente a 55 por ciento del Producto Interno Bruto (PIB).<\/span><\/p>\n<\/p>\n<p><span class=\"text1noticias\">Dijo que esto puede ser enga\u00f1oso porque el pa\u00eds hizo una cesaci\u00f3n de pagos en los a\u00f1os ochenta con solo 32% del PIB como deuda y en 2005 se hizo una restructuraci\u00f3n de la deuda y \u00e9sta solo llegaba a 35% del PIB.<\/span><\/p>\n<\/p>\n<p><span class=\"text1noticias\">\u00abEsto puede ser enga\u00f1oso porque se puede tener un alto componente de pago de intereses como lo tenemos hoy en el Presupuesto Nacional, que llega a 18%, y puede tener un alto componente cuando tienes que pagar intereses m\u00e1s pago de capital que en el caso de Rep\u00fablica Dominicana llega a 40%. Es muy alto cuando usted tiene que dedicar el 40% de sus ingresos al pago de deuda\u00bb, indic\u00f3 el experto.<\/span><\/p>\n<\/p>\n<p><span class=\"text1noticias\">Sostuvo que hay quienes piensan que aumentando tasas a impuestos se va a recaudar m\u00e1s, pero eso no necesariamente es as\u00ed porque eso tiene un impacto en la actividad econ\u00f3mica y promueve la informalidad.<\/span><\/p>\n<\/p>\n<p><span class=\"text1noticias\">Record\u00f3 que en la \u00faltima reforma fiscal \u00abse elevaron todas las tasas de los impuestos existentes y se introdujeron nuevos impuestos\u00bb.<\/span><\/p>\n<\/p>\n<p><span class=\"text1noticias\">\u00abNosotros advertimos que esto tendr\u00eda un impacto en la econom\u00eda y fue evidente desde el primer trimestre que hab\u00eda un rezago en la econom\u00eda y los sectores que m\u00e1s emplean: manufactura, construcci\u00f3n mermaron y se redujo la actividad econ\u00f3mica en esos sectores\u00bb, agreg\u00f3.<\/span><\/p>\n<\/p>\n<p><span class=\"text1noticias\">Selman dijo que una de las consecuencias inmediatas del incremento de impuestos es el crecimiento de la informalidad en la econom\u00eda. No obstante, reconoci\u00f3 que otros factores, como la actual ley laboral, tambi\u00e9n promueven la informalidad porque adem\u00e1s del salario se agregan costos no salariales equivalentes a cerca del 60% de aquel.<\/span><\/p>\n<\/p>\n<p><span class=\"text1noticias\">\u00abDesde el a\u00f1o 2000 hasta hoy el empleo informal ha crecido casi el doble del empleo formal. De ese empleo formal ?seg\u00fan Miguel Ceara Hatton- el 65% fue creado por el sector p\u00fablico. Lo que estamos viendo es que el sector privado est\u00e1 generando empleos en el sector informal\u00bb, apunt\u00f3 el economista. <\/span><\/p>\n<\/p>\n<p><span class=\"text1noticias\">Declar\u00f3 que para vencer esta realidad el CREES propuso una reforma fiscal integral que se concentra en simplificar el sistema tributario, eliminando impuestos distorsionantes. <\/span><\/p>\n<\/p>\n<p><span class=\"text1noticias\">\u00abLa idea es reducir los costos que asumimos en la econom\u00eda dominicana para emplear y crear nuevas riquezas\u00bb, expuso Selman.<\/span><\/p>\n<\/p>\n<p><span class=\"text1noticias\">Otra acci\u00f3n ser\u00eda la modificaci\u00f3n del C\u00f3digo Laboral para limitar los costos adicionales que se asumen en la econom\u00eda dominicana que desincentivan el empleo formal y promueven el informal. <\/span><\/p>\n<\/p>\n<p><span class=\"text1noticias\">Combate a la corrupci\u00f3n<\/span><\/p>\n<\/p>\n<p><span class=\"text1noticias\">A juicio de Selman, un elemento fundamental para el pa\u00eds es combatir la corrupci\u00f3n y atribuy\u00f3 esta responsabilidad a las autoridades gubernamentales que tienen la obligaci\u00f3n de \u00abcumplir y hacer cumplir las leyes, sin privilegios\u00bb.<\/span><\/p>\n<\/p>\n<p><span class=\"text1noticias\">\tManifest\u00f3 que el pa\u00eds requiere de reglas de juego claras que las autoridades mismas son las que tienen que hacer cumplir.<\/span><\/p>\n<\/p>\n<p><span class=\"text1noticias\">Selman record\u00f3 que el CREES ha planteado la necesidad de una ley de transparencia y responsabilidad fiscal con topes claros sobre niveles de d\u00e9ficits fiscales y endeudamiento \u00abpara que no se repita lo que vimos en 2012\u00bb. <\/span><\/p>\n<\/p>\n<p><span class=\"text1noticias\">\u00abEl inter\u00e9s de combatir la corrupci\u00f3n tiene que venir desde el Estado\u00bb, puntualiz\u00f3 Selman.(HG)<\/span>. <\/p>\n<\/p>\n<h6> 2013-10-13 14:02:53 <\/h6>\n<p><!--\n<link rel=\"stylesheet\" href=\"css\/bootstrap.min.css\">\n\n\n<ul class=\"pagination\">\n\t    \n\t\n\n<li >\n\t<a href='?page_no=14640'>Previous<\/a>\n\t<\/li>\n\n\n       \n    \n\n<li><a href='?page_no=1'>1<\/a><\/li>\n\n\n\n<li><a href='?page_no=2'>2<\/a><\/li>\n\n\n\n<li><a>...<\/a><\/li>\n\n\n\n<li><a href='?page_no=14639'>14639<\/a><\/li>\n\n\n\n<li><a href='?page_no=14640'>14640<\/a><\/li>\n\n\n\n<li class='active'><a>14641<\/a><\/li>\n\n\n\n<li><a href='?page_no=14642'>14642<\/a><\/li>\n\n\n\n<li><a href='?page_no=14643'>14643<\/a><\/li>\n\n\n\n<li><a>...<\/a><\/li>\n\n\n\n<li><a href='?page_no=30472'>30472<\/a><\/li>\n\n\n\n<li><a href='?page_no=30473'>30473<\/a><\/li>\n\n    \n\t\n\n<li >\n\t<a href='?page_no=14642'>Next<\/a>\n\t<\/li>\n\n\n    \n\n<li><a href='?page_no=30473'>Last &rsaquo;&rsaquo;<\/a><\/li>\n\n<\/ul>\n\n\n--><br \/>\n<\/body><\/p>\n","protected":false},"excerpt":{"rendered":"<p>SANTO DOMINGO, RD, 13 de Octubre.-En opini\u00f3n del economista Ernesto Selman, vicepresidente del Centro Regional de Estrategias Econ\u00f3micas Sostenibles (CREES), el modelo econ\u00f3mico que combina elevado gasto p\u00fablico, d\u00e9ficit fiscal y endeudamiento, es insostenible, por lo que favorece que se cambie para reorientar el pa\u00eds hacia el desarrollo. \u00abNo es sostenible el tren que llevamos [&hellip;]<\/p>\n","protected":false},"author":3,"featured_media":0,"comment_status":"open","ping_status":"open","sticky":false,"template":"","format":"standard","meta":{"footnotes":""},"categories":[18],"tags":[],"class_list":["post-99155","post","type-post","status-publish","format-standard","hentry","category-economia"],"_links":{"self":[{"href":"https:\/\/diariodominicano.com\/index.php?rest_route=\/wp\/v2\/posts\/99155","targetHints":{"allow":["GET"]}}],"collection":[{"href":"https:\/\/diariodominicano.com\/index.php?rest_route=\/wp\/v2\/posts"}],"about":[{"href":"https:\/\/diariodominicano.com\/index.php?rest_route=\/wp\/v2\/types\/post"}],"author":[{"embeddable":true,"href":"https:\/\/diariodominicano.com\/index.php?rest_route=\/wp\/v2\/users\/3"}],"replies":[{"embeddable":true,"href":"https:\/\/diariodominicano.com\/index.php?rest_route=%2Fwp%2Fv2%2Fcomments&post=99155"}],"version-history":[{"count":0,"href":"https:\/\/diariodominicano.com\/index.php?rest_route=\/wp\/v2\/posts\/99155\/revisions"}],"wp:attachment":[{"href":"https:\/\/diariodominicano.com\/index.php?rest_route=%2Fwp%2Fv2%2Fmedia&parent=99155"}],"wp:term":[{"taxonomy":"category","embeddable":true,"href":"https:\/\/diariodominicano.com\/index.php?rest_route=%2Fwp%2Fv2%2Fcategories&post=99155"},{"taxonomy":"post_tag","embeddable":true,"href":"https:\/\/diariodominicano.com\/index.php?rest_route=%2Fwp%2Fv2%2Ftags&post=99155"}],"curies":[{"name":"wp","href":"https:\/\/api.w.org\/{rel}","templated":true}]}}