{"id":99154,"date":"2013-10-13T14:38:57","date_gmt":"2013-10-13T14:38:57","guid":{"rendered":"http:\/\/diariodominicano.ddns.net\/?p=99154"},"modified":"2013-10-13T14:38:57","modified_gmt":"2013-10-13T14:38:57","slug":"presidente-danilo-medina-insta-a-sectores-productivos-a-unirse-en-cooperativas","status":"publish","type":"post","link":"https:\/\/diariodominicano.com\/?p=99154","title":{"rendered":"Presidente Danilo Medina insta a sectores productivos a unirse en cooperativas"},"content":{"rendered":"<p><body><\/p>\n<p><img decoding=\"async\" src=\"img3\/danilo.jpg\" \/><br \/><img decoding=\"async\" src=\"img3\/medina.jpg\" \/><br \/><img decoding=\"async\" src=\"img3\/porvenir.jpg\" \/>  <\/p>\n<p><span class=\"text1noticias\">Por Henry Guti\u00e9rrez<\/span><\/p>\n<\/p>\n<p><span class=\"text1noticias\">San Pedro de Macor\u00eds, RD, 13 de Octubre.-El Presidente Danilo Medina visit\u00f3 los municipios de La Barca y el Porvernir de esta provincia.<\/span><\/p>\n<\/p>\n<p><span class=\"text1noticias\">En la Barca se reuni\u00f3 con  pescadores, donde los inst\u00f3 a reunirse en cooperativa para poder recibir la ayuda econ\u00f3mica del Gobierno. <\/span><\/p>\n<\/p>\n<p><span class=\"text1noticias\">Seg\u00fan inform\u00f3 la cuenta de twitter de la Presidencia de la Rep\u00fablica, Los pescadores de dicha comunidad buscan mejorar y ampliar su pesca.<\/span><\/p>\n<\/p>\n<p><span class=\"text1noticias\">El presidente Medina se comprometi\u00f3 ayudarlos, pero los pescadores  deben organizarse en una cooperativa o asociaci\u00f3n.<\/span><\/p>\n<\/p>\n<p><span class=\"text1noticias\">\u00abNosotros queremos prestarle recursos a los colectivos de personas, Yo vine aqu\u00ed a ayudarlos, pero necesito que est\u00e9n organizados para poderlos ayudar. Aqu\u00ed hay que hacer una asociaci\u00f3n de pescadores\u00bb, agreg\u00f3 Medina. <\/span><\/p>\n<\/p>\n<p><span class=\"text1noticias\">Destac\u00f3 que mientras m\u00e1s personas se integren mejor para que la ayuda llegue a m\u00e1s personas que act\u00faan en el sector.<\/span><\/p>\n<\/p>\n<p><span class=\"text1noticias\">Entre las medidas a tomar se estableci\u00f3 el compromiso de que los pescadores elaborar\u00e1n un proyecto colectivo, para presentarlo a una comisi\u00f3n gubernamental. <\/span><\/p>\n<\/p>\n<p><span class=\"text1noticias\">El mandatario instruy\u00f3 que una a comisi\u00f3n encabezado por el director de Consejo Dominicano de Pesca<\/span><\/p>\n<p><span class=\"text1noticias\">se traslade a San Pedro de Macor\u00eds el pr\u00f3ximo domingo a las 10:00 a.m. <\/span><\/p>\n<\/p>\n<p><span class=\"text1noticias\">Mientras que, en Porvenir el Presidente Danilo Medina aprob\u00f3 tres proyectos de las tres Asociaciones de Mujeres, despu\u00e9s  donde conoci\u00f3 sus proyectos. <\/span><\/p>\n<\/p>\n<p><span class=\"text1noticias\">Entre ellas figuran: La Asociaci\u00f3n de Mujeres Ayuda Comunitaria (AMADC), quienes solicitaron la ampliaci\u00f3n de su local para ofrecer capacitaci\u00f3n a m\u00e1s mujeres, donde ofrecen curso de panader\u00eda y reposter\u00eda, confecci\u00f3n y bisuter\u00eda.<\/span><\/p>\n<\/p>\n<p><span class=\"text1noticias\">Por otro lado est\u00e1 la Asociaci\u00f3n de Mujeres Trabajadoras de las Zonas Francas. Quieren construir una nave para producir ropa.<\/span><\/p>\n<\/p>\n<p><span class=\"text1noticias\">La Asociaci\u00f3n Regional de Peque\u00f1as y Medianas Emprendedoras (ASOREPEME) tiene un proyecto de producci\u00f3n de bisuter\u00eda.<\/span><\/p>\n<\/p>\n<p><span class=\"text1noticias\">As\u00ed tambi\u00e9n una comisi\u00f3n del Gobierno que vendr\u00e1 a Porvenir, el jueves a las 10:00 a.m. para analizar los detalles<\/span>.<\/p>\n<\/p>\n<p><span class=\"text1noticias\">All\u00ed el presidente Medina felicit\u00f3 a las damas por asociarse en tres agrupaciones que es la mejor manera de buscar ingresos.<\/span><\/p>\n<\/p>\n<p><span class=\"text1noticias\">\u00abEn todas partes donde voy les digo que el dinero no lo estamos regalando, porque ese dinero no es m\u00edo, Ese dinero es de los ciudadanos que pagan impuestos, cuando termine el mandato, hay que rendir cuentas del uso de ese dinero\u00bb, reiter\u00f3.<\/span><\/p>\n<\/p>\n<p><span class=\"text1noticias\">Aclar\u00f3  que son prest\u00e1do en condiciones muy blandas y  ser\u00e1n al 5% anual con 1 a\u00f1o de gracia, pero los montos ser\u00e1n definidos con la comisi\u00f3n que vendr\u00e1 el jueves<\/span>. <\/p>\n<\/p>\n<p><span class=\"text1noticias\">\u00abYo quiero que se hagan empresarias, que tengan ingresos, que tengan muchos ingresos, para que cientos de mujeres puedan trabajar en estos proyectos\u00bb, indic\u00f3 Medina. <\/span><\/p>\n<\/p>\n<p><span class=\"text1noticias\">Tras la reuni\u00f3n con las Asociaciones de mujeres, el Presidente supervis\u00f3 la construcci\u00f3n de la Escuela que se construye en el municipio de Porvenir. <\/span><\/p>\n<\/p>\n<p><span class=\"text1noticias\">Adem\u00e1s visit\u00f3 la Fundaci\u00f3n Renacer con Ni\u00f1os Hu\u00e9rfanos con Sida (FURENIHSI), donde contempl\u00f3 las necesidades que ata\u00f1en a los infantes.<\/span><\/p>\n<\/p>\n<p><span class=\"text1noticias\">En este centro infantil es dirigido por Vilma L\u00f3pez, quien  el proyecto que tiene FURENIHSI de ampliar el albergue, construirle cocina y templo de adoraci\u00f3n.<\/span><\/p>\n<\/p>\n<p><span class=\"text1noticias\">L\u00f3pez sostuvo que el albergue s\u00f3lo pueden alimentar 54 ni\u00f1os, de los 105 ni\u00f1os que tienen registrados, por falta de recursos<\/span>.<\/p>\n<\/p>\n<p><span class=\"text1noticias\">De inmediato el Presidente Danilo Medina aprob\u00f3 el proyecto y design\u00f3 al Ministro de Obras P\u00fablicas a evaluar el proyectos, y  dio instrucciones para que el Plansocial de la presidencia entregue los alimentos que necesitan mensualmente para alimentar a todos los ni\u00f1os, tambi\u00e9n les facilitar\u00e1 50 colchonetas para facilitar el albergue de los ni\u00f1os hasta tanto se construya el proyecto<\/span>.<\/p>\n<h6> 2013-10-13 14:38:57 <\/h6>\n<p><!--\n<link rel=\"stylesheet\" href=\"css\/bootstrap.min.css\">\n\n\n<ul class=\"pagination\">\n\t    \n\t\n\n<li >\n\t<a href='?page_no=14639'>Previous<\/a>\n\t<\/li>\n\n\n       \n    \n\n<li><a href='?page_no=1'>1<\/a><\/li>\n\n\n\n<li><a href='?page_no=2'>2<\/a><\/li>\n\n\n\n<li><a>...<\/a><\/li>\n\n\n\n<li><a href='?page_no=14638'>14638<\/a><\/li>\n\n\n\n<li><a href='?page_no=14639'>14639<\/a><\/li>\n\n\n\n<li class='active'><a>14640<\/a><\/li>\n\n\n\n<li><a href='?page_no=14641'>14641<\/a><\/li>\n\n\n\n<li><a href='?page_no=14642'>14642<\/a><\/li>\n\n\n\n<li><a>...<\/a><\/li>\n\n\n\n<li><a href='?page_no=30472'>30472<\/a><\/li>\n\n\n\n<li><a href='?page_no=30473'>30473<\/a><\/li>\n\n    \n\t\n\n<li >\n\t<a href='?page_no=14641'>Next<\/a>\n\t<\/li>\n\n\n    \n\n<li><a href='?page_no=30473'>Last &rsaquo;&rsaquo;<\/a><\/li>\n\n<\/ul>\n\n\n--><br \/>\n<\/body><\/p>\n","protected":false},"excerpt":{"rendered":"<p>Por Henry Guti\u00e9rrez San Pedro de Macor\u00eds, RD, 13 de Octubre.-El Presidente Danilo Medina visit\u00f3 los municipios de La Barca y el Porvernir de esta provincia. En la Barca se reuni\u00f3 con pescadores, donde los inst\u00f3 a reunirse en cooperativa para poder recibir la ayuda econ\u00f3mica del Gobierno. Seg\u00fan inform\u00f3 la cuenta de twitter de [&hellip;]<\/p>\n","protected":false},"author":3,"featured_media":0,"comment_status":"open","ping_status":"open","sticky":false,"template":"","format":"standard","meta":{"footnotes":""},"categories":[18],"tags":[],"class_list":["post-99154","post","type-post","status-publish","format-standard","hentry","category-economia"],"_links":{"self":[{"href":"https:\/\/diariodominicano.com\/index.php?rest_route=\/wp\/v2\/posts\/99154","targetHints":{"allow":["GET"]}}],"collection":[{"href":"https:\/\/diariodominicano.com\/index.php?rest_route=\/wp\/v2\/posts"}],"about":[{"href":"https:\/\/diariodominicano.com\/index.php?rest_route=\/wp\/v2\/types\/post"}],"author":[{"embeddable":true,"href":"https:\/\/diariodominicano.com\/index.php?rest_route=\/wp\/v2\/users\/3"}],"replies":[{"embeddable":true,"href":"https:\/\/diariodominicano.com\/index.php?rest_route=%2Fwp%2Fv2%2Fcomments&post=99154"}],"version-history":[{"count":0,"href":"https:\/\/diariodominicano.com\/index.php?rest_route=\/wp\/v2\/posts\/99154\/revisions"}],"wp:attachment":[{"href":"https:\/\/diariodominicano.com\/index.php?rest_route=%2Fwp%2Fv2%2Fmedia&parent=99154"}],"wp:term":[{"taxonomy":"category","embeddable":true,"href":"https:\/\/diariodominicano.com\/index.php?rest_route=%2Fwp%2Fv2%2Fcategories&post=99154"},{"taxonomy":"post_tag","embeddable":true,"href":"https:\/\/diariodominicano.com\/index.php?rest_route=%2Fwp%2Fv2%2Ftags&post=99154"}],"curies":[{"name":"wp","href":"https:\/\/api.w.org\/{rel}","templated":true}]}}