{"id":99150,"date":"2013-10-14T04:31:53","date_gmt":"2013-10-14T04:31:53","guid":{"rendered":"http:\/\/diariodominicano.ddns.net\/?p=99150"},"modified":"2013-10-14T04:31:53","modified_gmt":"2013-10-14T04:31:53","slug":"gobierno-apoyara-a-pescadores-a-mujeres-empresarias-y-hogar-de-ninos-con-sida","status":"publish","type":"post","link":"https:\/\/diariodominicano.com\/?p=99150","title":{"rendered":"Gobierno apoyar\u00e1  a pescadores, a mujeres empresarias y hogar de ni\u00f1os con SIDA"},"content":{"rendered":"<p><body><\/p>\n<p><img decoding=\"async\" src=\"img3\/daniloenspm131013.jpg\" \/><br \/><img decoding=\"async\" src=\"img3\/daniloenspm0.jpg\" \/><br \/><img decoding=\"async\" src=\"img3\/daniloenspm1301013.jpg\" \/>  <\/p>\n<\/p>\n<p><span class=\"text1noticias\">SAN PEDRO DE MACOR\u00cdS, RD, 13 de Octubre (Dicom).-El presidente Danilo Medina anunci\u00f3 este domingo la concesi\u00f3n de cr\u00e9ditos para los pescadores de La Barca y tres asociaciones de mujeres emprendedoras.<\/span><\/p>\n<\/p>\n<p><span class=\"text1noticias\">Tambi\u00e9n dispuso la ampliaci\u00f3n del albergue y entrega de raciones alimenticias para la Fundaci\u00f3n Renacer con Ni\u00f1os Hu\u00e9rfanos con SIDA (FURENIHSI) en el ingenio Porvenir, San Pedro de Macor\u00eds.<\/span><\/p>\n<\/p>\n<p><span class=\"text1noticias\">En el albergue de ni\u00f1os hu\u00e9rfanos con Sida est\u00e1n alojados 105 infantes, pero por la estrechez econ\u00f3mica, s\u00f3lo pueden alimentar a 54, por lo que el jefe del Estado dispuso que el Plan Social de la Presidencia supla los alimentos que hacen falta.<\/span><\/p>\n<\/p>\n<p><span class=\"text1noticias\">Vilma L\u00f3pez, la directora del orfanato, expuso al mandatario las carencias que enfrentan. Medina orden\u00f3 al ministro de Obras P\u00fablicas, Gonzalo Castillo, que haga una evaluaci\u00f3n del albergue para su ampliaci\u00f3n y construcci\u00f3n de una cocina.<\/span><\/p>\n<\/p>\n<p><span class=\"text1noticias\">Hasta que concluya la construcci\u00f3n de las nuevas \u00e1reas del albergue, el Plan Social de la Presidencia facilitar\u00e1 50 colchonetas donde dormir\u00e1n los infantes afectados por la terrible enfermedad.<\/span><\/p>\n<\/p>\n<p><strong> <\/strong><\/p>\n<p><strong><span class=\"text1noticias\">Con los pescadores de La Barca<\/span><\/strong><\/p>\n<\/p>\n<p><span class=\"text1noticias\">En su recorrido de este domingo, el presidente se reuni\u00f3 primero con los pescadores de la secci\u00f3n La Barca, quienes le expusieron la necesidad de acceder a cr\u00e9ditos oficiales para tecnificar la pesca y la conservaci\u00f3n de los peces.<\/span><\/p>\n<\/p>\n<p><span class=\"text1noticias\">El jefe del Estado les prometi\u00f3 ayuda, pero estos no est\u00e1n asociados ni pertenecen a ninguna cooperativa para canalizar los cr\u00e9ditos.<\/span><\/p>\n<\/p>\n<p><span class=\"text1noticias\">Medina inform\u00f3 que los pescadores ser\u00e1n visitados el pr\u00f3ximo domingo a las 10:00 de la ma\u00f1ana por una comisi\u00f3n del Consejo Dominicano de Pesca y Acuicultura (CODOPESCA), encabezada por su Director Ejecutivo, Francisco Fr\u00edas Olivencia.<\/span><\/p>\n<\/p>\n<p><span class=\"text1noticias\">Dijo que lo ideal es que se agrupen en una cooperativa o en una asociaci\u00f3n, en un n\u00famero que podr\u00eda ser entre 200 o 300 pescadores.<\/span><\/p>\n<\/p>\n<p><span class=\"text1noticias\">El presidente estuvo acompa\u00f1ado de los ministros Administrativo de la Presidencia y de Obras P\u00fablicas, Jos\u00e9 Ram\u00f3n Peralta y Gonzalo Castillo, respectivamente, del gobernador provincial, F\u00e9lix de los Santos Lebr\u00f3n, y del director del Consejo Estatal del Az\u00facar, Tom\u00e1s S\u00e1nchez Rosario.<\/span><\/p>\n<\/p>\n<p><strong> <\/strong><\/p>\n<p><strong><span class=\"text1noticias\">Felicita a las mujeres de Porvenir<\/span><\/strong><\/p>\n<\/p>\n<p><span class=\"text1noticias\">\u00abYo las felicito por el esfuerzo que est\u00e1n haciendo de asociarse en estas tres organizaciones para buscar la manera de tener ingresos. De antemano les digo que les estoy aprobando los proyectos. En todas partes donde voy les digo que el dinero no lo estamos regalando, porque ese dinero no es m\u00edo\u00bb, declar\u00f3 el presidente tras reunirse con las integrantes de las asociaciones de Mujeres de Zonas Francas, Regional de Peque\u00f1as y Medianas Emprendedoras (ASOREPEME) y la Asociaci\u00f3n de Mujeres Ayuda Comunitaria (AMADC).<\/span><\/p>\n<\/p>\n<p><span class=\"text1noticias\">La Asociaci\u00f3n de Mujeres de Zonas Francas quiere ayuda oficial para construir una nave para producir ropa, la AMADC para ampliar su local y capacitar a m\u00e1s mujeres en panader\u00eda y reposter\u00eda; en tanto que la Asociaci\u00f3n Regional de Peque\u00f1as Emprendedoras maneja un proyecto de producci\u00f3n de bisuter\u00eda.<\/span><\/p>\n<\/p>\n<p><span class=\"text1noticias\">\u00abEl dinero que les estamos prestando es de los ciudadanos que pagan impuestos. Cuando termine el mandato, hay que rendir cuentas del uso de ese dinero, que vamos a prest\u00e1rselo en condiciones muy blandas\u00bb, agreg\u00f3 el presidente de la Rep\u00fablica.<\/span><\/p>\n<\/p>\n<p><span class=\"text1noticias\">Indic\u00f3 que los pr\u00e9stamos ser\u00e1n a una tasa del cinco por ciento anual con un a\u00f1o de gracia. Los montos ser\u00e1n definidos por una comisi\u00f3n que visitar\u00e1 a las mujeres emprendedoras el pr\u00f3ximo jueves a las 10:00 de la ma\u00f1ana.<\/span><\/p>\n<\/p>\n<p><span class=\"text1noticias\">Medina dijo que \u00ablo que queremos es que cientos de mujeres puedan trabajar en estos proyectos. Yo quiero que se hagan empresarias, que tengan ingresos, que tengan muchos ingresos\u00bb.<\/span><\/p>\n<\/p>\n<p><span class=\"text1noticias\">Tras la reuni\u00f3n con las mujeres, el presidente de la Rep\u00fablica supervis\u00f3 la construcci\u00f3n de la escuela que se levanta en el municipio Porvenir y luego visit\u00f3 la Fundaci\u00f3n Renacer con Ni\u00f1os Hu\u00e9rfanos con Sida (FURENIHSI), donde se reuni\u00f3 con su presidenta, Vilma L\u00f3pez, quien le expuso al jefe del Estado la necesidad de hacer las mejoras al albergue.<\/span><\/p>\n<\/p>\n<\/p>\n<h6> 2013-10-14 04:31:53 <\/h6>\n<p><!--\n<link rel=\"stylesheet\" href=\"css\/bootstrap.min.css\">\n\n\n<ul class=\"pagination\">\n\t    \n\t\n\n<li >\n\t<a href='?page_no=14636'>Previous<\/a>\n\t<\/li>\n\n\n       \n    \n\n<li><a href='?page_no=1'>1<\/a><\/li>\n\n\n\n<li><a href='?page_no=2'>2<\/a><\/li>\n\n\n\n<li><a>...<\/a><\/li>\n\n\n\n<li><a href='?page_no=14635'>14635<\/a><\/li>\n\n\n\n<li><a href='?page_no=14636'>14636<\/a><\/li>\n\n\n\n<li class='active'><a>14637<\/a><\/li>\n\n\n\n<li><a href='?page_no=14638'>14638<\/a><\/li>\n\n\n\n<li><a href='?page_no=14639'>14639<\/a><\/li>\n\n\n\n<li><a>...<\/a><\/li>\n\n\n\n<li><a href='?page_no=30472'>30472<\/a><\/li>\n\n\n\n<li><a href='?page_no=30473'>30473<\/a><\/li>\n\n    \n\t\n\n<li >\n\t<a href='?page_no=14638'>Next<\/a>\n\t<\/li>\n\n\n    \n\n<li><a href='?page_no=30473'>Last &rsaquo;&rsaquo;<\/a><\/li>\n\n<\/ul>\n\n\n--><br \/>\n<\/body><\/p>\n","protected":false},"excerpt":{"rendered":"<p>SAN PEDRO DE MACOR\u00cdS, RD, 13 de Octubre (Dicom).-El presidente Danilo Medina anunci\u00f3 este domingo la concesi\u00f3n de cr\u00e9ditos para los pescadores de La Barca y tres asociaciones de mujeres emprendedoras. Tambi\u00e9n dispuso la ampliaci\u00f3n del albergue y entrega de raciones alimenticias para la Fundaci\u00f3n Renacer con Ni\u00f1os Hu\u00e9rfanos con SIDA (FURENIHSI) en el ingenio [&hellip;]<\/p>\n","protected":false},"author":3,"featured_media":0,"comment_status":"open","ping_status":"open","sticky":false,"template":"","format":"standard","meta":{"footnotes":""},"categories":[18],"tags":[],"class_list":["post-99150","post","type-post","status-publish","format-standard","hentry","category-economia"],"_links":{"self":[{"href":"https:\/\/diariodominicano.com\/index.php?rest_route=\/wp\/v2\/posts\/99150","targetHints":{"allow":["GET"]}}],"collection":[{"href":"https:\/\/diariodominicano.com\/index.php?rest_route=\/wp\/v2\/posts"}],"about":[{"href":"https:\/\/diariodominicano.com\/index.php?rest_route=\/wp\/v2\/types\/post"}],"author":[{"embeddable":true,"href":"https:\/\/diariodominicano.com\/index.php?rest_route=\/wp\/v2\/users\/3"}],"replies":[{"embeddable":true,"href":"https:\/\/diariodominicano.com\/index.php?rest_route=%2Fwp%2Fv2%2Fcomments&post=99150"}],"version-history":[{"count":0,"href":"https:\/\/diariodominicano.com\/index.php?rest_route=\/wp\/v2\/posts\/99150\/revisions"}],"wp:attachment":[{"href":"https:\/\/diariodominicano.com\/index.php?rest_route=%2Fwp%2Fv2%2Fmedia&parent=99150"}],"wp:term":[{"taxonomy":"category","embeddable":true,"href":"https:\/\/diariodominicano.com\/index.php?rest_route=%2Fwp%2Fv2%2Fcategories&post=99150"},{"taxonomy":"post_tag","embeddable":true,"href":"https:\/\/diariodominicano.com\/index.php?rest_route=%2Fwp%2Fv2%2Ftags&post=99150"}],"curies":[{"name":"wp","href":"https:\/\/api.w.org\/{rel}","templated":true}]}}