{"id":99148,"date":"2013-10-14T14:26:29","date_gmt":"2013-10-14T14:26:29","guid":{"rendered":"http:\/\/diariodominicano.ddns.net\/?p=99148"},"modified":"2013-10-14T14:26:29","modified_gmt":"2013-10-14T14:26:29","slug":"la-royal-caribbean-retirara-cruceros-rd","status":"publish","type":"post","link":"https:\/\/diariodominicano.com\/?p=99148","title":{"rendered":"La Royal Caribbean retirar\u00e1 cruceros RD"},"content":{"rendered":"<p><body><\/p>\n<p>Saman\u00e1, RD 14 octubre.- La empresa de cruceros Royal Caribbean sacar\u00e1 a Saman\u00e1 de su itinerario a partir de la pr\u00f3xima temporada.<\/p>\n<\/p>\n<p>La informaci\u00f3n fue confirmada por la Asociaci\u00f3n de Taxistas de Saman\u00e1, y es la segunda que anuncia su retiro, ya que en septiembre tom\u00f3 igual decisi\u00f3n la Norweguian.<\/p>\n<\/p>\n<p>Dionisio Smith, presidente de la asociaci\u00f3n, dijo que el mi\u00e9rcoles, a las 9:00 de la ma\u00f1ana, los taxistas y otras asociaciones de la provincia har\u00e1n una caminata para reclamar la intervenci\u00f3n del Gobierno para que se resuelvan los problemas que alejan a los cruceros. <\/p>\n<\/p>\n<p>Dijo que los taxistas y otras organizaciones apoyan el proyecto para construir el puerto de cruceros que se har\u00e1 mediante una concesi\u00f3n del Estado a la operadora privada que maneja la actividad en la Bah\u00eda de Saman\u00e1.<\/p>\n<\/p>\n<p>\u00abQueremos que el presidente Danilo Medina intervenga en esta situaci\u00f3n\u00bb, dijo, porque esta es una de las tres provincia m\u00e1s pobres.<\/p>\n<\/p>\n<p>Esta situaci\u00f3n ha creado inquietud ya que los servicios que se prestan a los cruceristas que llegan en estos barcos durante todo el invierno es lo que mueve la econom\u00eda de la ciudad, ya que se estima que cada barco deja m\u00e1s de un mill\u00f3n de pesos en esta comunidad.<\/p>\n<h6> 2013-10-14 14:26:29 <\/h6>\n<p><!--\n<link rel=\"stylesheet\" href=\"css\/bootstrap.min.css\">\n\n\n<ul class=\"pagination\">\n\t    \n\t\n\n<li >\n\t<a href='?page_no=14634'>Previous<\/a>\n\t<\/li>\n\n\n       \n    \n\n<li><a href='?page_no=1'>1<\/a><\/li>\n\n\n\n<li><a href='?page_no=2'>2<\/a><\/li>\n\n\n\n<li><a>...<\/a><\/li>\n\n\n\n<li><a href='?page_no=14633'>14633<\/a><\/li>\n\n\n\n<li><a href='?page_no=14634'>14634<\/a><\/li>\n\n\n\n<li class='active'><a>14635<\/a><\/li>\n\n\n\n<li><a href='?page_no=14636'>14636<\/a><\/li>\n\n\n\n<li><a href='?page_no=14637'>14637<\/a><\/li>\n\n\n\n<li><a>...<\/a><\/li>\n\n\n\n<li><a href='?page_no=30472'>30472<\/a><\/li>\n\n\n\n<li><a href='?page_no=30473'>30473<\/a><\/li>\n\n    \n\t\n\n<li >\n\t<a href='?page_no=14636'>Next<\/a>\n\t<\/li>\n\n\n    \n\n<li><a href='?page_no=30473'>Last &rsaquo;&rsaquo;<\/a><\/li>\n\n<\/ul>\n\n\n--><br \/>\n<\/body><\/p>\n","protected":false},"excerpt":{"rendered":"<p>Saman\u00e1, RD 14 octubre.- La empresa de cruceros Royal Caribbean sacar\u00e1 a Saman\u00e1 de su itinerario a partir de la pr\u00f3xima temporada. La informaci\u00f3n fue confirmada por la Asociaci\u00f3n de Taxistas de Saman\u00e1, y es la segunda que anuncia su retiro, ya que en septiembre tom\u00f3 igual decisi\u00f3n la Norweguian. Dionisio Smith, presidente de la [&hellip;]<\/p>\n","protected":false},"author":3,"featured_media":0,"comment_status":"open","ping_status":"open","sticky":false,"template":"","format":"standard","meta":{"footnotes":""},"categories":[18],"tags":[],"class_list":["post-99148","post","type-post","status-publish","format-standard","hentry","category-economia"],"_links":{"self":[{"href":"https:\/\/diariodominicano.com\/index.php?rest_route=\/wp\/v2\/posts\/99148","targetHints":{"allow":["GET"]}}],"collection":[{"href":"https:\/\/diariodominicano.com\/index.php?rest_route=\/wp\/v2\/posts"}],"about":[{"href":"https:\/\/diariodominicano.com\/index.php?rest_route=\/wp\/v2\/types\/post"}],"author":[{"embeddable":true,"href":"https:\/\/diariodominicano.com\/index.php?rest_route=\/wp\/v2\/users\/3"}],"replies":[{"embeddable":true,"href":"https:\/\/diariodominicano.com\/index.php?rest_route=%2Fwp%2Fv2%2Fcomments&post=99148"}],"version-history":[{"count":0,"href":"https:\/\/diariodominicano.com\/index.php?rest_route=\/wp\/v2\/posts\/99148\/revisions"}],"wp:attachment":[{"href":"https:\/\/diariodominicano.com\/index.php?rest_route=%2Fwp%2Fv2%2Fmedia&parent=99148"}],"wp:term":[{"taxonomy":"category","embeddable":true,"href":"https:\/\/diariodominicano.com\/index.php?rest_route=%2Fwp%2Fv2%2Fcategories&post=99148"},{"taxonomy":"post_tag","embeddable":true,"href":"https:\/\/diariodominicano.com\/index.php?rest_route=%2Fwp%2Fv2%2Ftags&post=99148"}],"curies":[{"name":"wp","href":"https:\/\/api.w.org\/{rel}","templated":true}]}}