{"id":99147,"date":"2013-10-14T15:12:09","date_gmt":"2013-10-14T15:12:09","guid":{"rendered":"http:\/\/diariodominicano.ddns.net\/?p=99147"},"modified":"2013-10-14T15:12:09","modified_gmt":"2013-10-14T15:12:09","slug":"federacion-dominicana-de-comerciantes-fdc-cree-2014-sera-mejor-ano","status":"publish","type":"post","link":"https:\/\/diariodominicano.com\/?p=99147","title":{"rendered":"Federaci\u00f3n Dominicana de Comerciantes (FDC) cree 2014 ser\u00e1 mejor a\u00f1o"},"content":{"rendered":"<p><body><\/p>\n<p><img decoding=\"async\" src=\"img3\/ivan 14.jpg\" \/>  <\/p>\n<p>Santo Domingo RD 14 octubre.- Despu\u00e9s de un 2013 duro para el sector comercio, la Federaci\u00f3n Dominicana de Comerciantes (FDC) espera un mejor a\u00f1o para el 2014, pero advierte que esto se lograr\u00e1 si no se aplican nuevas medidas impositivas y se deja para el 2015 la aplicaci\u00f3n de las impresoras fiscales al comercio al detalle.<\/p>\n<\/p>\n<p>Los directivos de la FDC, Iv\u00e1n Garc\u00eda, presidente; Miguel Sang Beng, vicepresidente ejecutivo; Osamu Komatsu, presidente de la Asociaci\u00f3n de Suplidores de Materiales El\u00e9ctricos; Leonardo Morel, vicepresidente y Domingo Ferm\u00edn, presidente de la Asociaci\u00f3n Dominicana de Ferreteros al participar en el Encuentro Econ\u00f3micos de HOY dijeron que el sector comercio ha bajado en los ocho meses que van del presente a\u00f1o, pero tienen la expectativa de que el 2014 ser\u00e1 positivo, no obstante, para que eso ocurra no puede haber \u00abincidentes adicionales\u00bb, entre los que citaron una nueva reforma fiscal y la colocaci\u00f3n de las impresoras fiscales en medianos y peque\u00f1os comercios.<\/p>\n<\/p>\n<p>Sobre la reforma fiscal implementada en noviembre del a\u00f1os pasado dijeron que esa medida fue negativa para la econom\u00eda, ya que no ha tenido los resultados esperados.<\/p>\n<\/p>\n<p>Con relaci\u00f3n a las impresoras fiscales expresaron que la FDC iniciar\u00e1 esta semana un proceso de consulta con todas las regiones para analizar ese tema, debido a que una gran mayor\u00eda de los comercios miembros de esa entidad est\u00e1n recibiendo notificaciones por parte de la Direcci\u00f3n de Impuestos Internos (DGII) para comunicarles que a partir del d\u00eda primero de enero de 2014 tienen que tener instalados esos equipos.<\/p>\n<\/p>\n<p>En tal sentido, consideran que ese plazo no es conveniente, al afirmar que ha faltado informaci\u00f3n por parte de la DGII para dar a conocer los detalles de qu\u00e9 son y c\u00f3mo funcionar\u00e1n esos equipos, adem\u00e1s de aspectos como el mal servicio de la energ\u00eda el\u00e9ctrica, costo de los equipos, falta de t\u00e9cnicos, poco acceso a internet, entre otros, que provocan que las condiciones no est\u00e9n dadas para que eso funcione.<\/p>\n<\/p>\n<p>Puntualizaron que los miembros de la FDC pagan sus impuestos, ya que esa entidad desde la d\u00e9cada de los 80 empez\u00f3 una campa\u00f1a de concienciaci\u00f3n a nivel nacional en ese sentido.<\/p>\n<\/p>\n<p>Agregaron que est\u00e1n de acuerdo con la modernidad y los avances, sin embargo para ello deben existir las condiciones necesarias, por lo que piden aplazar la instalaci\u00f3n de las impresoras fiscales en los comercios al detalle.<\/p>\n<p>Explicaron que al analizar el a\u00f1o 2010 hab\u00edan instaladas 1,447 impresoras fiscales, lo que representaba menos del 1% del total de contribuyentes potenciales para tener esos equipos.<\/p>\n<\/p>\n<p>Destacaron que al finalizar casi el 2013 esa cifra ha subido a 2,180, lo que significa que en dos a\u00f1os completos solo fueron instaladas 733 impresoras m\u00e1s, por lo que la DGII pretende poner en funcionamiento 10,000 m\u00e1s.<\/p>\n<\/p>\n<p>Email Imprimir<\/p>\n<h6> 2013-10-14 15:12:09 <\/h6>\n<p><!--\n<link rel=\"stylesheet\" href=\"css\/bootstrap.min.css\">\n\n\n<ul class=\"pagination\">\n\t    \n\t\n\n<li >\n\t<a href='?page_no=14633'>Previous<\/a>\n\t<\/li>\n\n\n       \n    \n\n<li><a href='?page_no=1'>1<\/a><\/li>\n\n\n\n<li><a href='?page_no=2'>2<\/a><\/li>\n\n\n\n<li><a>...<\/a><\/li>\n\n\n\n<li><a href='?page_no=14632'>14632<\/a><\/li>\n\n\n\n<li><a href='?page_no=14633'>14633<\/a><\/li>\n\n\n\n<li class='active'><a>14634<\/a><\/li>\n\n\n\n<li><a href='?page_no=14635'>14635<\/a><\/li>\n\n\n\n<li><a href='?page_no=14636'>14636<\/a><\/li>\n\n\n\n<li><a>...<\/a><\/li>\n\n\n\n<li><a href='?page_no=30472'>30472<\/a><\/li>\n\n\n\n<li><a href='?page_no=30473'>30473<\/a><\/li>\n\n    \n\t\n\n<li >\n\t<a href='?page_no=14635'>Next<\/a>\n\t<\/li>\n\n\n    \n\n<li><a href='?page_no=30473'>Last &rsaquo;&rsaquo;<\/a><\/li>\n\n<\/ul>\n\n\n--><br \/>\n<\/body><\/p>\n","protected":false},"excerpt":{"rendered":"<p>Santo Domingo RD 14 octubre.- Despu\u00e9s de un 2013 duro para el sector comercio, la Federaci\u00f3n Dominicana de Comerciantes (FDC) espera un mejor a\u00f1o para el 2014, pero advierte que esto se lograr\u00e1 si no se aplican nuevas medidas impositivas y se deja para el 2015 la aplicaci\u00f3n de las impresoras fiscales al comercio al [&hellip;]<\/p>\n","protected":false},"author":3,"featured_media":0,"comment_status":"open","ping_status":"open","sticky":false,"template":"","format":"standard","meta":{"footnotes":""},"categories":[18],"tags":[],"class_list":["post-99147","post","type-post","status-publish","format-standard","hentry","category-economia"],"_links":{"self":[{"href":"https:\/\/diariodominicano.com\/index.php?rest_route=\/wp\/v2\/posts\/99147","targetHints":{"allow":["GET"]}}],"collection":[{"href":"https:\/\/diariodominicano.com\/index.php?rest_route=\/wp\/v2\/posts"}],"about":[{"href":"https:\/\/diariodominicano.com\/index.php?rest_route=\/wp\/v2\/types\/post"}],"author":[{"embeddable":true,"href":"https:\/\/diariodominicano.com\/index.php?rest_route=\/wp\/v2\/users\/3"}],"replies":[{"embeddable":true,"href":"https:\/\/diariodominicano.com\/index.php?rest_route=%2Fwp%2Fv2%2Fcomments&post=99147"}],"version-history":[{"count":0,"href":"https:\/\/diariodominicano.com\/index.php?rest_route=\/wp\/v2\/posts\/99147\/revisions"}],"wp:attachment":[{"href":"https:\/\/diariodominicano.com\/index.php?rest_route=%2Fwp%2Fv2%2Fmedia&parent=99147"}],"wp:term":[{"taxonomy":"category","embeddable":true,"href":"https:\/\/diariodominicano.com\/index.php?rest_route=%2Fwp%2Fv2%2Fcategories&post=99147"},{"taxonomy":"post_tag","embeddable":true,"href":"https:\/\/diariodominicano.com\/index.php?rest_route=%2Fwp%2Fv2%2Ftags&post=99147"}],"curies":[{"name":"wp","href":"https:\/\/api.w.org\/{rel}","templated":true}]}}