{"id":99145,"date":"2013-10-14T18:38:51","date_gmt":"2013-10-14T18:38:51","guid":{"rendered":"http:\/\/diariodominicano.ddns.net\/?p=99145"},"modified":"2013-10-14T18:38:51","modified_gmt":"2013-10-14T18:38:51","slug":"pro-competencia-inicia-jornada-de-trabajo-practico-sobre-libre-competencia","status":"publish","type":"post","link":"https:\/\/diariodominicano.com\/?p=99145","title":{"rendered":"&#13;&#13;Pro-Competencia inicia jornada de trabajo pr\u00e1ctico sobre libre competencia &#13;"},"content":{"rendered":"<p><body><\/p>\n<p><span class=\"text1noticias\">Santo Domingo, RD, 14 de octubre.- La Comisi\u00f3n Nacional de Defensa de la Competencia (Pro-Competencia) inici\u00f3 este lunes la jornada de trabajo pr\u00e1ctico en instrucci\u00f3n de casos relativos a la libre competencia y la competencia desleal para el Equipo de Instrucci\u00f3n e Investigaci\u00f3n de pr\u00e1cticas anticompetitivas.<\/span><\/p>\n<\/p>\n<p><span class=\"text1noticias\">Los ejercicios pr\u00e1cticos cuentan con la presencia del doctor Abelardo Aramayo,  secretario t\u00e9cnico de la Comisi\u00f3n de Fiscalizaci\u00f3n de la Competencia Desleal del Instituto Nacional de Defensa de la Competencia y de la Protecci\u00f3n de la Propiedad Intelectual (Indecopi) del Per\u00fa; el licenciado Hugo Figari, Economista Jefe de la Secretar\u00eda T\u00e9cnica de la Comisi\u00f3n de Libre Competencia y la ingeniera Judith Blanco, oficial de Seguridad de la Informaci\u00f3n.<\/span><\/p>\n<\/p>\n<p><span class=\"text1noticias\">Los expertos fueron presentados por la presidenta del Consejo Directivo de Pro-Competencia, doctora Michelle Cohen, quien destac\u00f3 la importancia de este ejercicio pr\u00e1ctico porque contribuir\u00e1 a \u00abgarantizar que la aplicaci\u00f3n de la ley se haga en forma correcta y que la investigaci\u00f3n jur\u00eddica se realice bajo los c\u00e1nones del debido proceso\u00bb.<\/span><\/p>\n<\/p>\n<p><span class=\"text1noticias\">Cohen agreg\u00f3 que con estas pr\u00e1cticas Pro-Competencia se afianza en el empleo de \u00abmetodolog\u00edas investigativas que permitan determinar violaciones a la libre competencia o comportamientos anticompetitivos que constituyen infracciones econ\u00f3micas\u00bb.<\/span><\/p>\n<\/p>\n<p><span class=\"text1noticias\">La presidenta de Pro-Competencia explic\u00f3 que estos ejercicios pr\u00e1cticos se realizan como parte del Acuerdo de Colaboraci\u00f3n firmado en junio pasado en Lima por ella y el doctor Hebert Tassano, presidente del Consejo Directivo de Indecopi, por lo que agradeci\u00f3 la generosidad de los ejecutivos de la autoridad de competencia del Per\u00fa.<\/span><\/p>\n<\/p>\n<p><span class=\"text1noticias\">El acuerdo establece los mecanismos de cooperaci\u00f3n interinstitucional y de asistencia t\u00e9cnica para que el conocimiento de los casos por ante el Consejo Directivo en calidad de primera instancia tengan resoluciones coherentes.<\/span><\/p>\n<\/p>\n<p><span class=\"text1noticias\">Cohen se\u00f1al\u00f3 que la comunidad internacional de autoridades de competencia tienen un alto sentido de cooperaci\u00f3n y Pro-Competencia est\u00e1 aprovechando todas las oportunidades para continuar fortaleciendo al Consejo Directivo y al Equipo de Instrucci\u00f3n e Investigaci\u00f3n de casos que afecten la competencia.<\/span><\/p>\n<\/p>\n<p><span class=\"text1noticias\">Durante una intervenci\u00f3n, el doctor Aramayo se\u00f1al\u00f3 que el trabajo de la Secretar\u00eda T\u00e9cnica de la Comisi\u00f3n de Fiscalizaci\u00f3n consiste en instrumentar e imputar los cargos, identificar las conductas sancionables y las posibles consecuencias que se derivan conforme a la ley.<\/span><\/p>\n<\/p>\n<p><span class=\"text1noticias\">Resalt\u00f3 que en materia de competencia desleal se sanciona la afectaci\u00f3n del orden p\u00fablico econ\u00f3mico, lo cual debe ser un principio velado por el Estado.<\/span><\/p>\n<\/p>\n<p><span class=\"text1noticias\">Aramayo se\u00f1al\u00f3 que la represi\u00f3n a la competencia desleal procura garantizar los actos de buena fe empresarial porque surten efectos positivos en una econom\u00eda de mercado. La autoridad de competencia de Per\u00fa tiene 21 a\u00f1os de experiencia en la aplicaci\u00f3n de la ley.<\/span><\/p>\n<\/p>\n<p><span class=\"text1noticias\">\u00abLa finalidad de la ley es el adecuado funcionamiento del proceso competitivo\u00bb, puntualiz\u00f3 el fiscal de instrucci\u00f3n en materia de competencia desleal de Per\u00fa.<\/span><\/p>\n<\/p>\n<p><span class=\"text1noticias\">Los trabajos iniciados este lunes con el an\u00e1lisis y tipificaci\u00f3n de actos de competencia desleal se extender\u00e1n hasta el viernes e incluyen temas como seguridad de la informaci\u00f3n para garantizar confidencialidad de los datos obtenidos durante el proceso de investigaci\u00f3n, as\u00ed como los principios fundamentales del derecho de la competencia, acuerdos horizontales entre empresas y casos de abuso de posici\u00f3n dominante.<\/span><\/p>\n<\/p>\n<p><span class=\"text1noticias\">Una parte especial estar\u00e1 dedicada durante la semana a examinar la experiencia y ejercitarse en el proceso de instrucci\u00f3n de casos que en Per\u00fa lo realiza el Secretario T\u00e9cnico de la Comisi\u00f3n de Fiscalizaci\u00f3n (el doctor Aramayo) y en Rep\u00fablica Dominicana corresponde al Director Ejecutivo de Pro-Competencia que est\u00e1 pendiente de designaci\u00f3n por parte del Poder Ejecutivo.<\/span><\/p>\n<\/p>\n<p><span class=\"text1noticias\">Adem\u00e1s de la doctora Cohen, participan en la jornada la doctora Esther Aristy y los licenciados Magdalena Gil, Leyda Reyes y Antonio Rodr\u00edguez Mansfield, miembros del Consejo Directivo de Pro-Competencia, y el equipo completo de abogados y economistas de la instituci\u00f3n.<\/span><\/p>\n<\/p>\n<p><span class=\"text1noticias\">La jornada incluye una conferencia magistral en la Escuela Nacional de la Judicatura con el tema \u00ab\u00c1mbito y Criterios de Aplicaci\u00f3n de la Competencia Desleal y la Defensa de la Libre Competencia\u00bb a la que asistir\u00e1n los jueces del Juzgado de Primera Instancia, los magistrados del Tribunal Superior Administrativo, los de la Corte Civil del Distrito Nacional y las provincias y los de la Tercera Sala de la Suprema Corte de Justicia.<\/span><\/p>\n<\/p>\n<p><span class=\"text1noticias\">Durante su permanencia en Santo Domingo los se\u00f1ores Aramayo, Figari y Blanco sostendr\u00e1n intercambios de opiniones con periodistas del \u00e1rea econ\u00f3mica de distintos medios de comunicaci\u00f3n.<\/span><\/p>\n<\/p>\n<h6> 2013-10-14 18:38:51 <\/h6>\n<p><!--\n<link rel=\"stylesheet\" href=\"css\/bootstrap.min.css\">\n\n\n<ul class=\"pagination\">\n\t    \n\t\n\n<li >\n\t<a href='?page_no=14631'>Previous<\/a>\n\t<\/li>\n\n\n       \n    \n\n<li><a href='?page_no=1'>1<\/a><\/li>\n\n\n\n<li><a href='?page_no=2'>2<\/a><\/li>\n\n\n\n<li><a>...<\/a><\/li>\n\n\n\n<li><a href='?page_no=14630'>14630<\/a><\/li>\n\n\n\n<li><a href='?page_no=14631'>14631<\/a><\/li>\n\n\n\n<li class='active'><a>14632<\/a><\/li>\n\n\n\n<li><a href='?page_no=14633'>14633<\/a><\/li>\n\n\n\n<li><a href='?page_no=14634'>14634<\/a><\/li>\n\n\n\n<li><a>...<\/a><\/li>\n\n\n\n<li><a href='?page_no=30472'>30472<\/a><\/li>\n\n\n\n<li><a href='?page_no=30473'>30473<\/a><\/li>\n\n    \n\t\n\n<li >\n\t<a href='?page_no=14633'>Next<\/a>\n\t<\/li>\n\n\n    \n\n<li><a href='?page_no=30473'>Last &rsaquo;&rsaquo;<\/a><\/li>\n\n<\/ul>\n\n\n--><br \/>\n<\/body><\/p>\n","protected":false},"excerpt":{"rendered":"<p>Santo Domingo, RD, 14 de octubre.- La Comisi\u00f3n Nacional de Defensa de la Competencia (Pro-Competencia) inici\u00f3 este lunes la jornada de trabajo pr\u00e1ctico en instrucci\u00f3n de casos relativos a la libre competencia y la competencia desleal para el Equipo de Instrucci\u00f3n e Investigaci\u00f3n de pr\u00e1cticas anticompetitivas. Los ejercicios pr\u00e1cticos cuentan con la presencia del doctor [&hellip;]<\/p>\n","protected":false},"author":3,"featured_media":0,"comment_status":"open","ping_status":"open","sticky":false,"template":"","format":"standard","meta":{"footnotes":""},"categories":[18],"tags":[],"class_list":["post-99145","post","type-post","status-publish","format-standard","hentry","category-economia"],"_links":{"self":[{"href":"https:\/\/diariodominicano.com\/index.php?rest_route=\/wp\/v2\/posts\/99145","targetHints":{"allow":["GET"]}}],"collection":[{"href":"https:\/\/diariodominicano.com\/index.php?rest_route=\/wp\/v2\/posts"}],"about":[{"href":"https:\/\/diariodominicano.com\/index.php?rest_route=\/wp\/v2\/types\/post"}],"author":[{"embeddable":true,"href":"https:\/\/diariodominicano.com\/index.php?rest_route=\/wp\/v2\/users\/3"}],"replies":[{"embeddable":true,"href":"https:\/\/diariodominicano.com\/index.php?rest_route=%2Fwp%2Fv2%2Fcomments&post=99145"}],"version-history":[{"count":0,"href":"https:\/\/diariodominicano.com\/index.php?rest_route=\/wp\/v2\/posts\/99145\/revisions"}],"wp:attachment":[{"href":"https:\/\/diariodominicano.com\/index.php?rest_route=%2Fwp%2Fv2%2Fmedia&parent=99145"}],"wp:term":[{"taxonomy":"category","embeddable":true,"href":"https:\/\/diariodominicano.com\/index.php?rest_route=%2Fwp%2Fv2%2Fcategories&post=99145"},{"taxonomy":"post_tag","embeddable":true,"href":"https:\/\/diariodominicano.com\/index.php?rest_route=%2Fwp%2Fv2%2Ftags&post=99145"}],"curies":[{"name":"wp","href":"https:\/\/api.w.org\/{rel}","templated":true}]}}