{"id":99144,"date":"2013-10-14T19:20:53","date_gmt":"2013-10-14T19:20:53","guid":{"rendered":"http:\/\/diariodominicano.ddns.net\/?p=99144"},"modified":"2013-10-14T19:20:53","modified_gmt":"2013-10-14T19:20:53","slug":"tesoreria-nacional-participaa-en-diplomado-economico-organizado-por-el-colegio-dominicano-de-periodistas","status":"publish","type":"post","link":"https:\/\/diariodominicano.com\/?p=99144","title":{"rendered":"&#13;Tesorer\u00eda Nacional participaa en Diplomado Econ\u00f3mico organizado por el Colegio Dominicano de Periodistas&#13;"},"content":{"rendered":"<p><body><\/p>\n<\/p>\n<\/p>\n<p><span class=\"text1noticias\">Santo Domingo, RD, 14 de octubre.-La Tesorer\u00eda Nacional particip\u00f3  en el primer diplomado de Periodismo Econ\u00f3mico titulado \u00abManejo Eficiente de las Peque\u00f1as Empresas Period\u00edsticas\u00bb  organizado por el  Colegio Dominicano de Periodistas (CDP) en coordinaci\u00f3n con el Centro de Capacitaci\u00f3n en Pol\u00edtica y Gesti\u00f3n Fiscal (CAPGEFI) y el aval de la Universidad Aut\u00f3noma de Santo Domingo (UASD).<\/span><\/p>\n<\/p>\n<p><span class=\"text1noticias\">Durante la jornada se present\u00f3 el tema de \u00abCuenta \u00danica del Tesoro\u00bb y el mismo tuvo como exponente al Gerente de la CUT, licenciado Angel Estrada.  La actividad estuvo dirigida a los miembros del gremio period\u00edstico y se llev\u00f3 a cabo en la sede  del CDP, en el  Centro de los H\u00e9roes.<\/span><\/p>\n<\/p>\n<p><span class=\"text1noticias\">En  la actividad, el licenciado Estrada destac\u00f3 la importancia de la CUT como herramienta para el manejo eficiente de la liquidez, y por ende para la transparencia y la eficiencia en el uso de los recursos p\u00fablicos. <\/span><\/p>\n<\/p>\n<p><span class=\"text1noticias\">Dijo que la Cuenta \u00danica del Tesoro es un mandato de la Ley 567-05, y sus Reglamentos de Aplicaci\u00f3n, Decretos 441-06 y 579-11, normativa que posibilita que la Tesorer\u00eda Nacional sea transformada en la Gerencia Financiera del Estado. <\/span><\/p>\n<\/p>\n<p><span class=\"text1noticias\">Destac\u00f3 que  la CUT es una herramienta que  concentra los ingresos del sector p\u00fablico no financiero, manteniendo las instituciones a la titularidad de los mismos. Dijo que \u00abcada Instituci\u00f3n tendr\u00e1 en la CUT una subcuenta, que podr\u00e1 consultar para el control de su disponibilidad y atender sus compromisos conforme a su propia programaci\u00f3n\u00bb. <\/span><\/p>\n<\/p>\n<p><span class=\"text1noticias\">Agreg\u00f3 que la CUT es un instrumento eficiente de la gesti\u00f3n de las finanzas p\u00fablicas, que contribuye con los objetivos de la Estrategia Nacional de Desarrollo (END).<\/span><\/p>\n<\/p>\n<p><span class=\"text1noticias\">Durante su intervenci\u00f3n el licenciado Estrada explic\u00f3 los avances logrados en la implementaci\u00f3n la CUT y las tareas a ejecutar para la completar la misma.<\/span><\/p>\n<\/p>\n<p><span class=\"text1noticias\">El diplomado econ\u00f3mico, forma parte de un acuerdo interinstitucional firmado por el Colegio Dominicano de Periodistas (CDP) y el Centro de Capacitaci\u00f3n en Pol\u00edtica y Gesti\u00f3n Fiscal (CAPGEFI) con el aval de la Universidad Aut\u00f3noma de Santo Domingo (UASD), con el objetivo de realizar actividades conjuntas orientadas a mejorar y fortalecer el desempe\u00f1o de los periodistas.<\/span><\/p>\n<\/p>\n<h6> 2013-10-14 19:20:53 <\/h6>\n<p><!--\n<link rel=\"stylesheet\" href=\"css\/bootstrap.min.css\">\n\n\n<ul class=\"pagination\">\n\t    \n\t\n\n<li >\n\t<a href='?page_no=14630'>Previous<\/a>\n\t<\/li>\n\n\n       \n    \n\n<li><a href='?page_no=1'>1<\/a><\/li>\n\n\n\n<li><a href='?page_no=2'>2<\/a><\/li>\n\n\n\n<li><a>...<\/a><\/li>\n\n\n\n<li><a href='?page_no=14629'>14629<\/a><\/li>\n\n\n\n<li><a href='?page_no=14630'>14630<\/a><\/li>\n\n\n\n<li class='active'><a>14631<\/a><\/li>\n\n\n\n<li><a href='?page_no=14632'>14632<\/a><\/li>\n\n\n\n<li><a href='?page_no=14633'>14633<\/a><\/li>\n\n\n\n<li><a>...<\/a><\/li>\n\n\n\n<li><a href='?page_no=30472'>30472<\/a><\/li>\n\n\n\n<li><a href='?page_no=30473'>30473<\/a><\/li>\n\n    \n\t\n\n<li >\n\t<a href='?page_no=14632'>Next<\/a>\n\t<\/li>\n\n\n    \n\n<li><a href='?page_no=30473'>Last &rsaquo;&rsaquo;<\/a><\/li>\n\n<\/ul>\n\n\n--><br \/>\n<\/body><\/p>\n","protected":false},"excerpt":{"rendered":"<p>Santo Domingo, RD, 14 de octubre.-La Tesorer\u00eda Nacional particip\u00f3 en el primer diplomado de Periodismo Econ\u00f3mico titulado \u00abManejo Eficiente de las Peque\u00f1as Empresas Period\u00edsticas\u00bb organizado por el Colegio Dominicano de Periodistas (CDP) en coordinaci\u00f3n con el Centro de Capacitaci\u00f3n en Pol\u00edtica y Gesti\u00f3n Fiscal (CAPGEFI) y el aval de la Universidad Aut\u00f3noma de Santo Domingo [&hellip;]<\/p>\n","protected":false},"author":3,"featured_media":0,"comment_status":"open","ping_status":"open","sticky":false,"template":"","format":"standard","meta":{"footnotes":""},"categories":[18],"tags":[],"class_list":["post-99144","post","type-post","status-publish","format-standard","hentry","category-economia"],"_links":{"self":[{"href":"https:\/\/diariodominicano.com\/index.php?rest_route=\/wp\/v2\/posts\/99144","targetHints":{"allow":["GET"]}}],"collection":[{"href":"https:\/\/diariodominicano.com\/index.php?rest_route=\/wp\/v2\/posts"}],"about":[{"href":"https:\/\/diariodominicano.com\/index.php?rest_route=\/wp\/v2\/types\/post"}],"author":[{"embeddable":true,"href":"https:\/\/diariodominicano.com\/index.php?rest_route=\/wp\/v2\/users\/3"}],"replies":[{"embeddable":true,"href":"https:\/\/diariodominicano.com\/index.php?rest_route=%2Fwp%2Fv2%2Fcomments&post=99144"}],"version-history":[{"count":0,"href":"https:\/\/diariodominicano.com\/index.php?rest_route=\/wp\/v2\/posts\/99144\/revisions"}],"wp:attachment":[{"href":"https:\/\/diariodominicano.com\/index.php?rest_route=%2Fwp%2Fv2%2Fmedia&parent=99144"}],"wp:term":[{"taxonomy":"category","embeddable":true,"href":"https:\/\/diariodominicano.com\/index.php?rest_route=%2Fwp%2Fv2%2Fcategories&post=99144"},{"taxonomy":"post_tag","embeddable":true,"href":"https:\/\/diariodominicano.com\/index.php?rest_route=%2Fwp%2Fv2%2Ftags&post=99144"}],"curies":[{"name":"wp","href":"https:\/\/api.w.org\/{rel}","templated":true}]}}