{"id":99141,"date":"2013-10-14T20:54:08","date_gmt":"2013-10-14T20:54:08","guid":{"rendered":"http:\/\/diariodominicano.ddns.net\/?p=99141"},"modified":"2013-10-14T20:54:08","modified_gmt":"2013-10-14T20:54:08","slug":"secretaria-ejecutiva-cepal-reconoce-esfuerzo-gobierno-en-manejo-de-la-economia","status":"publish","type":"post","link":"https:\/\/diariodominicano.com\/?p=99141","title":{"rendered":"Secretaria Ejecutiva Cepal reconoce esfuerzo Gobierno en manejo de la econom\u00eda"},"content":{"rendered":"<p><body><\/p>\n<p><img decoding=\"async\" src=\"img3\/cepal.jpg\" \/>  <\/p>\n<p><span class=\"text1noticias\">Santo Domingo, RD, 14 de octubre.-La secretaria ejecutiva de la Comisi\u00f3n Econ\u00f3mica para Am\u00e9rica Latina y el Caribe (CEPAL), Alicia B\u00e1rcena reconoci\u00f3 los esfuerzos hechos por el presidente Danilo Medina en aspectos vitales de la econom\u00eda, como la reducci\u00f3n del d\u00e9ficit fiscal.<\/span><\/p>\n<\/p>\n<p><span class=\"text1noticias\">La ejecutiva del organismo internacional habl\u00f3 con los periodistas en el Sal\u00f3n Orlando Mart\u00ednez del Palacio Nacional, luego de reunirse con el presidente Danilo Medina, en su despacho.<\/span><\/p>\n<\/p>\n<p><span class=\"text1noticias\">Gran esfuerzo del Gobierno<\/span><\/p>\n<p><span class=\"text1noticias\">\u00abAbordamos tambi\u00e9n el tema de la econom\u00eda y hemos estado tratando de apoyar al Gobierno en su gran esfuerzo por tratar de reducir el d\u00e9ficit fiscal.  Creo que es un esfuerzo sumamente valioso por parte del Ejecutivo\u00bb, dijo.<\/span><\/p>\n<\/p>\n<p><span class=\"text1noticias\">B\u00e1rcena explic\u00f3, asimismo, que el organismo que dirige ve  con optimismo lo que est\u00e1 haciendo el Gobierno dominicano en el control de la presi\u00f3n tributaria, el acceso a la banca solidaria, el Pacto El\u00e9ctrico y lo que significa para el pa\u00eds el otorgamiento del 4% del Producto Interno Bruto (PIB) en la educaci\u00f3n.<\/span><\/p>\n<\/p>\n<p><span class=\"text1noticias\">Elogia 4% a Educaci\u00f3n<\/span><\/p>\n<p><span class=\"text1noticias\">Elogi\u00f3 que en el pa\u00eds se aplique el 4% del PIB a la Educaci\u00f3n, \u00abentonces creemos que hay grandes avances en ese terreno\u00bb.<\/span><\/p>\n<\/p>\n<p><span class=\"text1noticias\">\u00abCon el Presidente est\u00e1bamos hablando de los programas que han puesto a andar en la Rep\u00fablica Dominicana en ese sentido; por ejemplo el tema de la Banca Solidaria, que ha establecido un programa muy importante para darle cr\u00e9dito a las mujeres\u00bb, subray\u00f3.<\/span><\/p>\n<\/p>\n<p><span class=\"text1noticias\">Expres\u00f3 que \u00abreconocemos lo que se est\u00e1 haciendo y se han hecho grandes esfuerzos, no era f\u00e1cil Rep\u00fablica Dominicana ten\u00eda incluso grandes problemas cuando se iniciaron las negociaciones con el Fondo Monetario Internacional, el Presidente tom\u00f3 un compromiso de reducir el d\u00e9ficit y lo ha logrado\u00bb.<\/span><\/p>\n<\/p>\n<p><span class=\"text1noticias\">Tema el\u00e9ctrico<\/span><\/p>\n<p><span class=\"text1noticias\">Dijo que trat\u00f3 con el Jefe de Estado el tema el\u00e9ctrico, particularmente lo que tiene que ver con el Pacto El\u00e9ctrico, as\u00ed como la participaci\u00f3n de las localidades en el desarrollo nacional.<\/span><\/p>\n<\/p>\n<p><span class=\"text1noticias\">\u00abEl otro gran esfuerzo que me parece digno de destacar es el tema de la renegociaci\u00f3n con algunas empresas extranjeras como la Barrick, que tambi\u00e9n puede ser resultado de lo que se ha podido lograr\u00bb, expuso.<\/span><\/p>\n<\/p>\n<p><span class=\"text1noticias\">Manifest\u00f3 que tiene optimismo en los esfuerzos que hace la administraci\u00f3n del presidente Danilo Medina en materia de inversiones en el \u00e1rea el\u00e9ctrica, por los an\u00e1lisis que se han hecho de la conveniencia de usas f\u00f3rmulas como las plantas de carb\u00f3n para una energ\u00eda de calidad.<\/span><\/p>\n<\/p>\n<p><span class=\"text1noticias\">\u00abYo creo que el Pacto El\u00e9ctrico tiene por un lado que garantizar la generaci\u00f3n de mayor cantidad de energ\u00eda, pero tambi\u00e9n debe partir por el lado de la demanda. Reducir un poco el gasto excesivo de la energ\u00eda y que los precios sean m\u00e1s rentables\u00bb, a\u00f1adi\u00f3.<\/span><\/p>\n<\/p>\n<p><span class=\"text1noticias\">Ponder\u00f3 de manera positiva los esfuerzos integrales que se han elaborado para las pol\u00edticas sociales.<\/span><\/p>\n<\/p>\n<p><span class=\"text1noticias\">\u00abNosotros queremos acompa\u00f1ar al Presidente y al Gobierno en estos terrenos\u00bb, manifest\u00f3.<\/span><\/p>\n<\/p>\n<p><span class=\"text1noticias\">Dijo que habl\u00f3 con el presidente Medina de la importancia que su gesti\u00f3n ha dado a la econom\u00eda digital, su inter\u00e9s en el tema de la tecnolog\u00eda de la informaci\u00f3n.<\/span><\/p>\n<\/p>\n<p><span class=\"text1noticias\">B\u00e1rcena est\u00e1 en el pa\u00eds para participar en la XII Conferencia Regional sobre la Mujer de Am\u00e9rica Latina y del Caribe, que se realiza a partir de ma\u00f1ana y hasta el 18, y en cuya inauguraci\u00f3n confirm\u00f3 la presencia del presidente Danilo Medina.<\/span><\/p>\n<\/p>\n<p><span class=\"text1noticias\">\u00abEl presidente me confirm\u00f3 que estar\u00e1 ah\u00ed a las nueve de la ma\u00f1ana, desde las nueve de la ma\u00f1ana\u00bb, apunt\u00f3.(HG)<\/span>.<\/p>\n<\/p>\n<h6> 2013-10-14 20:54:08 <\/h6>\n<p><!--\n<link rel=\"stylesheet\" href=\"css\/bootstrap.min.css\">\n\n\n<ul class=\"pagination\">\n\t    \n\t\n\n<li >\n\t<a href='?page_no=14628'>Previous<\/a>\n\t<\/li>\n\n\n       \n    \n\n<li><a href='?page_no=1'>1<\/a><\/li>\n\n\n\n<li><a href='?page_no=2'>2<\/a><\/li>\n\n\n\n<li><a>...<\/a><\/li>\n\n\n\n<li><a href='?page_no=14627'>14627<\/a><\/li>\n\n\n\n<li><a href='?page_no=14628'>14628<\/a><\/li>\n\n\n\n<li class='active'><a>14629<\/a><\/li>\n\n\n\n<li><a href='?page_no=14630'>14630<\/a><\/li>\n\n\n\n<li><a href='?page_no=14631'>14631<\/a><\/li>\n\n\n\n<li><a>...<\/a><\/li>\n\n\n\n<li><a href='?page_no=30472'>30472<\/a><\/li>\n\n\n\n<li><a href='?page_no=30473'>30473<\/a><\/li>\n\n    \n\t\n\n<li >\n\t<a href='?page_no=14630'>Next<\/a>\n\t<\/li>\n\n\n    \n\n<li><a href='?page_no=30473'>Last &rsaquo;&rsaquo;<\/a><\/li>\n\n<\/ul>\n\n\n--><br \/>\n<\/body><\/p>\n","protected":false},"excerpt":{"rendered":"<p>Santo Domingo, RD, 14 de octubre.-La secretaria ejecutiva de la Comisi\u00f3n Econ\u00f3mica para Am\u00e9rica Latina y el Caribe (CEPAL), Alicia B\u00e1rcena reconoci\u00f3 los esfuerzos hechos por el presidente Danilo Medina en aspectos vitales de la econom\u00eda, como la reducci\u00f3n del d\u00e9ficit fiscal. La ejecutiva del organismo internacional habl\u00f3 con los periodistas en el Sal\u00f3n Orlando [&hellip;]<\/p>\n","protected":false},"author":3,"featured_media":0,"comment_status":"open","ping_status":"open","sticky":false,"template":"","format":"standard","meta":{"footnotes":""},"categories":[18],"tags":[],"class_list":["post-99141","post","type-post","status-publish","format-standard","hentry","category-economia"],"_links":{"self":[{"href":"https:\/\/diariodominicano.com\/index.php?rest_route=\/wp\/v2\/posts\/99141","targetHints":{"allow":["GET"]}}],"collection":[{"href":"https:\/\/diariodominicano.com\/index.php?rest_route=\/wp\/v2\/posts"}],"about":[{"href":"https:\/\/diariodominicano.com\/index.php?rest_route=\/wp\/v2\/types\/post"}],"author":[{"embeddable":true,"href":"https:\/\/diariodominicano.com\/index.php?rest_route=\/wp\/v2\/users\/3"}],"replies":[{"embeddable":true,"href":"https:\/\/diariodominicano.com\/index.php?rest_route=%2Fwp%2Fv2%2Fcomments&post=99141"}],"version-history":[{"count":0,"href":"https:\/\/diariodominicano.com\/index.php?rest_route=\/wp\/v2\/posts\/99141\/revisions"}],"wp:attachment":[{"href":"https:\/\/diariodominicano.com\/index.php?rest_route=%2Fwp%2Fv2%2Fmedia&parent=99141"}],"wp:term":[{"taxonomy":"category","embeddable":true,"href":"https:\/\/diariodominicano.com\/index.php?rest_route=%2Fwp%2Fv2%2Fcategories&post=99141"},{"taxonomy":"post_tag","embeddable":true,"href":"https:\/\/diariodominicano.com\/index.php?rest_route=%2Fwp%2Fv2%2Ftags&post=99141"}],"curies":[{"name":"wp","href":"https:\/\/api.w.org\/{rel}","templated":true}]}}