{"id":99140,"date":"2013-10-14T21:09:14","date_gmt":"2013-10-14T21:09:14","guid":{"rendered":"http:\/\/diariodominicano.ddns.net\/?p=99140"},"modified":"2013-10-14T21:09:14","modified_gmt":"2013-10-14T21:09:14","slug":"comerciantes-expresan-su-preocupacion-por-instalacion-impresoras-fiscales","status":"publish","type":"post","link":"https:\/\/diariodominicano.com\/?p=99140","title":{"rendered":"Comerciantes expresan su  preocupaci\u00f3n  por instalaci\u00f3n impresoras fiscales"},"content":{"rendered":"<p><body><\/p>\n<p><span class=\"text1noticias\">Santo Domingo, RD, 14 de Octubre.-Comerciantes de la regi\u00f3n Norte del pa\u00eds enviaron una carta al presidente de la Rep\u00fablica, Danilo Mediana, y a otras autoridades del Gobierno en la que expresan su preocupaci\u00f3n por la intenci\u00f3n de la Direcci\u00f3n General de Impuestos Internos (DGII) de aplicar multas y cerrar   negocios que no tengan instaladas las impresoras fiscales a partir del primero de enero del 2014, medida que seg\u00fan afirman amenaza con la quiebra de cientos de micro,  peque\u00f1as y medianas empresas.  <\/span><\/p>\n<\/p>\n<p><span class=\"text1noticias\">\u00abCon profunda preocupaci\u00f3n, el comercio organizado al igual que el sector de la micro, peque\u00f1o y mediana empresa de toda la regi\u00f3n nordeste, coordinados a trav\u00e9s de la Uni\u00f3n de Comerciantes y Empresarios del Nordeste  (UCENOR) ha recibido la infausta noticia por parte de la actual administraci\u00f3n de la DGII de su intenci\u00f3n de hacer instalar las impresoras o equipos fiscales en los diferentes establecimientos comerciales del pa\u00eds, cuyo plazo m\u00e1ximo est\u00e1 concebido para el 31 de diciembre pr\u00f3ximo, o sea, de este mismo a\u00f1o 2013, y cuyo incumplimiento por parte de los contribuyentes dentro del sistema acarrear\u00e1 multas y hasta el cierre de dichos establecimientos comerciales\u00bb, destaca el documento.<\/span><\/p>\n<\/p>\n<p><span class=\"text1noticias\">Resalta   que imponer a esos negocios la obligaci\u00f3n de colocar impresoras fiscales, con un costo considerado, en medio de la crisis econ\u00f3mica que ha tenido que soportar la sociedad dominicana en los \u00faltimos a\u00f1os, derivados de los ajustes econ\u00f3micos realizados por el gobierno fruto del d\u00e9ficit heredado de la administraci\u00f3n gubernamental anterior, ser\u00eda un peso extremadamente significativo para el sector comercial y empresarial organizado.<\/span><\/p>\n<\/p>\n<p><span class=\"text1noticias\"> La constituci\u00f3n de la Rep\u00fablica consagra como finalidad esencial del Estado dominicano, conforme con el Art. 8, la protecci\u00f3n efectiva de los derechos de la persona, el respeto de su dignidad y la obtenci\u00f3n de los medios que le permitan perfeccionarse de forma  igualitaria y equitativa dentro de un marco de libertad individual y de justicia social, compatibles con el orden p\u00fablico, el bienestar general y los derechos de todos.<\/span><\/p>\n<\/p>\n<p><span class=\"text1noticias\">Consideran que la intenci\u00f3n de la DGII crea un ambiente de p\u00e9rdidas de empleos a gran escala que dar\u00eda al traste con la fr\u00e1gil estabilidad social que vive el  pa\u00eds, situaci\u00f3n que dista mucho de la intenci\u00f3n de la actual administraci\u00f3n p\u00fablica, quien, en su propuesta nacional, est\u00e1 la de servir de puente para la creaci\u00f3n de miles de empleos que procura la erradicaci\u00f3n de la pobreza, estimulando el aumento del consumo para el desarrollo econ\u00f3mico de nuestro pa\u00eds.<\/span><\/p>\n<\/p>\n<p><span class=\"text1noticias\">Puntualiza que las organizaciones de comerciantes que suscriben   este documento de ninguna manera se oponen al cumplimiento de sus obligaciones fiscales y tributarias en la medida en que lo han venido haciendo a\u00f1o tras a\u00f1o, colaborando con el desarrollo nacional, sin embargo entienden, que la aplicaci\u00f3n de esta intenci\u00f3n del Gobierno a trav\u00e9s de su \u00f3rgano recaudador  DGII debe ser focalizada para aquellos que tienen un volumen de negocios de mayor categor\u00eda, de manera tal que se les obligue s\u00f3lo a aquellos que han podido declarar durante el a\u00f1o utilidades significativas para sus empresas.<\/span><\/p>\n<\/p>\n<p><span class=\"text1noticias\">En ese sentido,   \u00abllaman la atenci\u00f3n de las autoridades, primero que reflexionen sobre las medidas tomadas en tal sentido y con relaci\u00f3n al decreto de que se trata al igual que a la pol\u00edtica fiscal y tributaria creada, y por otro lado a la naci\u00f3n, para levantarnos como un solo cuerpo y un solo esp\u00edritu en reclamo de que nos den las m\u00e1s m\u00ednimas garant\u00edas para seguir aportando a nuestra naci\u00f3n a medidas  nuestra capacidad\u00bb.<\/span><\/p>\n<\/p>\n<p><span class=\"text1noticias\">  El documento fue firmado por Asociaci\u00f3n de Comerciantes de San Francisco de Macor\u00eds (ASOCOFRAMA), la Asociaci\u00f3n de Muebles y Electrodom\u00e9sticos de San Francisco de Macor\u00eds, Asociaci\u00f3n de Comerciantes del Mercado Nuevo de San Francisco de Macor\u00eds, Asociaci\u00f3n de Supermercados de San Francisco de Macor\u00eds, Asociaci\u00f3n de Comerciantes Detallistas de San Francisco de Macor\u00eds, Asociaci\u00f3n de Comerciantes Mayoristas de San Francisco de Macor\u00eds, Asociaci\u00f3n de Due\u00f1os de Farmacias de San Francisco de Macor\u00eds, Asociaci\u00f3n de Casas de Empe\u00f1o (COMPRAVENTAS), Asociaci\u00f3n de Especialistas en Belleza de San Francisco de Macor\u00eds, Asociaci\u00f3n de Due\u00f1os de Talleres y Maestros Mec\u00e1nicos (ADUTAME), Asociaci\u00f3n Nacional de Industriales de Muebles y Colchones (ASONAIMCO).<\/span><\/p>\n<\/p>\n<p><span class=\"text1noticias\">Tambi\u00e9n la Asociaci\u00f3n de Desabolladores y Pintores del Nordeste (ADEPINOR), Asociaci\u00f3n de Joyeros de San Francisco de Macor\u00eds, Asociaci\u00f3n de Comerciantes del Mercado Viejo de San Francisco de Macor\u00eds, Colegio de Abogados de la Rep\u00fablica Dominicana, seccional Duarte, Colegio M\u00e9dico Dominicano, Seccional Duarte, Asociaci\u00f3n de Colegios Privados de la Provincia Duarte, Asociaci\u00f3n de Panaderos de San Francisco de Macor\u00eds, Asociaci\u00f3n de Ferreteros de San Francisco de Macor\u00eds, Colegio dominicano de Ingenieros, Arquitectos y Agrimensores (CODIA), Seccional Duarte.(HG)<\/span>.<\/p>\n<h6> 2013-10-14 21:09:14 <\/h6>\n<p><!--\n<link rel=\"stylesheet\" href=\"css\/bootstrap.min.css\">\n\n\n<ul class=\"pagination\">\n\t    \n\t\n\n<li >\n\t<a href='?page_no=14627'>Previous<\/a>\n\t<\/li>\n\n\n       \n    \n\n<li><a href='?page_no=1'>1<\/a><\/li>\n\n\n\n<li><a href='?page_no=2'>2<\/a><\/li>\n\n\n\n<li><a>...<\/a><\/li>\n\n\n\n<li><a href='?page_no=14626'>14626<\/a><\/li>\n\n\n\n<li><a href='?page_no=14627'>14627<\/a><\/li>\n\n\n\n<li class='active'><a>14628<\/a><\/li>\n\n\n\n<li><a href='?page_no=14629'>14629<\/a><\/li>\n\n\n\n<li><a href='?page_no=14630'>14630<\/a><\/li>\n\n\n\n<li><a>...<\/a><\/li>\n\n\n\n<li><a href='?page_no=30472'>30472<\/a><\/li>\n\n\n\n<li><a href='?page_no=30473'>30473<\/a><\/li>\n\n    \n\t\n\n<li >\n\t<a href='?page_no=14629'>Next<\/a>\n\t<\/li>\n\n\n    \n\n<li><a href='?page_no=30473'>Last &rsaquo;&rsaquo;<\/a><\/li>\n\n<\/ul>\n\n\n--><br \/>\n<\/body><\/p>\n","protected":false},"excerpt":{"rendered":"<p>Santo Domingo, RD, 14 de Octubre.-Comerciantes de la regi\u00f3n Norte del pa\u00eds enviaron una carta al presidente de la Rep\u00fablica, Danilo Mediana, y a otras autoridades del Gobierno en la que expresan su preocupaci\u00f3n por la intenci\u00f3n de la Direcci\u00f3n General de Impuestos Internos (DGII) de aplicar multas y cerrar negocios que no tengan instaladas [&hellip;]<\/p>\n","protected":false},"author":3,"featured_media":0,"comment_status":"open","ping_status":"open","sticky":false,"template":"","format":"standard","meta":{"footnotes":""},"categories":[18],"tags":[],"class_list":["post-99140","post","type-post","status-publish","format-standard","hentry","category-economia"],"_links":{"self":[{"href":"https:\/\/diariodominicano.com\/index.php?rest_route=\/wp\/v2\/posts\/99140","targetHints":{"allow":["GET"]}}],"collection":[{"href":"https:\/\/diariodominicano.com\/index.php?rest_route=\/wp\/v2\/posts"}],"about":[{"href":"https:\/\/diariodominicano.com\/index.php?rest_route=\/wp\/v2\/types\/post"}],"author":[{"embeddable":true,"href":"https:\/\/diariodominicano.com\/index.php?rest_route=\/wp\/v2\/users\/3"}],"replies":[{"embeddable":true,"href":"https:\/\/diariodominicano.com\/index.php?rest_route=%2Fwp%2Fv2%2Fcomments&post=99140"}],"version-history":[{"count":0,"href":"https:\/\/diariodominicano.com\/index.php?rest_route=\/wp\/v2\/posts\/99140\/revisions"}],"wp:attachment":[{"href":"https:\/\/diariodominicano.com\/index.php?rest_route=%2Fwp%2Fv2%2Fmedia&parent=99140"}],"wp:term":[{"taxonomy":"category","embeddable":true,"href":"https:\/\/diariodominicano.com\/index.php?rest_route=%2Fwp%2Fv2%2Fcategories&post=99140"},{"taxonomy":"post_tag","embeddable":true,"href":"https:\/\/diariodominicano.com\/index.php?rest_route=%2Fwp%2Fv2%2Ftags&post=99140"}],"curies":[{"name":"wp","href":"https:\/\/api.w.org\/{rel}","templated":true}]}}