{"id":99138,"date":"2013-10-14T22:06:32","date_gmt":"2013-10-14T22:06:32","guid":{"rendered":"http:\/\/diariodominicano.ddns.net\/?p=99138"},"modified":"2013-10-14T22:06:32","modified_gmt":"2013-10-14T22:06:32","slug":"advierte-paro-del-transporte-de-mercancias-desde-republica-dominicana-hacia-haiti-esta-provocando-perdidas-millonarias","status":"publish","type":"post","link":"https:\/\/diariodominicano.com\/?p=99138","title":{"rendered":"Advierte  paro del transporte de mercanc\u00edas desde Rep\u00fablica Dominicana hac\u00eda Hait\u00ed est\u00e1 provocando p\u00e9rdidas millonarias"},"content":{"rendered":"<p><body><\/p>\n<p><img decoding=\"async\" src=\"img3\/camion.jpg\" \/>  <\/p>\n<p><span class=\"text1noticias\">JIMANI, Provincia Independencia, RD, 14 de Octubre.- La Red Fronteriza Jano Siks\u00e9 y la oficina del Servicio Jesuita en Jiman\u00ed, Provincia Independencia, advirtieron que  la huelga  de transporte  que iniciaron hoy  el Sindicato de Transportistas de Jiman\u00ed, desde ya est\u00e1 provocando p\u00e9rdidas millonarias a las econom\u00edas dominicana y haitiana, pero adem\u00e1s lleva desasosiego e intranquilidad a las comunidades fronterizas.  El paro inesperado podr\u00eda extenderse hasta las 6 de la tarde de este lunes.<\/span><\/p>\n<\/p>\n<p><span class=\"text1noticias\">Expresan ambas instituciones fronterizas que los transportistas han cruzado patanas en la calle 27 de febrero, en la 19 de marzo y en la carretera hacia el mercado de Malpaso, lo que pr\u00e1cticamente mantiene paralizado el paso fronterizo.<\/span><\/p>\n<\/p>\n<p><span class=\"text1noticias\">\u00abEste nuevo paro de los patanistas afectara a las m\u00e1s de 895 personas que diariamente realizan las rutas de transporte Jiman\u00ed-Santo Domingo y Jiman\u00ed Barahona, adem\u00e1s de hacer perder clase a los estudiantes universitarios que necesitan desplazarse para recibir sus materias\u00bb, expresa la RFJS y el SJM.<\/span><\/p>\n<\/p>\n<p><span class=\"text1noticias\">Se\u00f1alan, adem\u00e1s, que el volumen de comercio formal que podr\u00eda verse afectado por el cierre del municipio para el transporte de mercanc\u00edas hacia Hait\u00ed podr\u00eda estar cercano a los 5.3 millones de d\u00f3lares.<\/span><\/p>\n<\/p>\n<p><span class=\"text1noticias\"> \u00abEl motivo de esta protesta son las deficiencias en los servicios b\u00e1sicos (agua, luz) que tienen maltratados a los habitantes de Jiman\u00ed desde hace a\u00f1os y el conflicto que mantienen en los \u00faltimos d\u00edas los transportistas con aduana por el transporte de mercanc\u00edas\u00bb.<\/span><\/p>\n<\/p>\n<p><span class=\"text1noticias\">Indican el comunicado de prensa que \u00abUna situaci\u00f3n como la que tenemos en este momento en Jiman\u00ed pone de manifiesto la incapacidad de autoridades y sindicatos para construir un espacio de di\u00e1logo y entendimiento que sea capaz de ofrecer alternativas en estos momentos dif\u00edciles. Del mismo modo, lo que se refleja de estas acciones de fuerza es que no hay voluntad de negociar otras alternativas porque no hay un tejido pol\u00edtico y social que haya trabajado con tiempo soluciones a los principales problemas\u00bb, indican.<\/span><\/p>\n<\/p>\n<p><span class=\"text1noticias\"> Se\u00f1alan que no ha habido capacidad de las autoridades  para anticiparse a las dificultades y cuando se presentan estas, no se ofrece m\u00e1s soluci\u00f3n que el paro y las medidas de presi\u00f3n.(HG)<\/span>.<\/p>\n<h6> 2013-10-14 22:06:32 <\/h6>\n<p><!--\n<link rel=\"stylesheet\" href=\"css\/bootstrap.min.css\">\n\n\n<ul class=\"pagination\">\n\t    \n\t\n\n<li >\n\t<a href='?page_no=14625'>Previous<\/a>\n\t<\/li>\n\n\n       \n    \n\n<li><a href='?page_no=1'>1<\/a><\/li>\n\n\n\n<li><a href='?page_no=2'>2<\/a><\/li>\n\n\n\n<li><a>...<\/a><\/li>\n\n\n\n<li><a href='?page_no=14624'>14624<\/a><\/li>\n\n\n\n<li><a href='?page_no=14625'>14625<\/a><\/li>\n\n\n\n<li class='active'><a>14626<\/a><\/li>\n\n\n\n<li><a href='?page_no=14627'>14627<\/a><\/li>\n\n\n\n<li><a href='?page_no=14628'>14628<\/a><\/li>\n\n\n\n<li><a>...<\/a><\/li>\n\n\n\n<li><a href='?page_no=30472'>30472<\/a><\/li>\n\n\n\n<li><a href='?page_no=30473'>30473<\/a><\/li>\n\n    \n\t\n\n<li >\n\t<a href='?page_no=14627'>Next<\/a>\n\t<\/li>\n\n\n    \n\n<li><a href='?page_no=30473'>Last &rsaquo;&rsaquo;<\/a><\/li>\n\n<\/ul>\n\n\n--><br \/>\n<\/body><\/p>\n","protected":false},"excerpt":{"rendered":"<p>JIMANI, Provincia Independencia, RD, 14 de Octubre.- La Red Fronteriza Jano Siks\u00e9 y la oficina del Servicio Jesuita en Jiman\u00ed, Provincia Independencia, advirtieron que la huelga de transporte que iniciaron hoy el Sindicato de Transportistas de Jiman\u00ed, desde ya est\u00e1 provocando p\u00e9rdidas millonarias a las econom\u00edas dominicana y haitiana, pero adem\u00e1s lleva desasosiego e intranquilidad [&hellip;]<\/p>\n","protected":false},"author":3,"featured_media":0,"comment_status":"open","ping_status":"open","sticky":false,"template":"","format":"standard","meta":{"footnotes":""},"categories":[18],"tags":[],"class_list":["post-99138","post","type-post","status-publish","format-standard","hentry","category-economia"],"_links":{"self":[{"href":"https:\/\/diariodominicano.com\/index.php?rest_route=\/wp\/v2\/posts\/99138","targetHints":{"allow":["GET"]}}],"collection":[{"href":"https:\/\/diariodominicano.com\/index.php?rest_route=\/wp\/v2\/posts"}],"about":[{"href":"https:\/\/diariodominicano.com\/index.php?rest_route=\/wp\/v2\/types\/post"}],"author":[{"embeddable":true,"href":"https:\/\/diariodominicano.com\/index.php?rest_route=\/wp\/v2\/users\/3"}],"replies":[{"embeddable":true,"href":"https:\/\/diariodominicano.com\/index.php?rest_route=%2Fwp%2Fv2%2Fcomments&post=99138"}],"version-history":[{"count":0,"href":"https:\/\/diariodominicano.com\/index.php?rest_route=\/wp\/v2\/posts\/99138\/revisions"}],"wp:attachment":[{"href":"https:\/\/diariodominicano.com\/index.php?rest_route=%2Fwp%2Fv2%2Fmedia&parent=99138"}],"wp:term":[{"taxonomy":"category","embeddable":true,"href":"https:\/\/diariodominicano.com\/index.php?rest_route=%2Fwp%2Fv2%2Fcategories&post=99138"},{"taxonomy":"post_tag","embeddable":true,"href":"https:\/\/diariodominicano.com\/index.php?rest_route=%2Fwp%2Fv2%2Ftags&post=99138"}],"curies":[{"name":"wp","href":"https:\/\/api.w.org\/{rel}","templated":true}]}}