{"id":99137,"date":"2013-10-15T04:48:38","date_gmt":"2013-10-15T04:48:38","guid":{"rendered":"http:\/\/diariodominicano.ddns.net\/?p=99137"},"modified":"2013-10-15T04:48:38","modified_gmt":"2013-10-15T04:48:38","slug":"superintendencia-de-bancos-celebra-66-aniversario-de-su-creacion","status":"publish","type":"post","link":"https:\/\/diariodominicano.com\/?p=99137","title":{"rendered":"Superintendencia de Bancos celebra 66 Aniversario de su creaci\u00f3n"},"content":{"rendered":"<p><body><\/p>\n<p><img decoding=\"async\" src=\"img3\/asunc141013.jpg\" \/>  <\/p>\n<\/p>\n<p><span class=\"text1noticias\">SANTO DOMINGO, RD, 14 de Octubre.- Con una misa en Acci\u00f3n de Gracias, la Superintendencia de Bancos celebr\u00f3 el 66 Aniversario de su fundaci\u00f3n. A la eucarist\u00eda asistieron autoridades, funcionarios, empleados y relacionados de la instituci\u00f3n supervisora del sistema financiero de la Rep\u00fablica Dominicana.<\/span><\/p>\n<\/p>\n<p><span class=\"text1noticias\">El acto  en la iglesia San Juan Bosco fue oficiado por el p\u00e1rroco Johnny Guzm\u00e1n, quien rog\u00f3 a Dios para que ilumine a los servidores del Estado en el camino de las buenas ejecutorias y la preservaci\u00f3n del ahorro nacional y los bienes p\u00fablicos.<\/span><\/p>\n<\/p>\n<p><span class=\"text1noticias\">El intendente general de Bancos, Luis Armando Asunci\u00f3n, represent\u00f3 al Superintendente, Rafael Camilo, en la misa, y estuvo acompa\u00f1ado de los directores departamentales y dem\u00e1s funcionarios y empleados.<\/span><\/p>\n<\/p>\n<p><span class=\"text1noticias\">La Superintendencia de Bancos fue creada el 9 de octubre de 1947 al amparo de la Ley N\u00famero 1530, que establece las bases para la supervisi\u00f3n y regulaci\u00f3n del sector financiero en el pa\u00eds.<\/span><\/p>\n<\/p>\n<p><span class=\"text1noticias\">Dentro del programa de celebraci\u00f3n del 66 Aniversario de la Superintendencia de Bancos estuvo tambi\u00e9n el acto de izamiento de las banderas Dominicana y de la instituci\u00f3n, en la explanada frontal de su sede, ubicada en la avenida M\u00e9xico esquina Leopoldo Navarro.<\/span><\/p>\n<\/p>\n<\/p>\n<h6> 2013-10-15 04:48:38 <\/h6>\n<p><!--\n<link rel=\"stylesheet\" href=\"css\/bootstrap.min.css\">\n\n\n<ul class=\"pagination\">\n\t    \n\t\n\n<li >\n\t<a href='?page_no=14624'>Previous<\/a>\n\t<\/li>\n\n\n       \n    \n\n<li><a href='?page_no=1'>1<\/a><\/li>\n\n\n\n<li><a href='?page_no=2'>2<\/a><\/li>\n\n\n\n<li><a>...<\/a><\/li>\n\n\n\n<li><a href='?page_no=14623'>14623<\/a><\/li>\n\n\n\n<li><a href='?page_no=14624'>14624<\/a><\/li>\n\n\n\n<li class='active'><a>14625<\/a><\/li>\n\n\n\n<li><a href='?page_no=14626'>14626<\/a><\/li>\n\n\n\n<li><a href='?page_no=14627'>14627<\/a><\/li>\n\n\n\n<li><a>...<\/a><\/li>\n\n\n\n<li><a href='?page_no=30472'>30472<\/a><\/li>\n\n\n\n<li><a href='?page_no=30473'>30473<\/a><\/li>\n\n    \n\t\n\n<li >\n\t<a href='?page_no=14626'>Next<\/a>\n\t<\/li>\n\n\n    \n\n<li><a href='?page_no=30473'>Last &rsaquo;&rsaquo;<\/a><\/li>\n\n<\/ul>\n\n\n--><br \/>\n<\/body><\/p>\n","protected":false},"excerpt":{"rendered":"<p>SANTO DOMINGO, RD, 14 de Octubre.- Con una misa en Acci\u00f3n de Gracias, la Superintendencia de Bancos celebr\u00f3 el 66 Aniversario de su fundaci\u00f3n. A la eucarist\u00eda asistieron autoridades, funcionarios, empleados y relacionados de la instituci\u00f3n supervisora del sistema financiero de la Rep\u00fablica Dominicana. El acto en la iglesia San Juan Bosco fue oficiado por [&hellip;]<\/p>\n","protected":false},"author":3,"featured_media":0,"comment_status":"open","ping_status":"open","sticky":false,"template":"","format":"standard","meta":{"footnotes":""},"categories":[18],"tags":[],"class_list":["post-99137","post","type-post","status-publish","format-standard","hentry","category-economia"],"_links":{"self":[{"href":"https:\/\/diariodominicano.com\/index.php?rest_route=\/wp\/v2\/posts\/99137","targetHints":{"allow":["GET"]}}],"collection":[{"href":"https:\/\/diariodominicano.com\/index.php?rest_route=\/wp\/v2\/posts"}],"about":[{"href":"https:\/\/diariodominicano.com\/index.php?rest_route=\/wp\/v2\/types\/post"}],"author":[{"embeddable":true,"href":"https:\/\/diariodominicano.com\/index.php?rest_route=\/wp\/v2\/users\/3"}],"replies":[{"embeddable":true,"href":"https:\/\/diariodominicano.com\/index.php?rest_route=%2Fwp%2Fv2%2Fcomments&post=99137"}],"version-history":[{"count":0,"href":"https:\/\/diariodominicano.com\/index.php?rest_route=\/wp\/v2\/posts\/99137\/revisions"}],"wp:attachment":[{"href":"https:\/\/diariodominicano.com\/index.php?rest_route=%2Fwp%2Fv2%2Fmedia&parent=99137"}],"wp:term":[{"taxonomy":"category","embeddable":true,"href":"https:\/\/diariodominicano.com\/index.php?rest_route=%2Fwp%2Fv2%2Fcategories&post=99137"},{"taxonomy":"post_tag","embeddable":true,"href":"https:\/\/diariodominicano.com\/index.php?rest_route=%2Fwp%2Fv2%2Ftags&post=99137"}],"curies":[{"name":"wp","href":"https:\/\/api.w.org\/{rel}","templated":true}]}}