{"id":99134,"date":"2013-10-15T15:23:45","date_gmt":"2013-10-15T15:23:45","guid":{"rendered":"http:\/\/diariodominicano.ddns.net\/?p=99134"},"modified":"2013-10-15T15:23:45","modified_gmt":"2013-10-15T15:23:45","slug":"fdc-dice-no-existen-condiciones-para-instalalacin-de-impresoras-fiscales-en-medios-y-pequenos-comercios","status":"publish","type":"post","link":"https:\/\/diariodominicano.com\/?p=99134","title":{"rendered":"FDC dice no existen condiciones para instalalaci&amp;n de impresoras fiscales en medios  y peque\u00f1os comercios"},"content":{"rendered":"<p><body><\/p>\n<p>Santo Domingo RD 15 octubre.- La Federaci\u00f3n Dominicana de Comerciantes (FDC) asegur\u00f3 que no existen las condiciones para la instalaci\u00f3n y funcionamiento de las impresoras fiscales en medios y peque\u00f1os comercios, a partir del primero de enero del 2014, como pretende la Direcci\u00f3n General de Impuestos Internos (DGII), por l que pide ese proceso sea aplazado para el 2015.<\/p>\n<\/p>\n<p>El presidente de FDC; Iv\u00e1n de Jes\u00fas Garc\u00eda, inform\u00f3 que esa instituci\u00f3n inici\u00f3 esta semana un proceso de consulta en todas las regiones del pa\u00eds para analizar ese tema. Debido a que una gran mayor\u00eda de los comercios miembros de esa entidad est\u00e1n recibiendo notificaciones de parte de la DGII para comunicarles que a partir del primero de enero del pr\u00f3ximo a\u00f1o tiene que tener instalados esos equipos.<\/p>\n<\/p>\n<p>En tal sentido, Garc\u00eda consider\u00f3 que ese plazo es conveniente, al firmar que ha faltado informaci\u00f3n por parte de DGII con el comercio organizado para dar a  conocer los detalles de qu\u00e9 son y c\u00f3mo funcionar\u00e1n las impresoras fiscales.<\/p>\n<\/p>\n<p>El dirigente comercial puntualiz\u00f3 que la FDC no se opone en ninguna circunstancia al pago de impuestos, ya que esa entidad desde la d\u00e9cada de los 80 empez\u00f3 una campa\u00f1a de concientizaci\u00f3n a nivel nacional en ese sentido, por lo que sus miembros cumplen de manera religiosa con sus deberes tributarios.<\/p>\n<\/p>\n<p>Agreg\u00f3 que est\u00e1n de acuerdo con la modernidad y los avances, sin embargo para ello deben estar dadas las condiciones necesarias, por la que piden aplazar la instalaci\u00f3n de las impresoras fiscales en los comercios al detalle y de provisiones, as\u00ed como en farmacias para el 2015.<\/p>\n<\/p>\n<p>Indic\u00f3 que otros aspectos que impiden la exigencia de la DGII son el mal servicio de la energ\u00eda el\u00e9ctrica, costo de las impresoras fiscales, la falta de suplidores de esos equipos, la escasez de t\u00e9cnicos preparados para dar mantenimiento, el poco acceso a internet que tienen muchos comerciantes, etc\u00e9tera.<\/p>\n<\/p>\n<p>El presidente de FDC se\u00f1alo que al analizar el a\u00f1o 2010 hab\u00eda instaladas 1,447 impresoras fiscales, lo que representa el 1% de total de contribuyentes potenciales para tener esos equipos. A\u00f1adi\u00f3 que al finalizar casi el 2013 esta cifra ha subido a 4,433 las cuales est\u00e1n instalados en 32 comercios, por lo que ahora la DGII no puede presionar para que en menos de dos meses se instalen 70,000 de esos equipos.<\/p>\n<\/p>\n<h6> 2013-10-15 15:23:45 <\/h6>\n<p><!--\n<link rel=\"stylesheet\" href=\"css\/bootstrap.min.css\">\n\n\n<ul class=\"pagination\">\n\t    \n\t\n\n<li >\n\t<a href='?page_no=14621'>Previous<\/a>\n\t<\/li>\n\n\n       \n    \n\n<li><a href='?page_no=1'>1<\/a><\/li>\n\n\n\n<li><a href='?page_no=2'>2<\/a><\/li>\n\n\n\n<li><a>...<\/a><\/li>\n\n\n\n<li><a href='?page_no=14620'>14620<\/a><\/li>\n\n\n\n<li><a href='?page_no=14621'>14621<\/a><\/li>\n\n\n\n<li class='active'><a>14622<\/a><\/li>\n\n\n\n<li><a href='?page_no=14623'>14623<\/a><\/li>\n\n\n\n<li><a href='?page_no=14624'>14624<\/a><\/li>\n\n\n\n<li><a>...<\/a><\/li>\n\n\n\n<li><a href='?page_no=30472'>30472<\/a><\/li>\n\n\n\n<li><a href='?page_no=30473'>30473<\/a><\/li>\n\n    \n\t\n\n<li >\n\t<a href='?page_no=14623'>Next<\/a>\n\t<\/li>\n\n\n    \n\n<li><a href='?page_no=30473'>Last &rsaquo;&rsaquo;<\/a><\/li>\n\n<\/ul>\n\n\n--><br \/>\n<\/body><\/p>\n","protected":false},"excerpt":{"rendered":"<p>Santo Domingo RD 15 octubre.- La Federaci\u00f3n Dominicana de Comerciantes (FDC) asegur\u00f3 que no existen las condiciones para la instalaci\u00f3n y funcionamiento de las impresoras fiscales en medios y peque\u00f1os comercios, a partir del primero de enero del 2014, como pretende la Direcci\u00f3n General de Impuestos Internos (DGII), por l que pide ese proceso sea [&hellip;]<\/p>\n","protected":false},"author":3,"featured_media":0,"comment_status":"open","ping_status":"open","sticky":false,"template":"","format":"standard","meta":{"footnotes":""},"categories":[18],"tags":[],"class_list":["post-99134","post","type-post","status-publish","format-standard","hentry","category-economia"],"_links":{"self":[{"href":"https:\/\/diariodominicano.com\/index.php?rest_route=\/wp\/v2\/posts\/99134","targetHints":{"allow":["GET"]}}],"collection":[{"href":"https:\/\/diariodominicano.com\/index.php?rest_route=\/wp\/v2\/posts"}],"about":[{"href":"https:\/\/diariodominicano.com\/index.php?rest_route=\/wp\/v2\/types\/post"}],"author":[{"embeddable":true,"href":"https:\/\/diariodominicano.com\/index.php?rest_route=\/wp\/v2\/users\/3"}],"replies":[{"embeddable":true,"href":"https:\/\/diariodominicano.com\/index.php?rest_route=%2Fwp%2Fv2%2Fcomments&post=99134"}],"version-history":[{"count":0,"href":"https:\/\/diariodominicano.com\/index.php?rest_route=\/wp\/v2\/posts\/99134\/revisions"}],"wp:attachment":[{"href":"https:\/\/diariodominicano.com\/index.php?rest_route=%2Fwp%2Fv2%2Fmedia&parent=99134"}],"wp:term":[{"taxonomy":"category","embeddable":true,"href":"https:\/\/diariodominicano.com\/index.php?rest_route=%2Fwp%2Fv2%2Fcategories&post=99134"},{"taxonomy":"post_tag","embeddable":true,"href":"https:\/\/diariodominicano.com\/index.php?rest_route=%2Fwp%2Fv2%2Ftags&post=99134"}],"curies":[{"name":"wp","href":"https:\/\/api.w.org\/{rel}","templated":true}]}}