{"id":99130,"date":"2013-10-15T15:45:38","date_gmt":"2013-10-15T15:45:38","guid":{"rendered":"http:\/\/diariodominicano.ddns.net\/?p=99130"},"modified":"2013-10-15T15:45:38","modified_gmt":"2013-10-15T15:45:38","slug":"presidente-medina-reafirma-compromiso-a-favor-de-la-mujer-dominicana-inaugura-encuentro","status":"publish","type":"post","link":"https:\/\/diariodominicano.com\/?p=99130","title":{"rendered":"Presidente Medina reafirma compromiso a favor de la mujer dominicana; inaugura encuentro"},"content":{"rendered":"<p><body><\/p>\n<p><img decoding=\"async\" src=\"img3\/dani 15.jpg\" \/>  <\/p>\n<p> Santo Domingo RD 15 octubre.- El presidente Danilo Medina renov\u00f3 y reforz\u00f3 este martes su compromiso y del de su Gobierno a favor de la mujer dominicana, al pronunciar un discurso en el acto de la apertura de la XII Conferencia Regional sobre la mujer, que celebra la Comisi\u00f3n Econ\u00f3mica para Am\u00e9rica Latina y el Caribe (Cepal) en el pa\u00eds.<\/p>\n<\/p>\n<p>\u00abSin duda, las nuevas tecnolog\u00edas nos ofrecen herramientas muy valiosas para avanzar a gran velocidad en este camino, y estamos comprometidos con su implementaci\u00f3n, con la eliminaci\u00f3n de la brecha digital en la Rep\u00fablica Dominicana\u00bb, sostuvo el gobernante dominicano.<\/p>\n<\/p>\n<p>Al destacar la importancia de este evento de la Cepal, Medina sostuvo \u00abno me cabe la menor duda de que estas jornadas servir\u00e1n para el intercambio fruct\u00edfero y la puesta en marcha de iniciativas a favor de la equidad y el desarrollo de las mujeres que todos deseamos\u00bb.<\/p>\n<\/p>\n<p>Asimismo, dijo que esa iniciativa muestra, una vez m\u00e1s, el compromiso firme de la regi\u00f3n por lograr la plena inclusi\u00f3n de la mujer en todos los \u00e1mbitos de \u00abnuestras sociedades\u00bb.<\/p>\n<\/p>\n<p>El gobernante se pronunci\u00f3 en estos t\u00e9rminos en el acto de apertura de la XII Conferencia Regional sobre la mujer, donde participan representantes de la ONU y de los 52 estados miembros y asociados de la Comisi\u00f3n Econ\u00f3mica para Am\u00e9rica Latina y el Caribe (Cepal). Medina estuvo acompa\u00f1ado de la primera dama C\u00e1ndida Montilla de Medina.    <\/p>\n<\/p>\n<p>Autor: Francia Valdez<\/p>\n<h6> 2013-10-15 15:45:38 <\/h6>\n<p><!--\n<link rel=\"stylesheet\" href=\"css\/bootstrap.min.css\">\n\n\n<ul class=\"pagination\">\n\t    \n\t\n\n<li >\n\t<a href='?page_no=14618'>Previous<\/a>\n\t<\/li>\n\n\n       \n    \n\n<li><a href='?page_no=1'>1<\/a><\/li>\n\n\n\n<li><a href='?page_no=2'>2<\/a><\/li>\n\n\n\n<li><a>...<\/a><\/li>\n\n\n\n<li><a href='?page_no=14617'>14617<\/a><\/li>\n\n\n\n<li><a href='?page_no=14618'>14618<\/a><\/li>\n\n\n\n<li class='active'><a>14619<\/a><\/li>\n\n\n\n<li><a href='?page_no=14620'>14620<\/a><\/li>\n\n\n\n<li><a href='?page_no=14621'>14621<\/a><\/li>\n\n\n\n<li><a>...<\/a><\/li>\n\n\n\n<li><a href='?page_no=30472'>30472<\/a><\/li>\n\n\n\n<li><a href='?page_no=30473'>30473<\/a><\/li>\n\n    \n\t\n\n<li >\n\t<a href='?page_no=14620'>Next<\/a>\n\t<\/li>\n\n\n    \n\n<li><a href='?page_no=30473'>Last &rsaquo;&rsaquo;<\/a><\/li>\n\n<\/ul>\n\n\n--><br \/>\n<\/body><\/p>\n","protected":false},"excerpt":{"rendered":"<p>Santo Domingo RD 15 octubre.- El presidente Danilo Medina renov\u00f3 y reforz\u00f3 este martes su compromiso y del de su Gobierno a favor de la mujer dominicana, al pronunciar un discurso en el acto de la apertura de la XII Conferencia Regional sobre la mujer, que celebra la Comisi\u00f3n Econ\u00f3mica para Am\u00e9rica Latina y el [&hellip;]<\/p>\n","protected":false},"author":3,"featured_media":0,"comment_status":"open","ping_status":"open","sticky":false,"template":"","format":"standard","meta":{"footnotes":""},"categories":[18],"tags":[],"class_list":["post-99130","post","type-post","status-publish","format-standard","hentry","category-economia"],"_links":{"self":[{"href":"https:\/\/diariodominicano.com\/index.php?rest_route=\/wp\/v2\/posts\/99130","targetHints":{"allow":["GET"]}}],"collection":[{"href":"https:\/\/diariodominicano.com\/index.php?rest_route=\/wp\/v2\/posts"}],"about":[{"href":"https:\/\/diariodominicano.com\/index.php?rest_route=\/wp\/v2\/types\/post"}],"author":[{"embeddable":true,"href":"https:\/\/diariodominicano.com\/index.php?rest_route=\/wp\/v2\/users\/3"}],"replies":[{"embeddable":true,"href":"https:\/\/diariodominicano.com\/index.php?rest_route=%2Fwp%2Fv2%2Fcomments&post=99130"}],"version-history":[{"count":0,"href":"https:\/\/diariodominicano.com\/index.php?rest_route=\/wp\/v2\/posts\/99130\/revisions"}],"wp:attachment":[{"href":"https:\/\/diariodominicano.com\/index.php?rest_route=%2Fwp%2Fv2%2Fmedia&parent=99130"}],"wp:term":[{"taxonomy":"category","embeddable":true,"href":"https:\/\/diariodominicano.com\/index.php?rest_route=%2Fwp%2Fv2%2Fcategories&post=99130"},{"taxonomy":"post_tag","embeddable":true,"href":"https:\/\/diariodominicano.com\/index.php?rest_route=%2Fwp%2Fv2%2Ftags&post=99130"}],"curies":[{"name":"wp","href":"https:\/\/api.w.org\/{rel}","templated":true}]}}