{"id":99129,"date":"2013-10-15T17:51:09","date_gmt":"2013-10-15T17:51:09","guid":{"rendered":"http:\/\/diariodominicano.ddns.net\/?p=99129"},"modified":"2013-10-15T17:51:09","modified_gmt":"2013-10-15T17:51:09","slug":"agricultura-ejecuta-programa-para-elevar-produccion-de-cacao-a-150-mil-toneladas-metricas-anuales","status":"publish","type":"post","link":"https:\/\/diariodominicano.com\/?p=99129","title":{"rendered":"&#13;&#13;Agricultura  ejecuta programa para elevar producci\u00f3n de Cacao a 150 mil toneladas m\u00e9tricas anuales&#13;"},"content":{"rendered":"<p><body><\/p>\n<p><span class=\"text1noticias\">Santo Domingo, RD, 15 de octubre.- El ministro de Agricultura, Luis Ram\u00f3n Rodr\u00edguez, afirm\u00f3 que esa instituci\u00f3n ejecuta un programa de apoyo t\u00e9cnico y crediticio a todos los actores de la cadena del cacao, que busca llevar la producci\u00f3n de ese cultivo a 150 mil toneladas m\u00e9tricas anuales.<\/span><\/p>\n<\/p>\n<p><span class=\"text1noticias\">El funcionario ofreci\u00f3 la informaci\u00f3n al dejar inaugurada la vig\u00e9simo cuarta reuni\u00f3n de la Fundaci\u00f3n Mundial de Cacao (WCF, por sus siglas en ingl\u00e9s), donde dijo que esa meta se lograr\u00e1 mediante la extensi\u00f3n, capacitaci\u00f3n y renovaci\u00f3n de fincas con la injerta de clones de alta productividad.<\/span><\/p>\n<\/p>\n<p><span class=\"text1noticias\">Tras agradecer a los miembros de la Fundaci\u00f3n haber elegido a Rep\u00fablica Dominicana como sede para celebrar tan importante evento, Rodr\u00edguez destac\u00f3 que en el pa\u00eds ese cultivo abarca m\u00e1s de 150 mil hect\u00e1reas, e involucra a m\u00e1s de 40 mil productores.<\/span><\/p>\n<\/p>\n<p><span class=\"text1noticias\">Inform\u00f3 que en la cosecha cacaotera 2012-2013, las exportaciones de cacao aportaron a la econom\u00eda nacional m\u00e1s de 180 millones de d\u00f3lares, con una producci\u00f3n hist\u00f3rica superior a las 70 mil toneladas m\u00e9tricas.<\/span><\/p>\n<\/p>\n<p><span class=\"text1noticias\">\u00abEl cacao dominicano est\u00e1 altamente posicionado en los mercados internacionales, haciendo de nuestro pa\u00eds el mayor exportador de cacao org\u00e1nico y el segundo de cacao fino o de aroma del continente y del mundo\u00bb, expres\u00f3 Rodr\u00edguez.<\/span><\/p>\n<\/p>\n<p><span class=\"text1noticias\">Record\u00f3 que los organismos mundiales competentes reconocen la alta calidad del cacao dominicano, la que atribuye a los esfuerzos a favor de la producci\u00f3n que realizan las autoridades, productores, comercializadores, exportadores y t\u00e9cnicos.<\/span><\/p>\n<\/p>\n<p><span class=\"text1noticias\">Para seguir fortaleciendo el sector cacaotero, el ministro de Agricultura dijo que el presidente Danilo Medina ha recapitalizado al Banco Agr\u00edcola y al Feda, de modo que los productores tengan acceso al financiamiento para la adquisici\u00f3n de nuevas tecnolog\u00edas de fermentaci\u00f3n y secado de cacao.<\/span><\/p>\n<\/p>\n<p><span class=\"text1noticias\">Otras acciones de apoyo directo a los productores incluyen la preparaci\u00f3n de m\u00e1s de 500 kil\u00f3metros de caminos productivos en zonas cacaoteras; la inclusi\u00f3n del cacao entre los cultivos que reciben subsidio para el pago del seguro agropecuario, y la certificaci\u00f3n de fincas en el uso de Buenas Pr\u00e1cticas Agr\u00edcolas.<\/span><\/p>\n<\/p>\n<p><span class=\"text1noticias\">ENCUENTRO<\/span><\/p>\n<\/p>\n<p><span class=\"text1noticias\">El ministro de Agricultura, Luis Ram\u00f3n Rodr\u00edguez, dijo que la reuni\u00f3n es importante para Rep\u00fablica Dominicana, ya que la WCF constituye el brazo social de la industria chocolatera a nivel mundial, funci\u00f3n que cumple con la asignaci\u00f3n de fondos para ayudar a peque\u00f1os y medianos productores de las diferentes regiones del mundo. <\/span><\/p>\n<\/p>\n<p><span class=\"text1noticias\">Inform\u00f3 que actualmente la Fundaci\u00f3n invierte en la zona cacaotera de Yamas\u00e1, para que los productores de esa zona mejoren su procesamiento y puedan obtener algunos productos que agregan valor a la producci\u00f3n.<\/span><\/p>\n<\/p>\n<p><span class=\"text1noticias\">Las palabras de apertura de la reuni\u00f3n de la WCF, que se celebra en el hotel El Embajador, estuvieron a cargo de Bill Guyton, presidente de su Comisi\u00f3n Ejecutiva, quien inform\u00f3 que el evento re\u00fane a las m\u00e1s destacadas empresas de la industria del cacao del mundo.<\/span><\/p>\n<\/p>\n<p><span class=\"text1noticias\">Dijo que los asistentes recibir\u00e1n informaciones actualizadas sobre evoluci\u00f3n de la producci\u00f3n, innovaci\u00f3n tecnol\u00f3gica, tendencia de mercados y otros temas de inter\u00e9s para elevar la competitividad del cacao.<\/span><\/p>\n<\/p>\n<h6> 2013-10-15 17:51:09 <\/h6>\n<p><!--\n<link rel=\"stylesheet\" href=\"css\/bootstrap.min.css\">\n\n\n<ul class=\"pagination\">\n\t    \n\t\n\n<li >\n\t<a href='?page_no=14617'>Previous<\/a>\n\t<\/li>\n\n\n       \n    \n\n<li><a href='?page_no=1'>1<\/a><\/li>\n\n\n\n<li><a href='?page_no=2'>2<\/a><\/li>\n\n\n\n<li><a>...<\/a><\/li>\n\n\n\n<li><a href='?page_no=14616'>14616<\/a><\/li>\n\n\n\n<li><a href='?page_no=14617'>14617<\/a><\/li>\n\n\n\n<li class='active'><a>14618<\/a><\/li>\n\n\n\n<li><a href='?page_no=14619'>14619<\/a><\/li>\n\n\n\n<li><a href='?page_no=14620'>14620<\/a><\/li>\n\n\n\n<li><a>...<\/a><\/li>\n\n\n\n<li><a href='?page_no=30472'>30472<\/a><\/li>\n\n\n\n<li><a href='?page_no=30473'>30473<\/a><\/li>\n\n    \n\t\n\n<li >\n\t<a href='?page_no=14619'>Next<\/a>\n\t<\/li>\n\n\n    \n\n<li><a href='?page_no=30473'>Last &rsaquo;&rsaquo;<\/a><\/li>\n\n<\/ul>\n\n\n--><br \/>\n<\/body><\/p>\n","protected":false},"excerpt":{"rendered":"<p>Santo Domingo, RD, 15 de octubre.- El ministro de Agricultura, Luis Ram\u00f3n Rodr\u00edguez, afirm\u00f3 que esa instituci\u00f3n ejecuta un programa de apoyo t\u00e9cnico y crediticio a todos los actores de la cadena del cacao, que busca llevar la producci\u00f3n de ese cultivo a 150 mil toneladas m\u00e9tricas anuales. El funcionario ofreci\u00f3 la informaci\u00f3n al dejar [&hellip;]<\/p>\n","protected":false},"author":3,"featured_media":0,"comment_status":"open","ping_status":"open","sticky":false,"template":"","format":"standard","meta":{"footnotes":""},"categories":[18],"tags":[],"class_list":["post-99129","post","type-post","status-publish","format-standard","hentry","category-economia"],"_links":{"self":[{"href":"https:\/\/diariodominicano.com\/index.php?rest_route=\/wp\/v2\/posts\/99129","targetHints":{"allow":["GET"]}}],"collection":[{"href":"https:\/\/diariodominicano.com\/index.php?rest_route=\/wp\/v2\/posts"}],"about":[{"href":"https:\/\/diariodominicano.com\/index.php?rest_route=\/wp\/v2\/types\/post"}],"author":[{"embeddable":true,"href":"https:\/\/diariodominicano.com\/index.php?rest_route=\/wp\/v2\/users\/3"}],"replies":[{"embeddable":true,"href":"https:\/\/diariodominicano.com\/index.php?rest_route=%2Fwp%2Fv2%2Fcomments&post=99129"}],"version-history":[{"count":0,"href":"https:\/\/diariodominicano.com\/index.php?rest_route=\/wp\/v2\/posts\/99129\/revisions"}],"wp:attachment":[{"href":"https:\/\/diariodominicano.com\/index.php?rest_route=%2Fwp%2Fv2%2Fmedia&parent=99129"}],"wp:term":[{"taxonomy":"category","embeddable":true,"href":"https:\/\/diariodominicano.com\/index.php?rest_route=%2Fwp%2Fv2%2Fcategories&post=99129"},{"taxonomy":"post_tag","embeddable":true,"href":"https:\/\/diariodominicano.com\/index.php?rest_route=%2Fwp%2Fv2%2Ftags&post=99129"}],"curies":[{"name":"wp","href":"https:\/\/api.w.org\/{rel}","templated":true}]}}