{"id":99128,"date":"2013-10-15T18:19:24","date_gmt":"2013-10-15T18:19:24","guid":{"rendered":"http:\/\/diariodominicano.ddns.net\/?p=99128"},"modified":"2013-10-15T18:19:24","modified_gmt":"2013-10-15T18:19:24","slug":"transportistas-mantienen-paro-de-labores-y-el-bloqueo-del-paso-fronterizo-hacia-haiti-y-el-mercado-binacional","status":"publish","type":"post","link":"https:\/\/diariodominicano.com\/?p=99128","title":{"rendered":"Transportistas mantienen paro de labores y el bloqueo del paso fronterizo hac\u00eda Hait\u00ed y el mercado binacional"},"content":{"rendered":"<p><body><\/p>\n<p><img decoding=\"async\" src=\"img3\/camiones.jpg\" \/>  <\/p>\n<p><span class=\"text1noticias\">JIMANI, Provincia Independencia, RD, 15 de Octubre.-La Red Fronteriza Jano Siks\u00e9 (RFJS)  para la Defensa y Promoci\u00f3n de los Derechos Humanos inform\u00f3 que contin\u00faan bloqueadas por segundo d\u00eda consecutivo las diferentes entradas de Jiman\u00ed por el paro convocado por las organizaciones de transporte de la provincia Independencia, afectando el desarrollo del mercado binacional y el paso fronterizo hac\u00eda Hait\u00ed.<\/span><\/p>\n<\/p>\n<p><span class=\"text1noticias\">\u00abFENATRADO y sus asociaciones de transportistas locales siguen paralizando la actividad econ\u00f3mica del municipio y  cientos de veh\u00edculos que bloquean las v\u00edas de acceso, est\u00e1n a la espera de una soluci\u00f3n pac\u00edfica al conflicto. Es la realidad que nos preocupa como organizaci\u00f3n de derechos humanos\u00bb, expres\u00f3 la RFJS en comunicado de prensa.<\/span><\/p>\n<\/p>\n<p><span class=\"text1noticias\">Indica que importantes son los da\u00f1os econ\u00f3micos que se est\u00e1n produciendo a una de las provincias m\u00e1s pobres de Rep\u00fablica Dominicana, tiene un 70.2 de pobreza, que vive fundamentalmente del mercado fronterizo y del paso de mercanc\u00edas hacia Hait\u00ed.<\/span><\/p>\n<\/p>\n<p><span class=\"text1noticias\"> <\/span><\/p>\n<p><span class=\"text1noticias\">Seg\u00fan los convocantes, explica la Red Fronteriza Jano Siks\u00e9, \u00abla Direcci\u00f3n General de Aduanas permite que empresarios de Santo Domingo liquiden las pacas de ropa usada a un precio solo reservado a la frontera y ante esa situaci\u00f3n ellos se han visto en la necesidad de protestar\u00bb.<\/span><\/p>\n<\/p>\n<p><span class=\"text1noticias\">Se\u00f1ala que  esta situaci\u00f3n se da por la desregulaci\u00f3n y mala aplicaci\u00f3n de viejas normas, de la \u00e9poca de Joaqu\u00edn Balaguer, como la concesi\u00f3n para liquidar a 50 centavos de d\u00f3lar las unidades de pacas de ropa en las aduanas de la frontera, que seg\u00fan el vocero del sindicato, est\u00e1 siendo aprovechado por grandes empresarios en los muelles de la capital para hacer negocio, mientras en la frontera, este tipo de actividad econ\u00f3mica va desapareciendo poco a poco porque ya no resulta rentable a los peque\u00f1os comerciantes.<\/span><\/p>\n<p><span class=\"text1noticias\"> <\/span><\/p>\n<p><span class=\"text1noticias\">En ese mismo orden, FENATRADO tambi\u00e9n reclama junto con la asociaci\u00f3n de comerciantes y peque\u00f1os colmados de Jiman\u00ed una revisi\u00f3n por parte de EDESUR de su programa de energ\u00eda para el municipio que termine con los apagones de hasta doce horas que se producen a diario.<\/span><\/p>\n<p><span class=\"text1noticias\"> <\/span><\/p>\n<p><span class=\"text1noticias\">Dice la Red Fronteriza Jano Siks\u00e9 que aunque las reivindicaciones de la asociaci\u00f3n de transportistas son leg\u00edtimas, la paralizaci\u00f3n del municipio est\u00e1 casi rozando el \u00abestado de excepci\u00f3n y sitio\u00bb vulnerando el derecho fundamental al libre tr\u00e1nsito de personas y mercanc\u00edas.<\/span><\/p>\n<p><span class=\"text1noticias\"> <\/span><\/p>\n<p><span class=\"text1noticias\">A la RFJS le preocupa el curso que pueda ir tomando el paro de labores y el bloque del tr\u00e1nsito  internacional de mercanc\u00edas. Sin embargo, se ha abierto un proceso de negociaci\u00f3n a la cabeza del cual est\u00e1  el gobernador de la Provincia Independencia, que se encuentra gestionando junto con la polic\u00eda una soluci\u00f3n, pac\u00edfica y razonable del impasse.(HG)<\/span>.<\/p>\n<h6> 2013-10-15 18:19:24 <\/h6>\n<p><!--\n<link rel=\"stylesheet\" href=\"css\/bootstrap.min.css\">\n\n\n<ul class=\"pagination\">\n\t    \n\t\n\n<li >\n\t<a href='?page_no=14616'>Previous<\/a>\n\t<\/li>\n\n\n       \n    \n\n<li><a href='?page_no=1'>1<\/a><\/li>\n\n\n\n<li><a href='?page_no=2'>2<\/a><\/li>\n\n\n\n<li><a>...<\/a><\/li>\n\n\n\n<li><a href='?page_no=14615'>14615<\/a><\/li>\n\n\n\n<li><a href='?page_no=14616'>14616<\/a><\/li>\n\n\n\n<li class='active'><a>14617<\/a><\/li>\n\n\n\n<li><a href='?page_no=14618'>14618<\/a><\/li>\n\n\n\n<li><a href='?page_no=14619'>14619<\/a><\/li>\n\n\n\n<li><a>...<\/a><\/li>\n\n\n\n<li><a href='?page_no=30472'>30472<\/a><\/li>\n\n\n\n<li><a href='?page_no=30473'>30473<\/a><\/li>\n\n    \n\t\n\n<li >\n\t<a href='?page_no=14618'>Next<\/a>\n\t<\/li>\n\n\n    \n\n<li><a href='?page_no=30473'>Last &rsaquo;&rsaquo;<\/a><\/li>\n\n<\/ul>\n\n\n--><br \/>\n<\/body><\/p>\n","protected":false},"excerpt":{"rendered":"<p>JIMANI, Provincia Independencia, RD, 15 de Octubre.-La Red Fronteriza Jano Siks\u00e9 (RFJS) para la Defensa y Promoci\u00f3n de los Derechos Humanos inform\u00f3 que contin\u00faan bloqueadas por segundo d\u00eda consecutivo las diferentes entradas de Jiman\u00ed por el paro convocado por las organizaciones de transporte de la provincia Independencia, afectando el desarrollo del mercado binacional y el [&hellip;]<\/p>\n","protected":false},"author":3,"featured_media":0,"comment_status":"open","ping_status":"open","sticky":false,"template":"","format":"standard","meta":{"footnotes":""},"categories":[18],"tags":[],"class_list":["post-99128","post","type-post","status-publish","format-standard","hentry","category-economia"],"_links":{"self":[{"href":"https:\/\/diariodominicano.com\/index.php?rest_route=\/wp\/v2\/posts\/99128","targetHints":{"allow":["GET"]}}],"collection":[{"href":"https:\/\/diariodominicano.com\/index.php?rest_route=\/wp\/v2\/posts"}],"about":[{"href":"https:\/\/diariodominicano.com\/index.php?rest_route=\/wp\/v2\/types\/post"}],"author":[{"embeddable":true,"href":"https:\/\/diariodominicano.com\/index.php?rest_route=\/wp\/v2\/users\/3"}],"replies":[{"embeddable":true,"href":"https:\/\/diariodominicano.com\/index.php?rest_route=%2Fwp%2Fv2%2Fcomments&post=99128"}],"version-history":[{"count":0,"href":"https:\/\/diariodominicano.com\/index.php?rest_route=\/wp\/v2\/posts\/99128\/revisions"}],"wp:attachment":[{"href":"https:\/\/diariodominicano.com\/index.php?rest_route=%2Fwp%2Fv2%2Fmedia&parent=99128"}],"wp:term":[{"taxonomy":"category","embeddable":true,"href":"https:\/\/diariodominicano.com\/index.php?rest_route=%2Fwp%2Fv2%2Fcategories&post=99128"},{"taxonomy":"post_tag","embeddable":true,"href":"https:\/\/diariodominicano.com\/index.php?rest_route=%2Fwp%2Fv2%2Ftags&post=99128"}],"curies":[{"name":"wp","href":"https:\/\/api.w.org\/{rel}","templated":true}]}}