{"id":99126,"date":"2013-10-15T21:29:29","date_gmt":"2013-10-15T21:29:29","guid":{"rendered":"http:\/\/diariodominicano.ddns.net\/?p=99126"},"modified":"2013-10-15T21:29:29","modified_gmt":"2013-10-15T21:29:29","slug":"presidente-medina-encabeza-almuerzo-anual-de-adozona-aquiles-bermudez-destaca-aporte-del-sector","status":"publish","type":"post","link":"https:\/\/diariodominicano.com\/?p=99126","title":{"rendered":"Presidente Medina encabeza almuerzo anual de Adozona; Aquiles Berm\u00fadez destaca aporte del sector"},"content":{"rendered":"<p><body><\/p>\n<p><img decoding=\"async\" src=\"img3\/adozona.jpg\" \/><br \/><img decoding=\"async\" src=\"img3\/daniloadozona151013.jpg\" \/>  <\/p>\n<\/p>\n<p><span class=\"text1noticias\">SANTO DOMINGO, RD, 15 de Octubre.- El Presidente Danilo Medina encabez\u00f3  el almuerzo anual conmemorativo al 25 aniversario de la Asociaci\u00f3n Dominicana de Zonas Francas (Adozona).<\/span><\/p>\n<\/p>\n<p><span class=\"text1noticias\">En el acto, el presidente de esa instituci\u00f3n, Aquiles Berm\u00fadez dijo que las zonas francas aportan significativamente al pa\u00eds, en t\u00e9rminos econ\u00f3micos y sociales.<\/span><\/p>\n<\/p>\n<p><span class=\"text1noticias\">Berm\u00fadez, explic\u00f3 que el Pacto del Empleo debe crear las condiciones, leyes y pol\u00edticas que permitan un desarrollo sostenido del empleo en la Rep\u00fablica Dominicana.<\/span><\/p>\n<\/p>\n<p><span class=\"text1noticias\">En cuanto al Pacto de la Educaci\u00f3n, dijo que se debe lograr el incremento en la cantidad de bachilleres y la mejora sustancial de la calidad de la educaci\u00f3n.<\/span><\/p>\n<\/p>\n<p><span class=\"text1noticias\">La actividad sirvi\u00f3 de escenario para que el experto y consultor norteamericano, Harold Sirkin destacara las oportunidades que se presentan para la Rep\u00fablica Dominicana y que se debe actuar r\u00e1pidamente para aprovechar los cambios que se producen en el \u00e1mbito mundial.<\/span><\/p>\n<\/p>\n<p><span class=\"text1noticias\">Estuvieron junto al Presidente Medina, los ministros de la Presidencia, Gustavo Montalvo; administrativo, Jos\u00e9 Ram\u00f3n Peralta; de Industria y Comercio, Jos\u00e9 del Castillo Savi\u00f1\u00f3n; Salud P\u00fablica, Freddy Hidalgo, y la directora del Consejo Nacional de Zonas Francas, Luisa Fern\u00e1ndez.<\/span><\/p>\n<\/p>\n<\/p>\n<p><strong> <\/strong><\/p>\n<p><strong><span class=\"text1noticias\">Presidente ADOZONA destac\u00f3 aporte que hace el sector al pa\u00eds<\/span><\/strong><\/p>\n<\/p>\n<\/p>\n<p><span class=\"text1noticias\">El presidente de la Asociaci\u00f3n de Zonas Francas-ADOZONA- Aquiles Berm\u00fadez destac\u00f3 el aporte significativamente al pa\u00eds, en t\u00e9rminos econ\u00f3micos y sociales que hacen  las zonas francas. <\/span><\/p>\n<\/p>\n<p><span class=\"text1noticias\">Berm\u00fadez explic\u00f3 que el Pacto del Empleo debe crear las condiciones, leyes y pol\u00edticas que permitan un desarrollo sostenido del empleo en la Rep\u00fablica Dominicana.<\/span><\/p>\n<\/p>\n<p><span class=\"text1noticias\">En cuanto al Pacto de la Educaci\u00f3n, dijo que se debe lograr el incremento en la cantidad de bachilleres y la mejora sustancial de la calidad de la educaci\u00f3n.<\/span><\/p>\n<\/p>\n<p><span class=\"text1noticias\">El ejecutivo habl\u00f3 en esos t\u00e9rminos durante el almuerzo anual conmemorativo al 25 aniversario de la Asociaci\u00f3n Dominicana de Zonas Francas (Adozona), que estuvo encabezado por el Presidente Danilo Medina.<\/span><\/p>\n<\/p>\n<h6> 2013-10-15 21:29:29 <\/h6>\n<p><!--\n<link rel=\"stylesheet\" href=\"css\/bootstrap.min.css\">\n\n\n<ul class=\"pagination\">\n\t    \n\t\n\n<li >\n\t<a href='?page_no=14614'>Previous<\/a>\n\t<\/li>\n\n\n       \n    \n\n<li><a href='?page_no=1'>1<\/a><\/li>\n\n\n\n<li><a href='?page_no=2'>2<\/a><\/li>\n\n\n\n<li><a>...<\/a><\/li>\n\n\n\n<li><a href='?page_no=14613'>14613<\/a><\/li>\n\n\n\n<li><a href='?page_no=14614'>14614<\/a><\/li>\n\n\n\n<li class='active'><a>14615<\/a><\/li>\n\n\n\n<li><a href='?page_no=14616'>14616<\/a><\/li>\n\n\n\n<li><a href='?page_no=14617'>14617<\/a><\/li>\n\n\n\n<li><a>...<\/a><\/li>\n\n\n\n<li><a href='?page_no=30472'>30472<\/a><\/li>\n\n\n\n<li><a href='?page_no=30473'>30473<\/a><\/li>\n\n    \n\t\n\n<li >\n\t<a href='?page_no=14616'>Next<\/a>\n\t<\/li>\n\n\n    \n\n<li><a href='?page_no=30473'>Last &rsaquo;&rsaquo;<\/a><\/li>\n\n<\/ul>\n\n\n--><br \/>\n<\/body><\/p>\n","protected":false},"excerpt":{"rendered":"<p>SANTO DOMINGO, RD, 15 de Octubre.- El Presidente Danilo Medina encabez\u00f3 el almuerzo anual conmemorativo al 25 aniversario de la Asociaci\u00f3n Dominicana de Zonas Francas (Adozona). En el acto, el presidente de esa instituci\u00f3n, Aquiles Berm\u00fadez dijo que las zonas francas aportan significativamente al pa\u00eds, en t\u00e9rminos econ\u00f3micos y sociales. Berm\u00fadez, explic\u00f3 que el Pacto [&hellip;]<\/p>\n","protected":false},"author":3,"featured_media":0,"comment_status":"open","ping_status":"open","sticky":false,"template":"","format":"standard","meta":{"footnotes":""},"categories":[18],"tags":[],"class_list":["post-99126","post","type-post","status-publish","format-standard","hentry","category-economia"],"_links":{"self":[{"href":"https:\/\/diariodominicano.com\/index.php?rest_route=\/wp\/v2\/posts\/99126","targetHints":{"allow":["GET"]}}],"collection":[{"href":"https:\/\/diariodominicano.com\/index.php?rest_route=\/wp\/v2\/posts"}],"about":[{"href":"https:\/\/diariodominicano.com\/index.php?rest_route=\/wp\/v2\/types\/post"}],"author":[{"embeddable":true,"href":"https:\/\/diariodominicano.com\/index.php?rest_route=\/wp\/v2\/users\/3"}],"replies":[{"embeddable":true,"href":"https:\/\/diariodominicano.com\/index.php?rest_route=%2Fwp%2Fv2%2Fcomments&post=99126"}],"version-history":[{"count":0,"href":"https:\/\/diariodominicano.com\/index.php?rest_route=\/wp\/v2\/posts\/99126\/revisions"}],"wp:attachment":[{"href":"https:\/\/diariodominicano.com\/index.php?rest_route=%2Fwp%2Fv2%2Fmedia&parent=99126"}],"wp:term":[{"taxonomy":"category","embeddable":true,"href":"https:\/\/diariodominicano.com\/index.php?rest_route=%2Fwp%2Fv2%2Fcategories&post=99126"},{"taxonomy":"post_tag","embeddable":true,"href":"https:\/\/diariodominicano.com\/index.php?rest_route=%2Fwp%2Fv2%2Ftags&post=99126"}],"curies":[{"name":"wp","href":"https:\/\/api.w.org\/{rel}","templated":true}]}}