{"id":99119,"date":"2013-10-16T16:08:17","date_gmt":"2013-10-16T16:08:17","guid":{"rendered":"http:\/\/diariodominicano.ddns.net\/?p=99119"},"modified":"2013-10-16T16:08:17","modified_gmt":"2013-10-16T16:08:17","slug":"consejero-comercio-de-canada-se-reune-con-acis","status":"publish","type":"post","link":"https:\/\/diariodominicano.com\/?p=99119","title":{"rendered":"Consejero Comercio de C\u00e1nada se re\u00fane con ACIS"},"content":{"rendered":"<p><body><\/p>\n<p><span class=\"text1noticias\">Santiago, RD, 16 de Octubre.-La embajada del C\u00e1nada en el pa\u00eds y el Gobierno dominicano se proponen firmar un acuerdo para contratar mano de obra en el sector servicios en esa naci\u00f3n\u00bb, afirm\u00f3 a en Santiago, el se\u00f1or Alad\u00edn  Legault, agregado Comercial de esa legaci\u00f3n diplom\u00e1tica.<\/span><\/p>\n<\/p>\n<p><span class=\"text1noticias\">  Igualmente, durante una visita de cortes\u00eda a la Asociaci\u00f3n de Comerciantes e Industriales de Santiago (ACIS), dijo que las negociaciones comerciales de ambas naciones rondan los 500 millones de d\u00f3lares al a\u00f1o.<\/span><\/p>\n<\/p>\n<p><span class=\"text1noticias\"> A juicio del representante comercial del C\u00e1nada, la demanda de su pa\u00eds es en el \u00e1rea de servicios, pero sobre todo el turismo.<\/span><\/p>\n<\/p>\n<p><span class=\"text1noticias\"> \u00abYa tenemos el acuerdo listo, aunque faltan detalles y firmarlo, a\u00fan\u00bb, agreg\u00f3 el encargado de negocios canadiense en esta ciudad.<\/span><\/p>\n<\/p>\n<p><span class=\"text1noticias\"> Legault se reuni\u00f3 con la Junta Directiva de la ACIS, encabezada por el presidente Sandy Filpo, quien dio la bienvenida a la misi\u00f3n y consider\u00f3 importante que analicen el comercio del C\u00e1nada con los empresarios de Santiago.<\/span><\/p>\n<\/p>\n<p><span class=\"text1noticias\"> Filpo al pronunciar las palabras de apertura del encuentro, dijo que esta reuni\u00f3n es parte del 52 aniversario de fundaci\u00f3n de la ACIS. Sostuvo que el objetivo es tratar de abrir el mercado canadiense a los productos dominicanos y eliminar trabas burocr\u00e1ticas.<\/span><\/p>\n<\/p>\n<p><span class=\"text1noticias\"> Resalt\u00f3 la importancia del mercado canadiense para la Rep\u00fablica Dominicana, pero adem\u00e1s ver como sus asociados pueden acceder a pr\u00e9stamos  blandos dentro del programa de las peque\u00f1as empresas de la ACIS.<\/span><\/p>\n<\/p>\n<p><span class=\"text1noticias\"> Igualmente, promover alg\u00fan tipo de alianza estrategia con alguna empresa canadiense y tener la oportunidad de crecer en el mercado exterior, a fin de cumplir el sue\u00f1o de colocar sus productos en un mercado m\u00e1s grande.<\/span><\/p>\n<\/p>\n<p><span class=\"text1noticias\">  De su lado, el se\u00f1or Aladin Lagault, consejero comercial de la embajada del C\u00e1nada, dijo que esta visita es un esfuerzo de ver c\u00f3mo pueden promover las empresas de Santiago h la zona Norte en su pa\u00eds.<\/span><\/p>\n<\/p>\n<p><span class=\"text1noticias\"> Dijo que la relaci\u00f3n comercial de Canad\u00e1 y la Rep\u00fablica Dominicana ha crecido, aunque los dominicanos exportan m\u00e1s productos que los canadienses.<\/span><\/p>\n<\/p>\n<p><span class=\"text1noticias\"> Sostuvo que actualmente, los dominicanos exportan alrededor de 250 millones de d\u00f3lares al a\u00f1o y los canadienses unos 200 millones, aunque se\u00f1al\u00f3 que rondan los 500 millones al a\u00f1o.<\/span><\/p>\n<\/p>\n<p><span class=\"text1noticias\">   Indic\u00f3 el agregado de comercio del C\u00e1nada que los dominicanos exportan cacao, caf\u00e9, vegetales orientales o chinos, frutas diversas.(HG)<\/span>.<\/p>\n<h6> 2013-10-16 16:08:17 <\/h6>\n<p><!--\n<link rel=\"stylesheet\" href=\"css\/bootstrap.min.css\">\n\n\n<ul class=\"pagination\">\n\t    \n\t\n\n<li >\n\t<a href='?page_no=14608'>Previous<\/a>\n\t<\/li>\n\n\n       \n    \n\n<li><a href='?page_no=1'>1<\/a><\/li>\n\n\n\n<li><a href='?page_no=2'>2<\/a><\/li>\n\n\n\n<li><a>...<\/a><\/li>\n\n\n\n<li><a href='?page_no=14607'>14607<\/a><\/li>\n\n\n\n<li><a href='?page_no=14608'>14608<\/a><\/li>\n\n\n\n<li class='active'><a>14609<\/a><\/li>\n\n\n\n<li><a href='?page_no=14610'>14610<\/a><\/li>\n\n\n\n<li><a href='?page_no=14611'>14611<\/a><\/li>\n\n\n\n<li><a>...<\/a><\/li>\n\n\n\n<li><a href='?page_no=30472'>30472<\/a><\/li>\n\n\n\n<li><a href='?page_no=30473'>30473<\/a><\/li>\n\n    \n\t\n\n<li >\n\t<a href='?page_no=14610'>Next<\/a>\n\t<\/li>\n\n\n    \n\n<li><a href='?page_no=30473'>Last &rsaquo;&rsaquo;<\/a><\/li>\n\n<\/ul>\n\n\n--><br \/>\n<\/body><\/p>\n","protected":false},"excerpt":{"rendered":"<p>Santiago, RD, 16 de Octubre.-La embajada del C\u00e1nada en el pa\u00eds y el Gobierno dominicano se proponen firmar un acuerdo para contratar mano de obra en el sector servicios en esa naci\u00f3n\u00bb, afirm\u00f3 a en Santiago, el se\u00f1or Alad\u00edn Legault, agregado Comercial de esa legaci\u00f3n diplom\u00e1tica. Igualmente, durante una visita de cortes\u00eda a la Asociaci\u00f3n [&hellip;]<\/p>\n","protected":false},"author":3,"featured_media":0,"comment_status":"open","ping_status":"open","sticky":false,"template":"","format":"standard","meta":{"footnotes":""},"categories":[18],"tags":[],"class_list":["post-99119","post","type-post","status-publish","format-standard","hentry","category-economia"],"_links":{"self":[{"href":"https:\/\/diariodominicano.com\/index.php?rest_route=\/wp\/v2\/posts\/99119","targetHints":{"allow":["GET"]}}],"collection":[{"href":"https:\/\/diariodominicano.com\/index.php?rest_route=\/wp\/v2\/posts"}],"about":[{"href":"https:\/\/diariodominicano.com\/index.php?rest_route=\/wp\/v2\/types\/post"}],"author":[{"embeddable":true,"href":"https:\/\/diariodominicano.com\/index.php?rest_route=\/wp\/v2\/users\/3"}],"replies":[{"embeddable":true,"href":"https:\/\/diariodominicano.com\/index.php?rest_route=%2Fwp%2Fv2%2Fcomments&post=99119"}],"version-history":[{"count":0,"href":"https:\/\/diariodominicano.com\/index.php?rest_route=\/wp\/v2\/posts\/99119\/revisions"}],"wp:attachment":[{"href":"https:\/\/diariodominicano.com\/index.php?rest_route=%2Fwp%2Fv2%2Fmedia&parent=99119"}],"wp:term":[{"taxonomy":"category","embeddable":true,"href":"https:\/\/diariodominicano.com\/index.php?rest_route=%2Fwp%2Fv2%2Fcategories&post=99119"},{"taxonomy":"post_tag","embeddable":true,"href":"https:\/\/diariodominicano.com\/index.php?rest_route=%2Fwp%2Fv2%2Ftags&post=99119"}],"curies":[{"name":"wp","href":"https:\/\/api.w.org\/{rel}","templated":true}]}}