{"id":99118,"date":"2013-10-16T18:41:23","date_gmt":"2013-10-16T18:41:23","guid":{"rendered":"http:\/\/diariodominicano.ddns.net\/?p=99118"},"modified":"2013-10-16T18:41:23","modified_gmt":"2013-10-16T18:41:23","slug":"afirma-rd-aumenta-produccion-de-los-principales-rubros-agropecuarios","status":"publish","type":"post","link":"https:\/\/diariodominicano.com\/?p=99118","title":{"rendered":"&#13;Afirma RD aumenta producci\u00f3n  de los principales rubros agropecuarios"},"content":{"rendered":"<p><body><\/p>\n<\/p>\n<\/p>\n<p><span class=\"text1noticias\">Santo Domingo, RD, 16 de octubre.- El ministro de Agricultura, Luis Ram\u00f3n Rodr\u00edguez, afirm\u00f3  que en los \u00faltimos a\u00f1os, el pa\u00eds ha logrado aumentar la producci\u00f3n de los principales rubros agropecuarios, lo que ha fortalecido la seguridad alimentaria de la poblaci\u00f3n.<\/span><\/p>\n<\/p>\n<p><span class=\"text1noticias\">Al hablar en el acto del D\u00eda Mundial de la Alimentaci\u00f3n, que se celebr\u00f3 en el Merca Santo Domingo, con la presencia de la Vicepresidenta de la Rep\u00fablica, Margarita Cede\u00f1o de Fern\u00e1ndez, el funcionario dijo que ese logro ha permitido alcanzar un 100 por ciento en el consumo de arroz, pl\u00e1tano y huevo de producci\u00f3n nacional; 76 por ciento de habichuelas, y 98, 96 y 88 por ciento de carnes de res, pollo y cerdo, respectivamente.<\/span><\/p>\n<\/p>\n<p><span class=\"text1noticias\">El ministro Rodr\u00edguez calific\u00f3 de atinadas y oportunas las pol\u00edticas p\u00fablicas agropecuarias implementadas por el presidente Danilo Medina, las que asegura permitir\u00e1n que Rep\u00fablica Dominicana alcance en el futuro cercano un nivel de excelencia en materia de alimentaci\u00f3n.<\/span><\/p>\n<\/p>\n<p><span class=\"text1noticias\">Dijo que desde el Gabinete Agropecuario se ejecutan medidas educativas agr\u00edcolas, sanitarias y comerciales, con el prop\u00f3sito de proveer a la poblaci\u00f3n alimentos sanos y de alta calidad, que garanticen su seguridad alimentaria.<\/span><\/p>\n<\/p>\n<p><span class=\"text1noticias\">\u00abLa mejor\u00eda de la calidad de la alimentaci\u00f3n, tanto en lo que respecta a la diversificaci\u00f3n, como al aumento de los principios nutritivos que contienen, es el principal inter\u00e9s del Gobierno\u00bb, expres\u00f3 el funcionario ante productores, comerciantes, consumidores, funcionarios y representantes de organismos nacionales e internacionales presentes.<\/span><\/p>\n<\/p>\n<p><span class=\"text1noticias\">Como medidas tendentes a garantizar esa meta, Rodr\u00edguez dijo que el Gobierno interviene a trav\u00e9s del Programa  Solidaridad, proveyendo fondos p\u00fablicos para la compra de alimentos a 1,200,000 familias que a\u00fan viven en pobreza extrema; el Programa de Alimentaci\u00f3n Escolar que persigue proveer, en una primera etapa,  desayuno y almuerzo a los alumnos de los primeros cuatro grados de primaria, as\u00ed como el Programa Quisqueya Empieza Contigo, que persigue la construcci\u00f3n de  unas 250 nuevas Estancias Infantiles y mil Centros Comunitarios de Atenci\u00f3n Integral a la Infancia y la Familia, para beneficiar a unos 650 mil ni\u00f1os y ni\u00f1as.<\/span><\/p>\n<\/p>\n<p><span class=\"text1noticias\">Destac\u00f3 como elementos importantes en el proceso de mitigaci\u00f3n del hambre y la pobreza, especialmente en la zona rural, la intervenci\u00f3n del Gobierno a trav\u00e9s de la distribuci\u00f3n de tierra; alimentos subsidiados; construcci\u00f3n de infraestructura de riego, as\u00ed como la distribuci\u00f3n de semillas, fertilizantes y plaguicidas.<\/span><\/p>\n<\/p>\n<p><span class=\"text1noticias\">Para cumplir con esa meta, Rodr\u00edguez tambi\u00e9n destac\u00f3 los esfuerzos del Ministerio de Agricultura y la Vicepresidencia de la Rep\u00fablica para construir en todo el pa\u00eds 281 mil huertos familiares, 9 mil 500 de los cuales ya est\u00e1n establecidos.<\/span><\/p>\n<\/p>\n<p><span class=\"text1noticias\">En ese sentido, la vicepresidenta Cede\u00f1o de Fern\u00e1ndez, tambi\u00e9n Embajadora Extraordinaria de la FAO, resalt\u00f3 los avances del pa\u00eds en materia de seguridad alimentaria, lo que asegura colocan a Rep\u00fablica Dominicana a la vanguardia en el cumplimiento n\u00famero uno de los Objetivos del Desarrollo del Milenio, establecidos por la Organizaci\u00f3n de las Naciones Unidas (ONU).<\/span><\/p>\n<\/p>\n<p><span class=\"text1noticias\">Record\u00f3 que el D\u00eda Mundial de la Alimentaci\u00f3n es celebrado cuatro meses despu\u00e9s de que la FAO felicitara al pa\u00eds, por haber logrado, junto a otras 37 naciones, y con dos a\u00f1os de anticipaci\u00f3n, los objetivos del programa \u00abReto del Hambre Cero\u00bb, que procura el acceso de la poblaci\u00f3n a una alimentaci\u00f3n adecuada, y la seguridad en la sostenibilidad del sistema alimentario, entre otros.<\/span><\/p>\n<\/p>\n<p><span class=\"text1noticias\">En el acto tambi\u00e9n habl\u00f3 el representante de la Organizaci\u00f3n de las Naciones Unidas para la Agricultura y la Alimentaci\u00f3n (FAO), en el pa\u00eds, Gero Vaagt, quien dijo que el sector agropecuario dominicano ha sido y seguir\u00e1 siendo un proveedor importante de divisas, empleos e ingresos, a trav\u00e9s de su encadenamiento con otros sectores, contribuyendo de manera significativa al desarrollo nacional.<\/span><\/p>\n<\/p>\n<p><span class=\"text1noticias\">Adem\u00e1s de Rodr\u00edguez, Gero Vaag y Margarita Cede\u00f1o, en el acto estuvieron Radham\u00e9s Valenzuela, director del Instituto Agrario Dominicano (IAD); Antonio L\u00f3pez, del Fondo Especializado para el Desarrollo Agropecuario (Feda); C\u00e9sar Paniagua, presidente de la Junta Agroempresarial Dominicana (JAD); Olgo Fern\u00e1ndez, director del Instituto Nacional de Recursos Hidr\u00e1ulicos (INDRHI); \u00c1ngel Est\u00e9vez, administrador del Banco Agr\u00edcola,  Hecmilio Galv\u00e1n, de la Confederaci\u00f3n Nacional de Productores Agropecuarios (Confenagro), y Manuel Serrano, viceministro de Medio Ambiente y Recursos naturales, quien ostent\u00f3 la representaci\u00f3n del ministro Bautista Rojas G\u00f3mez.<\/span><\/p>\n<\/p>\n<h6> 2013-10-16 18:41:23 <\/h6>\n<p><!--\n<link rel=\"stylesheet\" href=\"css\/bootstrap.min.css\">\n\n\n<ul class=\"pagination\">\n\t    \n\t\n\n<li >\n\t<a href='?page_no=14607'>Previous<\/a>\n\t<\/li>\n\n\n       \n    \n\n<li><a href='?page_no=1'>1<\/a><\/li>\n\n\n\n<li><a href='?page_no=2'>2<\/a><\/li>\n\n\n\n<li><a>...<\/a><\/li>\n\n\n\n<li><a href='?page_no=14606'>14606<\/a><\/li>\n\n\n\n<li><a href='?page_no=14607'>14607<\/a><\/li>\n\n\n\n<li class='active'><a>14608<\/a><\/li>\n\n\n\n<li><a href='?page_no=14609'>14609<\/a><\/li>\n\n\n\n<li><a href='?page_no=14610'>14610<\/a><\/li>\n\n\n\n<li><a>...<\/a><\/li>\n\n\n\n<li><a href='?page_no=30472'>30472<\/a><\/li>\n\n\n\n<li><a href='?page_no=30473'>30473<\/a><\/li>\n\n    \n\t\n\n<li >\n\t<a href='?page_no=14609'>Next<\/a>\n\t<\/li>\n\n\n    \n\n<li><a href='?page_no=30473'>Last &rsaquo;&rsaquo;<\/a><\/li>\n\n<\/ul>\n\n\n--><br \/>\n<\/body><\/p>\n","protected":false},"excerpt":{"rendered":"<p>Santo Domingo, RD, 16 de octubre.- El ministro de Agricultura, Luis Ram\u00f3n Rodr\u00edguez, afirm\u00f3 que en los \u00faltimos a\u00f1os, el pa\u00eds ha logrado aumentar la producci\u00f3n de los principales rubros agropecuarios, lo que ha fortalecido la seguridad alimentaria de la poblaci\u00f3n. Al hablar en el acto del D\u00eda Mundial de la Alimentaci\u00f3n, que se celebr\u00f3 [&hellip;]<\/p>\n","protected":false},"author":3,"featured_media":0,"comment_status":"open","ping_status":"open","sticky":false,"template":"","format":"standard","meta":{"footnotes":""},"categories":[18],"tags":[],"class_list":["post-99118","post","type-post","status-publish","format-standard","hentry","category-economia"],"_links":{"self":[{"href":"https:\/\/diariodominicano.com\/index.php?rest_route=\/wp\/v2\/posts\/99118","targetHints":{"allow":["GET"]}}],"collection":[{"href":"https:\/\/diariodominicano.com\/index.php?rest_route=\/wp\/v2\/posts"}],"about":[{"href":"https:\/\/diariodominicano.com\/index.php?rest_route=\/wp\/v2\/types\/post"}],"author":[{"embeddable":true,"href":"https:\/\/diariodominicano.com\/index.php?rest_route=\/wp\/v2\/users\/3"}],"replies":[{"embeddable":true,"href":"https:\/\/diariodominicano.com\/index.php?rest_route=%2Fwp%2Fv2%2Fcomments&post=99118"}],"version-history":[{"count":0,"href":"https:\/\/diariodominicano.com\/index.php?rest_route=\/wp\/v2\/posts\/99118\/revisions"}],"wp:attachment":[{"href":"https:\/\/diariodominicano.com\/index.php?rest_route=%2Fwp%2Fv2%2Fmedia&parent=99118"}],"wp:term":[{"taxonomy":"category","embeddable":true,"href":"https:\/\/diariodominicano.com\/index.php?rest_route=%2Fwp%2Fv2%2Fcategories&post=99118"},{"taxonomy":"post_tag","embeddable":true,"href":"https:\/\/diariodominicano.com\/index.php?rest_route=%2Fwp%2Fv2%2Ftags&post=99118"}],"curies":[{"name":"wp","href":"https:\/\/api.w.org\/{rel}","templated":true}]}}