{"id":99114,"date":"2013-10-16T18:56:37","date_gmt":"2013-10-16T18:56:37","guid":{"rendered":"http:\/\/diariodominicano.ddns.net\/?p=99114"},"modified":"2013-10-16T18:56:37","modified_gmt":"2013-10-16T18:56:37","slug":"edesur-se-plantea-bajar-tres-puntos-a-perdidas","status":"publish","type":"post","link":"https:\/\/diariodominicano.com\/?p=99114","title":{"rendered":"Edesur se plantea bajar tres puntos a p\u00e9rdidas"},"content":{"rendered":"<p><body><\/p>\n<p><img decoding=\"async\" src=\"img3\/ede 16.jpeg\" \/>  <\/p>\n<p>Santo Domingo RD 16 octubre.- La Empresa Distribuidora de Electricidad del Sur (Edesur) inform\u00f3 que realiz\u00f3  su jornada de planificaci\u00f3n estrat\u00e9gica 2014, en la que deline\u00f3 los planes, proyectos y estrategias para reducir las p\u00e9rdidas en tres puntos porcentuales y mejorar la gesti\u00f3n de la prestadora durante el pr\u00f3ximo a\u00f1o.<\/p>\n<\/p>\n<p>La actividad fue realizada durante tres d\u00edas consecutivos en un hotel de esta ciudad, encabezada por el administrador Rub\u00e9n Mont\u00e1s, y el presidente del consejo de administraci\u00f3n, Juan Carlos Segura, con la participaci\u00f3n de los directores, gerentes y subgerentes de la distribuidora de electricidad.<\/p>\n<\/p>\n<p>Mont\u00e1s llam\u00f3 a los integrantes de lo que denomina primera l\u00ednea de la empresa a comprometerse a desarrollar los planes y estrategias emanados de esta jornada, de manera que al terminar 2014 se hayan logrado los objetivos trazados para estos fines.<\/p>\n<\/p>\n<p>Dijo confiar en que el equipo de trabajo con que cuenta Edesur en las diferentes \u00e1reas y unidades, trabaje incansablemente para lograr lo propuesto de manera integral, y as\u00ed contribuir con la mejor\u00eda del sector el\u00e9ctrico del pa\u00eds.<\/p>\n<\/p>\n<p>\u00abEntendamos bien que este ejercicio que hemos hecho no es un mero formalismo, es un compromiso que nace de lo m\u00e1s profundo de cada uno de nosotros\u00bb, enfatiz\u00f3 Mont\u00e1s.<\/p>\n<\/p>\n<p>De su lado, el presidente del consejo de administraci\u00f3n, Juan Carlos Segura, reconoci\u00f3 la calidad de los t\u00e9cnicos y funcionarios que tiene Edesur para solucionar de una vez y por todas el problema del sector el\u00e9ctrico.<\/p>\n<\/p>\n<p>En ese sentido, dijo que el equipo que integra Edesur en la actualidad puede convertirse en el que realice la mejor gesti\u00f3n que jam\u00e1s haya tenido esta empresa en los \u00faltimos a\u00f1os.<\/p>\n<\/p>\n<p>Entre los puntos o planes estrat\u00e9gicos a impulsar por Edesur en 2014 est\u00e1n la implementaci\u00f3n de un proyecto de inversi\u00f3n en 14 circuitos del plan integral y la implementaci\u00f3n del sistema de telemedici\u00f3n para disminuir p\u00e9rdidas por circuitos. <\/p>\n<\/p>\n<p>Adem\u00e1s un plan de reducci\u00f3n de p\u00e9rdidas focalizado a la mejor cartera de clientes e intensificaci\u00f3n de persecuci\u00f3n del fraude en zonas de mayor concentraci\u00f3n de la demanda. <\/p>\n<\/p>\n<p>Asimismo, la reducci\u00f3n de la deficiencia en los procesos internos a trav\u00e9s del uso del capital humano, y crear una cultura de servicio para producir nuevos paradigmas de atenci\u00f3n al cliente. <\/p>\n<h6> 2013-10-16 18:56:37 <\/h6>\n<p><!--\n<link rel=\"stylesheet\" href=\"css\/bootstrap.min.css\">\n\n\n<ul class=\"pagination\">\n\t    \n\t\n\n<li >\n\t<a href='?page_no=14603'>Previous<\/a>\n\t<\/li>\n\n\n       \n    \n\n<li><a href='?page_no=1'>1<\/a><\/li>\n\n\n\n<li><a href='?page_no=2'>2<\/a><\/li>\n\n\n\n<li><a>...<\/a><\/li>\n\n\n\n<li><a href='?page_no=14602'>14602<\/a><\/li>\n\n\n\n<li><a href='?page_no=14603'>14603<\/a><\/li>\n\n\n\n<li class='active'><a>14604<\/a><\/li>\n\n\n\n<li><a href='?page_no=14605'>14605<\/a><\/li>\n\n\n\n<li><a href='?page_no=14606'>14606<\/a><\/li>\n\n\n\n<li><a>...<\/a><\/li>\n\n\n\n<li><a href='?page_no=30472'>30472<\/a><\/li>\n\n\n\n<li><a href='?page_no=30473'>30473<\/a><\/li>\n\n    \n\t\n\n<li >\n\t<a href='?page_no=14605'>Next<\/a>\n\t<\/li>\n\n\n    \n\n<li><a href='?page_no=30473'>Last &rsaquo;&rsaquo;<\/a><\/li>\n\n<\/ul>\n\n\n--><br \/>\n<\/body><\/p>\n","protected":false},"excerpt":{"rendered":"<p>Santo Domingo RD 16 octubre.- La Empresa Distribuidora de Electricidad del Sur (Edesur) inform\u00f3 que realiz\u00f3 su jornada de planificaci\u00f3n estrat\u00e9gica 2014, en la que deline\u00f3 los planes, proyectos y estrategias para reducir las p\u00e9rdidas en tres puntos porcentuales y mejorar la gesti\u00f3n de la prestadora durante el pr\u00f3ximo a\u00f1o. La actividad fue realizada durante [&hellip;]<\/p>\n","protected":false},"author":3,"featured_media":0,"comment_status":"open","ping_status":"open","sticky":false,"template":"","format":"standard","meta":{"footnotes":""},"categories":[18],"tags":[],"class_list":["post-99114","post","type-post","status-publish","format-standard","hentry","category-economia"],"_links":{"self":[{"href":"https:\/\/diariodominicano.com\/index.php?rest_route=\/wp\/v2\/posts\/99114","targetHints":{"allow":["GET"]}}],"collection":[{"href":"https:\/\/diariodominicano.com\/index.php?rest_route=\/wp\/v2\/posts"}],"about":[{"href":"https:\/\/diariodominicano.com\/index.php?rest_route=\/wp\/v2\/types\/post"}],"author":[{"embeddable":true,"href":"https:\/\/diariodominicano.com\/index.php?rest_route=\/wp\/v2\/users\/3"}],"replies":[{"embeddable":true,"href":"https:\/\/diariodominicano.com\/index.php?rest_route=%2Fwp%2Fv2%2Fcomments&post=99114"}],"version-history":[{"count":0,"href":"https:\/\/diariodominicano.com\/index.php?rest_route=\/wp\/v2\/posts\/99114\/revisions"}],"wp:attachment":[{"href":"https:\/\/diariodominicano.com\/index.php?rest_route=%2Fwp%2Fv2%2Fmedia&parent=99114"}],"wp:term":[{"taxonomy":"category","embeddable":true,"href":"https:\/\/diariodominicano.com\/index.php?rest_route=%2Fwp%2Fv2%2Fcategories&post=99114"},{"taxonomy":"post_tag","embeddable":true,"href":"https:\/\/diariodominicano.com\/index.php?rest_route=%2Fwp%2Fv2%2Ftags&post=99114"}],"curies":[{"name":"wp","href":"https:\/\/api.w.org\/{rel}","templated":true}]}}