{"id":99113,"date":"2013-10-16T19:18:59","date_gmt":"2013-10-16T19:18:59","guid":{"rendered":"http:\/\/diariodominicano.ddns.net\/?p=99113"},"modified":"2013-10-16T19:18:59","modified_gmt":"2013-10-16T19:18:59","slug":"canada-contratara-trabajadores-de-rd-para-sector-servicio-en-esa-nacion","status":"publish","type":"post","link":"https:\/\/diariodominicano.com\/?p=99113","title":{"rendered":"Canad\u00e1 contratar\u00e1 trabajadores de RD para sector servicio en esa naci\u00f3n"},"content":{"rendered":"<p><body><\/p>\n<p><img decoding=\"async\" src=\"img3\/canada 16.php.html\" \/>  <\/p>\n<p>Santo Domingo RD 16 octubre.- La embajada del Canad\u00e1 y el Gobierno de Rep\u00fablica Dominicana firmar\u00e1n un acuerdo para llevar mano de obra criolla al sector servicios en esa naci\u00f3n.<\/p>\n<\/p>\n<p>Alad\u00edn  Legault, agregado Comercial de esa delegaci\u00f3n diplom\u00e1tica, hizo el anuncio durante una visita a la Asociaci\u00f3n de Comerciantes e Industriales de Santiago (ACIS) donde dijo que las negociaciones de ambas naciones rondan los 500 millones de d\u00f3lares al a\u00f1o.<\/p>\n<\/p>\n<p>El presidente de ACIS, Sandy Filpo, consider\u00f3 importante el acuerdo que ya est\u00e1 listo para la firma y que llevar\u00e1 criollos a trabajar en el sector tur\u00edstico de la referida naci\u00f3n.<\/p>\n<\/p>\n<p>\u00abEsta reuni\u00f3n es parte del 52 aniversario de nuestra fundaci\u00f3n y el objetivo es tratar de abrir el mercado canadiense a los productos dominicanos y eliminar trabas burocr\u00e1ticas\u00bb, expres\u00f3.<\/p>\n<\/p>\n<p>Resalt\u00f3 la importancia del mercado canadiense para los dominicanos y la posibilidad de que los socios de la entidad puedan acceder a pr\u00e9stamos blandos.<\/p>\n<h6> 2013-10-16 19:18:59 <\/h6>\n<p><!--\n<link rel=\"stylesheet\" href=\"css\/bootstrap.min.css\">\n\n\n<ul class=\"pagination\">\n\t    \n\t\n\n<li >\n\t<a href='?page_no=14602'>Previous<\/a>\n\t<\/li>\n\n\n       \n    \n\n<li><a href='?page_no=1'>1<\/a><\/li>\n\n\n\n<li><a href='?page_no=2'>2<\/a><\/li>\n\n\n\n<li><a>...<\/a><\/li>\n\n\n\n<li><a href='?page_no=14601'>14601<\/a><\/li>\n\n\n\n<li><a href='?page_no=14602'>14602<\/a><\/li>\n\n\n\n<li class='active'><a>14603<\/a><\/li>\n\n\n\n<li><a href='?page_no=14604'>14604<\/a><\/li>\n\n\n\n<li><a href='?page_no=14605'>14605<\/a><\/li>\n\n\n\n<li><a>...<\/a><\/li>\n\n\n\n<li><a href='?page_no=30472'>30472<\/a><\/li>\n\n\n\n<li><a href='?page_no=30473'>30473<\/a><\/li>\n\n    \n\t\n\n<li >\n\t<a href='?page_no=14604'>Next<\/a>\n\t<\/li>\n\n\n    \n\n<li><a href='?page_no=30473'>Last &rsaquo;&rsaquo;<\/a><\/li>\n\n<\/ul>\n\n\n--><br \/>\n<\/body><\/p>\n","protected":false},"excerpt":{"rendered":"<p>Santo Domingo RD 16 octubre.- La embajada del Canad\u00e1 y el Gobierno de Rep\u00fablica Dominicana firmar\u00e1n un acuerdo para llevar mano de obra criolla al sector servicios en esa naci\u00f3n. Alad\u00edn Legault, agregado Comercial de esa delegaci\u00f3n diplom\u00e1tica, hizo el anuncio durante una visita a la Asociaci\u00f3n de Comerciantes e Industriales de Santiago (ACIS) donde [&hellip;]<\/p>\n","protected":false},"author":3,"featured_media":0,"comment_status":"open","ping_status":"open","sticky":false,"template":"","format":"standard","meta":{"footnotes":""},"categories":[18],"tags":[],"class_list":["post-99113","post","type-post","status-publish","format-standard","hentry","category-economia"],"_links":{"self":[{"href":"https:\/\/diariodominicano.com\/index.php?rest_route=\/wp\/v2\/posts\/99113","targetHints":{"allow":["GET"]}}],"collection":[{"href":"https:\/\/diariodominicano.com\/index.php?rest_route=\/wp\/v2\/posts"}],"about":[{"href":"https:\/\/diariodominicano.com\/index.php?rest_route=\/wp\/v2\/types\/post"}],"author":[{"embeddable":true,"href":"https:\/\/diariodominicano.com\/index.php?rest_route=\/wp\/v2\/users\/3"}],"replies":[{"embeddable":true,"href":"https:\/\/diariodominicano.com\/index.php?rest_route=%2Fwp%2Fv2%2Fcomments&post=99113"}],"version-history":[{"count":0,"href":"https:\/\/diariodominicano.com\/index.php?rest_route=\/wp\/v2\/posts\/99113\/revisions"}],"wp:attachment":[{"href":"https:\/\/diariodominicano.com\/index.php?rest_route=%2Fwp%2Fv2%2Fmedia&parent=99113"}],"wp:term":[{"taxonomy":"category","embeddable":true,"href":"https:\/\/diariodominicano.com\/index.php?rest_route=%2Fwp%2Fv2%2Fcategories&post=99113"},{"taxonomy":"post_tag","embeddable":true,"href":"https:\/\/diariodominicano.com\/index.php?rest_route=%2Fwp%2Fv2%2Ftags&post=99113"}],"curies":[{"name":"wp","href":"https:\/\/api.w.org\/{rel}","templated":true}]}}