{"id":99106,"date":"2013-10-17T16:10:45","date_gmt":"2013-10-17T16:10:45","guid":{"rendered":"http:\/\/diariodominicano.ddns.net\/?p=99106"},"modified":"2013-10-17T16:10:45","modified_gmt":"2013-10-17T16:10:45","slug":"en-puerto-plata-se-predico-e-insistio-anoche-en-las-ventajas-de-la-unidad-y-trabajo-en-equipo","status":"publish","type":"post","link":"https:\/\/diariodominicano.com\/?p=99106","title":{"rendered":"En Puerto Plata se predic\u00f3 e insisti\u00f3 anoche en las ventajas de la unidad y trabajo en equipo"},"content":{"rendered":"<p><body><\/p>\n<p><img decoding=\"async\" src=\"img3\/fausto 17.jpg\" \/>  <\/p>\n<p>Puerto Plata RD 17 octubre.- El Ministerio de Turismo est\u00e1 apoyando con hechos los esfuerzos que realizan las comunidades de la Costa Norte para el crecimiento de las llegadas de turistas y esto se refleja en los diversos proyectos que tiene en marcha y en otros que est\u00e1n en proceso de licitaci\u00f3n, dijo el viceministro Fausto Fern\u00e1ndez en la apertura del Discover Puerto Plata Marketplace, que tuvo lugar anoche en el Hotel Be Live Grand Marien.<\/p>\n<\/p>\n<p>Cit\u00f3 como ejemplo de infraestructuras para apoyar el turismo la planta de tratamiento de aguas residuales de Luper\u00f3n, las calles de Maim\u00f3n, Nava y el Lim\u00f3n. Como proyectos en fase de licitaci\u00f3n el remozamiento del centro hist\u00f3rico de Puerto Plata, la v\u00eda de acceso y el mobiliario p\u00fablico de Playa Grande en Luper\u00f3n, la construcci\u00f3n de los cuarteles de POLITUR en Cabarete y Sos\u00faa, la construcci\u00f3n del Parque de La Puntilla en el malec\u00f3n puertoplate\u00f1o, la  construcci\u00f3n de la Casa del Pescador en Sos\u00faa, el sal\u00f3n multiuso de Luper\u00f3n, la se\u00f1alizaci\u00f3n tur\u00edstica en toda la regi\u00f3n y la colocaci\u00f3n de una red de zafacones especiales en todas las playas para estimular la limpieza.<\/p>\n<\/p>\n<p>Fern\u00e1ndez destac\u00f3 que la principal ense\u00f1anza que deja la celebraci\u00f3n de la feria promocional de la Costa Norte es el valor del trabajo en equipo con la participaci\u00f3n de las organizaciones representativas de la comunidad y del Ministerio de Turismo.<\/p>\n<\/p>\n<p>Esta actividad realizada en equipo \u00abes una muy buena se\u00f1al de que caminamos en la direcci\u00f3n  correcta para el crecimiento de las llegadas de turistas a la regi\u00f3n\u00bb, dijo.<\/p>\n<\/p>\n<p>El tema de la unidad de las instituciones del sector privado y la coordinaci\u00f3n con el sector p\u00fablico fue la cuesti\u00f3n dominante en la jornada. A esto se refirieron adem\u00e1s el presidente del Cl\u00faster Tur\u00edstico de Puerto Plata, M\u00e1ximo Iglesias y el Presidente de la Asociaci\u00f3n de Hoteles de la Regi\u00f3n Norte, Luis Liriano.<\/p>\n<\/p>\n<p><strong>Puerto Plata resurge<\/strong><\/p>\n<\/p>\n<p>Liriano, adem\u00e1s anfitri\u00f3n de la feria en su condici\u00f3n de gerente general del hotel sede el Be Live Grand Mari\u00e9n, dijo que esta actividad \u00abmuestra el compromiso de su gente y la uni\u00f3n de todos los sectores, Esta feria nos representa a todos y confirma que Puerto Plata est\u00e1 viva, que estamos resurgiendo y que no hay obst\u00e1culo que no podamos vencer\u00bb.<\/p>\n<\/p>\n<p>Iglesias en su intervenci\u00f3n afirm\u00f3 que Puerto Plata est\u00e1 en una etapa de transformaci\u00f3n y renovaci\u00f3n de sus propuestas, y esto es evidente en el surgimiento de nuevos proyectos\u00bb.<\/p>\n<\/p>\n<p>Cit\u00f3 como se\u00f1ales de cambio la renovaci\u00f3n total del aeropuerto internacional, la construcci\u00f3n del puerto de Cruceros de Carnival, el programa de gesti\u00f3n tur\u00edstica basado en los recursos culturales que se realiza con apoyo del Banco Interamericano de <\/p>\n<\/p>\n<p>Desarrollo y dirige Karina Abott y  la apertura del Museo de Luper\u00f3n.<\/p>\n<p><strong>Noche de apertura<\/strong><\/p>\n<\/p>\n<p>En la noche de apertura estuvieron presentes Lorenzo Sancassani, director regional de Turismo, los expresidentes de ASONAHORES Rafael Blanco Canto y Luis L\u00f3pez, la alcaldesa de Sos\u00faa Ilana Newman, autoridades provinciales y empresarios tur\u00edsticos. <\/p>\n<\/p>\n<p>Discover Puerto Plata se celebra por segunda vez y es una de las tres ferias de promoci\u00f3n tur\u00edstica que tiene ahora este sector en el pa\u00eds y se suma a la de Santo Domingo y a DATE. Las dos primeras son regionales y de surgimiento reciente, y la \u00faltima tiene alcance regional y celebr\u00f3 en abril pasado su d\u00e9cimo quinta edici\u00f3n.<\/p>\n<\/p>\n<p>La estructura de esta cita de Puerto Plata es una mezcla de actividades para mostrar el destino a los invitados extranjeros jueves y viernes, junto con dos rondas de negocios. Adem\u00e1s, en el centro de convenciones del Be Live Grand Mari\u00e9n tiene lugar un sal\u00f3n de expositores en el que participan hoteles y otras empresas de servicios tur\u00edsticos complementarios presentes en la Costa Norte.<\/p>\n<\/p>\n<h6> 2013-10-17 16:10:45 <\/h6>\n<p><!--\n<link rel=\"stylesheet\" href=\"css\/bootstrap.min.css\">\n\n\n<ul class=\"pagination\">\n\t    \n\t\n\n<li >\n\t<a href='?page_no=14597'>Previous<\/a>\n\t<\/li>\n\n\n       \n    \n\n<li><a href='?page_no=1'>1<\/a><\/li>\n\n\n\n<li><a href='?page_no=2'>2<\/a><\/li>\n\n\n\n<li><a>...<\/a><\/li>\n\n\n\n<li><a href='?page_no=14596'>14596<\/a><\/li>\n\n\n\n<li><a href='?page_no=14597'>14597<\/a><\/li>\n\n\n\n<li class='active'><a>14598<\/a><\/li>\n\n\n\n<li><a href='?page_no=14599'>14599<\/a><\/li>\n\n\n\n<li><a href='?page_no=14600'>14600<\/a><\/li>\n\n\n\n<li><a>...<\/a><\/li>\n\n\n\n<li><a href='?page_no=30472'>30472<\/a><\/li>\n\n\n\n<li><a href='?page_no=30473'>30473<\/a><\/li>\n\n    \n\t\n\n<li >\n\t<a href='?page_no=14599'>Next<\/a>\n\t<\/li>\n\n\n    \n\n<li><a href='?page_no=30473'>Last &rsaquo;&rsaquo;<\/a><\/li>\n\n<\/ul>\n\n\n--><br \/>\n<\/body><\/p>\n","protected":false},"excerpt":{"rendered":"<p>Puerto Plata RD 17 octubre.- El Ministerio de Turismo est\u00e1 apoyando con hechos los esfuerzos que realizan las comunidades de la Costa Norte para el crecimiento de las llegadas de turistas y esto se refleja en los diversos proyectos que tiene en marcha y en otros que est\u00e1n en proceso de licitaci\u00f3n, dijo el viceministro [&hellip;]<\/p>\n","protected":false},"author":3,"featured_media":0,"comment_status":"open","ping_status":"open","sticky":false,"template":"","format":"standard","meta":{"footnotes":""},"categories":[18],"tags":[],"class_list":["post-99106","post","type-post","status-publish","format-standard","hentry","category-economia"],"_links":{"self":[{"href":"https:\/\/diariodominicano.com\/index.php?rest_route=\/wp\/v2\/posts\/99106","targetHints":{"allow":["GET"]}}],"collection":[{"href":"https:\/\/diariodominicano.com\/index.php?rest_route=\/wp\/v2\/posts"}],"about":[{"href":"https:\/\/diariodominicano.com\/index.php?rest_route=\/wp\/v2\/types\/post"}],"author":[{"embeddable":true,"href":"https:\/\/diariodominicano.com\/index.php?rest_route=\/wp\/v2\/users\/3"}],"replies":[{"embeddable":true,"href":"https:\/\/diariodominicano.com\/index.php?rest_route=%2Fwp%2Fv2%2Fcomments&post=99106"}],"version-history":[{"count":0,"href":"https:\/\/diariodominicano.com\/index.php?rest_route=\/wp\/v2\/posts\/99106\/revisions"}],"wp:attachment":[{"href":"https:\/\/diariodominicano.com\/index.php?rest_route=%2Fwp%2Fv2%2Fmedia&parent=99106"}],"wp:term":[{"taxonomy":"category","embeddable":true,"href":"https:\/\/diariodominicano.com\/index.php?rest_route=%2Fwp%2Fv2%2Fcategories&post=99106"},{"taxonomy":"post_tag","embeddable":true,"href":"https:\/\/diariodominicano.com\/index.php?rest_route=%2Fwp%2Fv2%2Ftags&post=99106"}],"curies":[{"name":"wp","href":"https:\/\/api.w.org\/{rel}","templated":true}]}}