{"id":99103,"date":"2013-10-17T17:55:22","date_gmt":"2013-10-17T17:55:22","guid":{"rendered":"http:\/\/diariodominicano.ddns.net\/?p=99103"},"modified":"2013-10-17T17:55:22","modified_gmt":"2013-10-17T17:55:22","slug":"nuevo-jefe-de-la-union-europea-visita-al-gobernador-del-banco-central","status":"publish","type":"post","link":"https:\/\/diariodominicano.com\/?p=99103","title":{"rendered":"Nuevo Jefe de la Uni\u00f3n Europea visita al Gobernador del Banco Central"},"content":{"rendered":"<p><body><\/p>\n<\/p>\n<p><span class=\"text1noticias\">Santo Domingo, RD, 17 de octubre.- El Gobernador del Banco Central, licenciado H\u00e9ctor Valdez Albizu, recibi\u00f3 la visita del nuevo Jefe de la delegaci\u00f3n de la Uni\u00f3n Europea en el pa\u00eds, Alberto Navarro, con quien comparti\u00f3 informaciones sobre la econom\u00eda local y acerca de los programas bilaterales de cooperaci\u00f3n, comercio e inversi\u00f3n.<\/span><\/p>\n<\/p>\n<p><span class=\"text1noticias\">Valdez Albizu augur\u00f3 a Navarro \u00e9xitos en su gesti\u00f3n diplom\u00e1tica en la Rep\u00fablica Dominicana y le reiter\u00f3 la colaboraci\u00f3n del Banco Central en materia de suministro oportuno de informaci\u00f3n sobre el desempe\u00f1o y las perspectivas de la econom\u00eda dominicana.<\/span><\/p>\n<\/p>\n<p><span class=\"text1noticias\">Alberto Navarro, de nacionalidad espa\u00f1ola, es licenciado en Derecho por la Universidad de Salamanca, con diplomas de Altos Estudios Internacionales, de la Escuela Diplom\u00e1tica y de la Academia de Derecho Internacional de La Haya (Pa\u00edses Bajos).<\/span><\/p>\n<\/p>\n<p><span class=\"text1noticias\">Tiene una vasta experiencia en la diplomacia, habiendo desempe\u00f1ado los cargos de  Embajador de Espa\u00f1a en el Reino de Marruecos y en la Rep\u00fablica Portuguesa, y de Secretario de Estado para la Uni\u00f3n Europea y Jefe de la Delegaci\u00f3n de la Comisi\u00f3n Europea en Brasil.<\/span><\/p>\n<\/p>\n<p><span class=\"text1noticias\">Las relaciones de la Uni\u00f3n Europea con la Rep\u00fablica Dominicana est\u00e1n regidas por el Acuerdo de Cotonou, un acuerdo internacional concluido en 2000 entre los pa\u00edses de la Uni\u00f3n Europea y los llamados pa\u00edses ACP (\u00c1frica, Caribe, Pac\u00edfico), abarcando los \u00e1mbitos pol\u00edtico, de comercio y de cooperaci\u00f3n al desarrollo.<\/span><\/p>\n<\/p>\n<h6> 2013-10-17 17:55:22 <\/h6>\n<p><!--\n<link rel=\"stylesheet\" href=\"css\/bootstrap.min.css\">\n\n\n<ul class=\"pagination\">\n\t    \n\t\n\n<li >\n\t<a href='?page_no=14594'>Previous<\/a>\n\t<\/li>\n\n\n       \n    \n\n<li><a href='?page_no=1'>1<\/a><\/li>\n\n\n\n<li><a href='?page_no=2'>2<\/a><\/li>\n\n\n\n<li><a>...<\/a><\/li>\n\n\n\n<li><a href='?page_no=14593'>14593<\/a><\/li>\n\n\n\n<li><a href='?page_no=14594'>14594<\/a><\/li>\n\n\n\n<li class='active'><a>14595<\/a><\/li>\n\n\n\n<li><a href='?page_no=14596'>14596<\/a><\/li>\n\n\n\n<li><a href='?page_no=14597'>14597<\/a><\/li>\n\n\n\n<li><a>...<\/a><\/li>\n\n\n\n<li><a href='?page_no=30472'>30472<\/a><\/li>\n\n\n\n<li><a href='?page_no=30473'>30473<\/a><\/li>\n\n    \n\t\n\n<li >\n\t<a href='?page_no=14596'>Next<\/a>\n\t<\/li>\n\n\n    \n\n<li><a href='?page_no=30473'>Last &rsaquo;&rsaquo;<\/a><\/li>\n\n<\/ul>\n\n\n--><br \/>\n<\/body><\/p>\n","protected":false},"excerpt":{"rendered":"<p>Santo Domingo, RD, 17 de octubre.- El Gobernador del Banco Central, licenciado H\u00e9ctor Valdez Albizu, recibi\u00f3 la visita del nuevo Jefe de la delegaci\u00f3n de la Uni\u00f3n Europea en el pa\u00eds, Alberto Navarro, con quien comparti\u00f3 informaciones sobre la econom\u00eda local y acerca de los programas bilaterales de cooperaci\u00f3n, comercio e inversi\u00f3n. Valdez Albizu augur\u00f3 [&hellip;]<\/p>\n","protected":false},"author":3,"featured_media":0,"comment_status":"open","ping_status":"open","sticky":false,"template":"","format":"standard","meta":{"footnotes":""},"categories":[18],"tags":[],"class_list":["post-99103","post","type-post","status-publish","format-standard","hentry","category-economia"],"_links":{"self":[{"href":"https:\/\/diariodominicano.com\/index.php?rest_route=\/wp\/v2\/posts\/99103","targetHints":{"allow":["GET"]}}],"collection":[{"href":"https:\/\/diariodominicano.com\/index.php?rest_route=\/wp\/v2\/posts"}],"about":[{"href":"https:\/\/diariodominicano.com\/index.php?rest_route=\/wp\/v2\/types\/post"}],"author":[{"embeddable":true,"href":"https:\/\/diariodominicano.com\/index.php?rest_route=\/wp\/v2\/users\/3"}],"replies":[{"embeddable":true,"href":"https:\/\/diariodominicano.com\/index.php?rest_route=%2Fwp%2Fv2%2Fcomments&post=99103"}],"version-history":[{"count":0,"href":"https:\/\/diariodominicano.com\/index.php?rest_route=\/wp\/v2\/posts\/99103\/revisions"}],"wp:attachment":[{"href":"https:\/\/diariodominicano.com\/index.php?rest_route=%2Fwp%2Fv2%2Fmedia&parent=99103"}],"wp:term":[{"taxonomy":"category","embeddable":true,"href":"https:\/\/diariodominicano.com\/index.php?rest_route=%2Fwp%2Fv2%2Fcategories&post=99103"},{"taxonomy":"post_tag","embeddable":true,"href":"https:\/\/diariodominicano.com\/index.php?rest_route=%2Fwp%2Fv2%2Ftags&post=99103"}],"curies":[{"name":"wp","href":"https:\/\/api.w.org\/{rel}","templated":true}]}}