{"id":99102,"date":"2013-10-17T18:02:13","date_gmt":"2013-10-17T18:02:13","guid":{"rendered":"http:\/\/diariodominicano.ddns.net\/?p=99102"},"modified":"2013-10-17T18:02:13","modified_gmt":"2013-10-17T18:02:13","slug":"cree-solucion-inmigracion-haitiana-supera-lo-juridico","status":"publish","type":"post","link":"https:\/\/diariodominicano.com\/?p=99102","title":{"rendered":"&#13;Cree soluci\u00f3n inmigraci\u00f3n haitiana supera lo jur\u00eddico &#13;"},"content":{"rendered":"<p><body><\/p>\n<\/p>\n<p>Santo Domingo, RD, 17 de octubre.- Un ex secretario ejecutivo de la Comisi\u00f3n Mixta Bilateral Dom\u00ednico-haitiana considera que aun cuando la decisi\u00f3n del Tribunal Constitucional sobre la inmigraci\u00f3n ilegal haitiana es correcta, la resoluci\u00f3n de ese problema requiere de medidas m\u00e1s econ\u00f3micas y sociales que jur\u00eddicas.  <\/p>\n<\/p>\n<p>Julio Ortega Tous record\u00f3 que el producto interno bruto haitiano en 1850 superaba al dominicano hasta 1960, cuando se igualaron, y es ahora quince veces mayor que el de ellos.<\/p>\n<\/p>\n<p>\u00abEs en la explicaci\u00f3n de ese proceso econ\u00f3mico, social e hist\u00f3rico  donde debe buscarse el porqu\u00e9 de esa gran inmigraci\u00f3n haitiana, una mano de obra que incide tanto en el pa\u00eds que determina incluso el bajo sistema salarial dominicano\u00bb, agreg\u00f3.<\/p>\n<\/p>\n<p>Entrevistado por Manuel Jim\u00e9nez y Felipe Cipri\u00e1n en Propuesta de la Noche por Digital 15, Ortega Tous dijo que tambi\u00e9n es ese proceso el que explica el porqu\u00e9 es tan bajo el salario promedio del pa\u00eds respecto al nivel y a la distribuci\u00f3n de la riqueza nacional.<\/p>\n<\/p>\n<p>\u00abCreo que estos factores son los m\u00e1s importantes en este asunto, y por eso en la Comisi\u00f3n Mixta trat\u00e1bamos siempre de elaborar proyectos, de concertar acuerdos y de negociar para facilitar a Hait\u00ed un r\u00e1pido crecimiento\u00bb, dijo. <\/p>\n<\/p>\n<p>Considera que ese problema tampoco se resuelve con la ayuda internacional a Hait\u00ed, que hoy financia el gasto corriente de su presupuesto con el 70% de donaciones y el gasto de capital con casi el 100%.<\/p>\n<\/p>\n<p>Ortega Tous dijo que ante tal realidad, a la Rep\u00fablica Dominicana corresponde actuar desde la Comisi\u00f3n Mixta Bilateral como un pivote que coadyuve al crecimiento de la parte occidental de esta isla compartida por dos estados.<\/p>\n<\/p>\n<p>En lo jur\u00eddico dijo que la decisi\u00f3n del Tribunal Constitucional no niega la nacionalidad a los hijos de indocumentados nacidos en el pa\u00eds a partir de 1929 sino que aclara el procedimiento que los extranjeros nacidos en el pa\u00eds en condici\u00f3n de ilegalidad deben cumplir para obtenerla.<\/p>\n<\/p>\n<p>\u00abNo podemos continuar con decenas o con cientos de miles de personas en un limbo legal, por eso el Tribunal Constitucional da una base legal y ordena al Estado e incluso da plazos a la Junta Central Electoral y a los dem\u00e1s poderes p\u00fablicos para que sometan a esas personas a un plan de regularizaci\u00f3n migratoria y legal\u00bb, interpret\u00f3.<\/p>\n<\/p>\n<p>Cit\u00f3 el caso de la se\u00f1ora Juliana Deguis Pierre que obtuvo sus documentos como se ordena y que por tanto podr\u00e1 aplicar en cinco a\u00f1os a la naturalizaci\u00f3n bajo protecci\u00f3n de la ley dominicana.<\/p>\n<\/p>\n<p>Justific\u00f3 que el pa\u00eds cuenta desde la nueva Constituci\u00f3n de 2010 con un ordenamiento que arrastra continuidades y rupturas, entre las cuales identific\u00f3 la creaci\u00f3n del Tribunal Constitucional.<\/p>\n<\/p>\n<p>Record\u00f3 que en su \u00e1mbito este Tribunal es inapelable y que incluso puede declarar la inconstitucionalidad de resoluciones, de sentencias y de casaciones que dictaminaba antes la Suprema Corte de Justicia a trav\u00e9s de su sala constitucional.<\/p>\n<\/p>\n<p>\u00abEs mandatario, como dijera el consultor jur\u00eddico del Poder Ejecutivo, el doctor C\u00e9sar Pina Toribio\u00bb, sentenci\u00f3. <\/p>\n<\/p>\n<p>Cit\u00f3 que el ordenamiento jur\u00eddico es tan importante que la hija mayor suya nacida en Francia nunca ha tenido posibilidad de adquirir esa nacionalidad, ni casi cinco millones de personas de origen argelino de hasta de tercera generaci\u00f3n en aquella ocasi\u00f3n, pese a que nunca hab\u00edan ido a Argelia. <\/p>\n<h6> 2013-10-17 18:02:13 <\/h6>\n<p><!--\n<link rel=\"stylesheet\" href=\"css\/bootstrap.min.css\">\n\n\n<ul class=\"pagination\">\n\t    \n\t\n\n<li >\n\t<a href='?page_no=14593'>Previous<\/a>\n\t<\/li>\n\n\n       \n    \n\n<li><a href='?page_no=1'>1<\/a><\/li>\n\n\n\n<li><a href='?page_no=2'>2<\/a><\/li>\n\n\n\n<li><a>...<\/a><\/li>\n\n\n\n<li><a href='?page_no=14592'>14592<\/a><\/li>\n\n\n\n<li><a href='?page_no=14593'>14593<\/a><\/li>\n\n\n\n<li class='active'><a>14594<\/a><\/li>\n\n\n\n<li><a href='?page_no=14595'>14595<\/a><\/li>\n\n\n\n<li><a href='?page_no=14596'>14596<\/a><\/li>\n\n\n\n<li><a>...<\/a><\/li>\n\n\n\n<li><a href='?page_no=30472'>30472<\/a><\/li>\n\n\n\n<li><a href='?page_no=30473'>30473<\/a><\/li>\n\n    \n\t\n\n<li >\n\t<a href='?page_no=14595'>Next<\/a>\n\t<\/li>\n\n\n    \n\n<li><a href='?page_no=30473'>Last &rsaquo;&rsaquo;<\/a><\/li>\n\n<\/ul>\n\n\n--><br \/>\n<\/body><\/p>\n","protected":false},"excerpt":{"rendered":"<p>Santo Domingo, RD, 17 de octubre.- Un ex secretario ejecutivo de la Comisi\u00f3n Mixta Bilateral Dom\u00ednico-haitiana considera que aun cuando la decisi\u00f3n del Tribunal Constitucional sobre la inmigraci\u00f3n ilegal haitiana es correcta, la resoluci\u00f3n de ese problema requiere de medidas m\u00e1s econ\u00f3micas y sociales que jur\u00eddicas. Julio Ortega Tous record\u00f3 que el producto interno bruto [&hellip;]<\/p>\n","protected":false},"author":3,"featured_media":0,"comment_status":"open","ping_status":"open","sticky":false,"template":"","format":"standard","meta":{"footnotes":""},"categories":[18],"tags":[],"class_list":["post-99102","post","type-post","status-publish","format-standard","hentry","category-economia"],"_links":{"self":[{"href":"https:\/\/diariodominicano.com\/index.php?rest_route=\/wp\/v2\/posts\/99102","targetHints":{"allow":["GET"]}}],"collection":[{"href":"https:\/\/diariodominicano.com\/index.php?rest_route=\/wp\/v2\/posts"}],"about":[{"href":"https:\/\/diariodominicano.com\/index.php?rest_route=\/wp\/v2\/types\/post"}],"author":[{"embeddable":true,"href":"https:\/\/diariodominicano.com\/index.php?rest_route=\/wp\/v2\/users\/3"}],"replies":[{"embeddable":true,"href":"https:\/\/diariodominicano.com\/index.php?rest_route=%2Fwp%2Fv2%2Fcomments&post=99102"}],"version-history":[{"count":0,"href":"https:\/\/diariodominicano.com\/index.php?rest_route=\/wp\/v2\/posts\/99102\/revisions"}],"wp:attachment":[{"href":"https:\/\/diariodominicano.com\/index.php?rest_route=%2Fwp%2Fv2%2Fmedia&parent=99102"}],"wp:term":[{"taxonomy":"category","embeddable":true,"href":"https:\/\/diariodominicano.com\/index.php?rest_route=%2Fwp%2Fv2%2Fcategories&post=99102"},{"taxonomy":"post_tag","embeddable":true,"href":"https:\/\/diariodominicano.com\/index.php?rest_route=%2Fwp%2Fv2%2Ftags&post=99102"}],"curies":[{"name":"wp","href":"https:\/\/api.w.org\/{rel}","templated":true}]}}