{"id":99101,"date":"2013-10-17T19:02:50","date_gmt":"2013-10-17T19:02:50","guid":{"rendered":"http:\/\/diariodominicano.ddns.net\/?p=99101"},"modified":"2013-10-17T19:02:50","modified_gmt":"2013-10-17T19:02:50","slug":"vicepresidenta-dominicana-insta-a-aumentar-produccion-de-alimentos","status":"publish","type":"post","link":"https:\/\/diariodominicano.com\/?p=99101","title":{"rendered":"Vicepresidenta dominicana insta a aumentar producci\u00f3n de alimentos"},"content":{"rendered":"<p><body><\/p>\n<p><img decoding=\"async\" src=\"img3\/margarita.jpg\" \/>  <\/p>\n<p><span class=\"text1noticias\">Santo Domingo, RD, 17 oct (PL) La vicepresidenta dominicana Margarita Cede\u00f1o exhort\u00f3 hoy a implementar nuevas t\u00e9cnicas con el fin de aumentar la productividad de los terrenos agr\u00edcolas y disponer de mayor cantidad de alimentos.<\/span><\/p>\n<\/p>\n<p><span class=\"text1noticias\">A juicio de la vicemandataria, la eficacia, la calidad y la buena orientaci\u00f3n deben estar presentes en todas las iniciativas dirigidas a garantizar la seguridad alimentaria de este pa\u00eds caribe\u00f1o.<\/span><\/p>\n<\/p>\n<p><span class=\"text1noticias\">En un acto por el D\u00eda Mundial de la Alimentaci\u00f3n, Cede\u00f1o calific\u00f3 de alarmantes e inaceptables las p\u00e9rdidas de productos tras las cosechas por su mal manejo.<\/span><\/p>\n<\/p>\n<p><span class=\"text1noticias\">Resulta necesario producir alimentos sanos, inocuos y nutritivos en cantidad suficiente para combatir el hambre, enfatiz\u00f3.<\/span><\/p>\n<\/p>\n<p><span class=\"text1noticias\">Como embajadora extraordinaria de la Organizaci\u00f3n de las Naciones Unidas para la Alimentaci\u00f3n y la Agricultura (FAO), agreg\u00f3, mantengo el compromiso de propiciar acciones contra el hambre y la pobreza, que son males gemelos, nacen, crecen y se desarrollan juntos.<\/span><\/p>\n<\/p>\n<p><span class=\"text1noticias\">Tambi\u00e9n se refiri\u00f3 a la importancia de educar a la gente sobre el valor nutricional de los alimentos, el uso del agua y la conservaci\u00f3n del medio ambiente.(HG)<\/span>.<\/p>\n<h6> 2013-10-17 19:02:50 <\/h6>\n<p><!--\n<link rel=\"stylesheet\" href=\"css\/bootstrap.min.css\">\n\n\n<ul class=\"pagination\">\n\t    \n\t\n\n<li >\n\t<a href='?page_no=14592'>Previous<\/a>\n\t<\/li>\n\n\n       \n    \n\n<li><a href='?page_no=1'>1<\/a><\/li>\n\n\n\n<li><a href='?page_no=2'>2<\/a><\/li>\n\n\n\n<li><a>...<\/a><\/li>\n\n\n\n<li><a href='?page_no=14591'>14591<\/a><\/li>\n\n\n\n<li><a href='?page_no=14592'>14592<\/a><\/li>\n\n\n\n<li class='active'><a>14593<\/a><\/li>\n\n\n\n<li><a href='?page_no=14594'>14594<\/a><\/li>\n\n\n\n<li><a href='?page_no=14595'>14595<\/a><\/li>\n\n\n\n<li><a>...<\/a><\/li>\n\n\n\n<li><a href='?page_no=30472'>30472<\/a><\/li>\n\n\n\n<li><a href='?page_no=30473'>30473<\/a><\/li>\n\n    \n\t\n\n<li >\n\t<a href='?page_no=14594'>Next<\/a>\n\t<\/li>\n\n\n    \n\n<li><a href='?page_no=30473'>Last &rsaquo;&rsaquo;<\/a><\/li>\n\n<\/ul>\n\n\n--><br \/>\n<\/body><\/p>\n","protected":false},"excerpt":{"rendered":"<p>Santo Domingo, RD, 17 oct (PL) La vicepresidenta dominicana Margarita Cede\u00f1o exhort\u00f3 hoy a implementar nuevas t\u00e9cnicas con el fin de aumentar la productividad de los terrenos agr\u00edcolas y disponer de mayor cantidad de alimentos. A juicio de la vicemandataria, la eficacia, la calidad y la buena orientaci\u00f3n deben estar presentes en todas las iniciativas [&hellip;]<\/p>\n","protected":false},"author":3,"featured_media":0,"comment_status":"open","ping_status":"open","sticky":false,"template":"","format":"standard","meta":{"footnotes":""},"categories":[18],"tags":[],"class_list":["post-99101","post","type-post","status-publish","format-standard","hentry","category-economia"],"_links":{"self":[{"href":"https:\/\/diariodominicano.com\/index.php?rest_route=\/wp\/v2\/posts\/99101","targetHints":{"allow":["GET"]}}],"collection":[{"href":"https:\/\/diariodominicano.com\/index.php?rest_route=\/wp\/v2\/posts"}],"about":[{"href":"https:\/\/diariodominicano.com\/index.php?rest_route=\/wp\/v2\/types\/post"}],"author":[{"embeddable":true,"href":"https:\/\/diariodominicano.com\/index.php?rest_route=\/wp\/v2\/users\/3"}],"replies":[{"embeddable":true,"href":"https:\/\/diariodominicano.com\/index.php?rest_route=%2Fwp%2Fv2%2Fcomments&post=99101"}],"version-history":[{"count":0,"href":"https:\/\/diariodominicano.com\/index.php?rest_route=\/wp\/v2\/posts\/99101\/revisions"}],"wp:attachment":[{"href":"https:\/\/diariodominicano.com\/index.php?rest_route=%2Fwp%2Fv2%2Fmedia&parent=99101"}],"wp:term":[{"taxonomy":"category","embeddable":true,"href":"https:\/\/diariodominicano.com\/index.php?rest_route=%2Fwp%2Fv2%2Fcategories&post=99101"},{"taxonomy":"post_tag","embeddable":true,"href":"https:\/\/diariodominicano.com\/index.php?rest_route=%2Fwp%2Fv2%2Ftags&post=99101"}],"curies":[{"name":"wp","href":"https:\/\/api.w.org\/{rel}","templated":true}]}}